

{"id":716849,"date":"2026-03-02T10:24:51","date_gmt":"2026-03-02T13:24:51","guid":{"rendered":"https:\/\/goias.gov.br\/saude\/?p=716849"},"modified":"2026-03-02T10:34:27","modified_gmt":"2026-03-02T13:34:27","slug":"hospital-estadual-de-aguas-linda-realiza-primeira-captacao-de-orgaos-da-unidade","status":"publish","type":"post","link":"https:\/\/goias.gov.br\/saude\/hospital-estadual-de-aguas-linda-realiza-primeira-captacao-de-orgaos-da-unidade\/","title":{"rendered":"Hospital Estadual de \u00c1guas Lindas realiza  primeira capta\u00e7\u00e3o de \u00f3rg\u00e3os na unidade"},"content":{"rendered":"\n<p class=\"has-text-align-center\"><strong>F\u00edgado, cora\u00e7\u00e3o e rins s\u00e3o captados em procedimento que envolveu integra\u00e7\u00e3o t\u00e9cnica, apoio operacional e decis\u00e3o solid\u00e1ria da fam\u00edlia de doador de 9 anos de idade <\/strong><\/p>\n\n\n\n<!--more-->\n\n\n\n<figure class=\"wp-block-image size-large\"><img fetchpriority=\"high\" decoding=\"async\" width=\"3024\" height=\"2268\" src=\"https:\/\/goias.gov.br\/saude\/wp-content\/uploads\/sites\/34\/2026\/03\/020326-heal-captacao-orgaos-edited.webp\" alt=\"\" class=\"wp-image-716880\" srcset=\"https:\/\/goias.gov.br\/saude\/wp-content\/uploads\/sites\/34\/2026\/03\/020326-heal-captacao-orgaos-edited.webp 3024w, https:\/\/goias.gov.br\/saude\/wp-content\/uploads\/sites\/34\/2026\/03\/020326-heal-captacao-orgaos-edited-300x225.webp 300w, https:\/\/goias.gov.br\/saude\/wp-content\/uploads\/sites\/34\/2026\/03\/020326-heal-captacao-orgaos-edited-1024x768.webp 1024w, https:\/\/goias.gov.br\/saude\/wp-content\/uploads\/sites\/34\/2026\/03\/020326-heal-captacao-orgaos-edited-768x576.webp 768w, https:\/\/goias.gov.br\/saude\/wp-content\/uploads\/sites\/34\/2026\/03\/020326-heal-captacao-orgaos-edited-1536x1152.webp 1536w, https:\/\/goias.gov.br\/saude\/wp-content\/uploads\/sites\/34\/2026\/03\/020326-heal-captacao-orgaos-edited-2048x1536.webp 2048w, https:\/\/goias.gov.br\/saude\/wp-content\/uploads\/sites\/34\/2026\/03\/020326-heal-captacao-orgaos-edited-600x450.webp 600w\" sizes=\"(max-width: 3024px) 100vw, 3024px\" \/><figcaption class=\"wp-element-caption\"><em>Equipe m\u00e9dica durante a primeira capta\u00e7\u00e3o de \u00f3rg\u00e3os na unidade do Governo de Goi\u00e1s <\/em><\/figcaption><\/figure>\n\n\n\n<p>O Hospital Estadual de \u00c1guas Lindas de Goi\u00e1s Ronaldo Ramos Caiado Filho (HEAL) realizou, no s\u00e1bado (28\/02), a primeira capta\u00e7\u00e3o de \u00f3rg\u00e3os da unidade desde o in\u00edcio de suas atividades. O doador \u00e9 uma crian\u00e7a de 9 anos com diagn\u00f3stico confirmado de morte encef\u00e1lica, conforme protocolo cl\u00ednico estabelecido pelo Minist\u00e9rio da Sa\u00fade.<\/p>\n\n\n\n<p>Foram captados no procedimento realizado na unidade do Governo de Goi\u00e1s no munic\u00edpio do Entorno do Distrito Federal o f\u00edgado, cora\u00e7\u00e3o e os rins. O f\u00edgado foi destinado a um receptor no munic\u00edpio de Bel\u00e9m. J\u00e1 o cora\u00e7\u00e3o e os rins foram encaminhados para S\u00e3o Paulo.<\/p>\n\n\n\n<p>A log\u00edstica de transporte contou com o apoio do Corpo de Bombeiros Militar do Estado de Goi\u00e1s, respons\u00e1vel pela escolta e agilidade no deslocamento da equipe e dos \u00f3rg\u00e3os, garantindo seguran\u00e7a e redu\u00e7\u00e3o do tempo de isquemia.<\/p>\n\n\n\n<p>Durante todo o processo, a fam\u00edlia recebeu acompanhamento da equipe multiprofissional do Heal, com atua\u00e7\u00e3o direta da psicologia e do servi\u00e7o social, assegurando acolhimento, suporte emocional e orienta\u00e7\u00e3o em todas as etapas.<\/p>\n\n\n\n<p><strong>Integra\u00e7\u00e3o entre equipes<\/strong><br>De acordo com o diretor-geral do hospital, Nilmar Lopes, a capta\u00e7\u00e3o exige integra\u00e7\u00e3o entre as equipes assistenciais, rigor no cumprimento dos protocolos, agilidade na condu\u00e7\u00e3o dos processos e, sobretudo, sensibilidade no acolhimento.<\/p>\n\n\n\n<p>\u201cNada disso seria poss\u00edvel sem a autoriza\u00e7\u00e3o da fam\u00edlia. O \u2018sim\u2019, mesmo em um momento de dor profunda, transforma o luto em esperan\u00e7a e possibilita que outras vidas sejam salvas. Nosso compromisso \u00e9 conduzir cada etapa com respeito, \u00e9tica e responsabilidade\u201d, destacou.<\/p>\n\n\n\n<p>O diretor t\u00e9cnico do Heal, Dr. Daniel Rezende, tamb\u00e9m enfatizou o significado institucional da primeira capta\u00e7\u00e3o de \u00f3rg\u00e3os. \u201cHoje demos um passo importante para nos tornarmos part\u00edcipes da capta\u00e7\u00e3o de \u00f3rg\u00e3os no Estado de Goi\u00e1s&#8221;, destacou.<\/p>\n\n\n\n<p>&#8220;O procedimento contou com a empatia e a compreens\u00e3o da fam\u00edlia da paciente doadora, com acolhimento e respeito a um momento de profundo significado, al\u00e9m do trabalho dos m\u00e9dicos, de uma equipe multiprofissional altamente capacitada, de log\u00edstica bem coordenada e da integra\u00e7\u00e3o entre as equipes envolvidas. Assim, refor\u00e7amos o compromisso do Hospital Estadual de \u00c1guas Lindas com a vida, a \u00e9tica e a solidariedade\u201d, concluiu.<\/p>\n\n\n\n<p>H\u00e9lmiton Prateado (texto e foto)\/HTMJ<\/p>\n","protected":false},"excerpt":{"rendered":"<p>F\u00edgado, cora\u00e7\u00e3o e rins s\u00e3o captados em procedimento que envolveu integra\u00e7\u00e3o t\u00e9cnica, apoio operacional e decis\u00e3o solid\u00e1ria da fam\u00edlia de doador de 9 anos de idade <\/p>\n","protected":false},"author":165,"featured_media":716880,"comment_status":"closed","ping_status":"open","sticky":false,"template":"","format":"standard","meta":{"footnotes":""},"categories":[3],"tags":[228],"class_list":["post-716849","post","type-post","status-publish","format-standard","has-post-thumbnail","hentry","category-noticias","tag-doacao-de-orgaos"],"rttpg_featured_image_url":{"full":["https:\/\/goias.gov.br\/saude\/wp-content\/uploads\/sites\/34\/2026\/03\/020326-heal-captacao-orgaos-edited.webp",3024,2268,false],"landscape":["https:\/\/goias.gov.br\/saude\/wp-content\/uploads\/sites\/34\/2026\/03\/020326-heal-captacao-orgaos-edited.webp",3024,2268,false],"portraits":["https:\/\/goias.gov.br\/saude\/wp-content\/uploads\/sites\/34\/2026\/03\/020326-heal-captacao-orgaos-edited.webp",3024,2268,false],"thumbnail":["https:\/\/goias.gov.br\/saude\/wp-content\/uploads\/sites\/34\/2026\/03\/020326-heal-captacao-orgaos-edited-150x150.webp",150,150,true],"medium":["https:\/\/goias.gov.br\/saude\/wp-content\/uploads\/sites\/34\/2026\/03\/020326-heal-captacao-orgaos-edited-300x225.webp",300,225,true],"large":["https:\/\/goias.gov.br\/saude\/wp-content\/uploads\/sites\/34\/2026\/03\/020326-heal-captacao-orgaos-edited-1024x768.webp",1024,768,true],"1536x1536":["https:\/\/goias.gov.br\/saude\/wp-content\/uploads\/sites\/34\/2026\/03\/020326-heal-captacao-orgaos-edited-1536x1152.webp",1536,1152,true],"2048x2048":["https:\/\/goias.gov.br\/saude\/wp-content\/uploads\/sites\/34\/2026\/03\/020326-heal-captacao-orgaos-edited-2048x1536.webp",2048,1536,true]},"rttpg_author":{"display_name":"ricardocruz","author_link":"https:\/\/goias.gov.br\/saude\/author\/ricardocruz\/"},"rttpg_comment":0,"rttpg_category":"<a href=\"https:\/\/goias.gov.br\/saude\/categoria\/noticias\/\" rel=\"category tag\">Not\u00edcias<\/a>","rttpg_excerpt":"F\u00edgado, cora\u00e7\u00e3o e rins s\u00e3o captados em procedimento que envolveu integra\u00e7\u00e3o t\u00e9cnica, apoio operacional e decis\u00e3o solid\u00e1ria da fam\u00edlia de doador de 9 anos de idade","_links":{"self":[{"href":"https:\/\/goias.gov.br\/saude\/wp-json\/wp\/v2\/posts\/716849","targetHints":{"allow":["GET"]}}],"collection":[{"href":"https:\/\/goias.gov.br\/saude\/wp-json\/wp\/v2\/posts"}],"about":[{"href":"https:\/\/goias.gov.br\/saude\/wp-json\/wp\/v2\/types\/post"}],"author":[{"embeddable":true,"href":"https:\/\/goias.gov.br\/saude\/wp-json\/wp\/v2\/users\/165"}],"replies":[{"embeddable":true,"href":"https:\/\/goias.gov.br\/saude\/wp-json\/wp\/v2\/comments?post=716849"}],"version-history":[{"count":2,"href":"https:\/\/goias.gov.br\/saude\/wp-json\/wp\/v2\/posts\/716849\/revisions"}],"predecessor-version":[{"id":717401,"href":"https:\/\/goias.gov.br\/saude\/wp-json\/wp\/v2\/posts\/716849\/revisions\/717401"}],"wp:featuredmedia":[{"embeddable":true,"href":"https:\/\/goias.gov.br\/saude\/wp-json\/wp\/v2\/media\/716880"}],"wp:attachment":[{"href":"https:\/\/goias.gov.br\/saude\/wp-json\/wp\/v2\/media?parent=716849"}],"wp:term":[{"taxonomy":"category","embeddable":true,"href":"https:\/\/goias.gov.br\/saude\/wp-json\/wp\/v2\/categories?post=716849"},{"taxonomy":"post_tag","embeddable":true,"href":"https:\/\/goias.gov.br\/saude\/wp-json\/wp\/v2\/tags?post=716849"}],"curies":[{"name":"wp","href":"https:\/\/api.w.org\/{rel}","templated":true}]}}