

{"id":715,"date":"2019-03-26T15:15:57","date_gmt":"2019-03-26T18:15:57","guid":{"rendered":"https:\/\/siteshom.goias.gov.br\/saude\/modelo-de-gestao-de-hospitais-e-tema-de-evento-em-brasilia\/"},"modified":"2019-03-26T15:15:57","modified_gmt":"2019-03-26T18:15:57","slug":"modelo-de-gestao-de-hospitais-e-tema-de-evento-em-brasilia","status":"publish","type":"post","link":"https:\/\/goias.gov.br\/saude\/modelo-de-gestao-de-hospitais-e-tema-de-evento-em-brasilia\/","title":{"rendered":"Modelo de gest\u00e3o de hospitais \u00e9 tema de evento em Bras\u00edlia"},"content":{"rendered":"<p><em>Ismael Alexandrino participou de painel promovido pelo Hospital das For\u00e7as Armadas. Em seu pronunciamento, ele afirmou que Sa\u00fade deve ser vista de forma interligada em um sistema, o SUS<\/em><\/p>\n<p>O secret\u00e1rio de Estado da Sa\u00fade de Goi\u00e1s, Ismael Alexandrino, participou nesta ter\u00e7a-feira, 26, do Painel sobre Modelos de Gest\u00e3o de Hospitais, promovido pelo Hospital das For\u00e7as Armadas (HFA), em Bras\u00edlia. O convite para ministrar a palestra se deu em raz\u00e3o da larga experi\u00eancia em diferentes modelos de gest\u00e3o de sa\u00fade. O atual titular da Secretaria de Estado da Sa\u00fade de Goi\u00e1s (SES-GO) j\u00e1 esteve \u00e0 frente do Instituto Hospital de Base.<\/p>\n<p>Gestores de sa\u00fade de Bras\u00edlia, do Rio de Janeiro, S\u00e3o Paulo e Goi\u00e1s, representado pelo secret\u00e1rio Ismael, participaram do encontro. Com o tema central sobre as perspectivas atuais e futuras do cen\u00e1rio da sa\u00fade e suas implica\u00e7\u00f5es para o HFA e guarni\u00e7\u00e3o de Bras\u00edlia, o evento debateu a constru\u00e7\u00e3o de um novo modelo de gest\u00e3o para a unidade, levando-se em considera\u00e7\u00e3o a melhoria do sistema militar como um todo.<\/p>\n<p>Ao abrir o evento, o comandante log\u00edstico do HFA, general Rui Yutaka Matsuda, apontou a necessidade de se rever o modelo de gest\u00e3o do hospital, que n\u00e3o est\u00e1 sendo utilizada em sua capacidade plena. Em seu pronunciamento, o secret\u00e1rio de Estado da Sa\u00fade de Goi\u00e1s assinalou que nenhuma unidade de sa\u00fade pode ser vista de forma isolada. Ele destacou que a sa\u00fade, em todos os setores, est\u00e1 interligada em prol do Sistema \u00danico de Sa\u00fade (SUS).<\/p>\n<p>Alexandrino explicou que o modelo de gest\u00e3o adotado no Instituto Hospital de Base, o Servi\u00e7o Social Aut\u00f4nomo (SSA), permite maior autonomia para a agilidade de a\u00e7\u00f5es, tal como o modelo de gest\u00e3o por Organiza\u00e7\u00f5es Sociais (OSs). Com estatuto e regimentos internos pr\u00f3prios, o SSA \u00e9 p\u00fablico com regime jur\u00eddico privado, seguindo regras pr\u00f3prias sob os princ\u00edpios constitucionais na gest\u00e3o de bens e servi\u00e7os. Ele acentuou que n\u00e3o existe modelo de gest\u00e3o perfeito. \u201c\u00c9 preciso avaliar as necessidades da gest\u00e3o e o perfil dos servi\u00e7os, voca\u00e7\u00e3o do hospital, p\u00fablico e financiamento\u201d, enfatizou.<\/p>\n<p><em>Maria Jos\u00e9 (texto) e Erus Jhenner (fotos), da Comunica\u00e7\u00e3o Setorial<\/em><\/p>\n<p>&nbsp;<\/p>\n<p><img fetchpriority=\"high\" decoding=\"async\" class=\"alignleft size-large wp-image-23816\" src=\"https:\/\/goias.gov.br\/saude\/wp-content\/uploads\/sites\/34\/images\/imagens_migradas\/2019\/03\/20190326150634_img_7865-1024x683.jpg\" alt=\"\" width=\"1024\" height=\"683\" \/><img decoding=\"async\" class=\"alignleft size-large wp-image-23817\" src=\"https:\/\/goias.gov.br\/saude\/wp-content\/uploads\/sites\/34\/images\/imagens_migradas\/2019\/03\/20190326145846_img_7845-1024x683.jpg\" alt=\"\" width=\"1024\" height=\"683\" \/><\/p>\n<p>&nbsp;<\/p>\n","protected":false},"excerpt":{"rendered":"<p>Ismael Alexandrino participou de painel promovido pelo Hospital das For\u00e7as Armadas. Em seu pronunciamento, ele afirmou que Sa\u00fade deve ser vista de forma interligada em um sistema, o SUS O secret\u00e1rio de Estado da Sa\u00fade de Goi\u00e1s, Ismael Alexandrino, participou nesta ter\u00e7a-feira, 26, do Painel sobre Modelos de Gest\u00e3o de Hospitais, promovido pelo Hospital das [&hellip;]<\/p>\n","protected":false},"author":46,"featured_media":0,"comment_status":"closed","ping_status":"open","sticky":false,"template":"","format":"standard","meta":{"footnotes":""},"categories":[3],"tags":[],"class_list":["post-715","post","type-post","status-publish","format-standard","hentry","category-noticias"],"rttpg_featured_image_url":null,"rttpg_author":{"display_name":"cleybetsls","author_link":"https:\/\/goias.gov.br\/saude\/author\/cleybetsls\/"},"rttpg_comment":0,"rttpg_category":"<a href=\"https:\/\/goias.gov.br\/saude\/categoria\/noticias\/\" rel=\"category tag\">Not\u00edcias<\/a>","rttpg_excerpt":"Ismael Alexandrino participou de painel promovido pelo Hospital das For\u00e7as Armadas. Em seu pronunciamento, ele afirmou que Sa\u00fade deve ser vista de forma interligada em um sistema, o SUS O secret\u00e1rio de Estado da Sa\u00fade de Goi\u00e1s, Ismael Alexandrino, participou nesta ter\u00e7a-feira, 26, do Painel sobre Modelos de Gest\u00e3o de Hospitais, promovido pelo Hospital das&hellip;","_links":{"self":[{"href":"https:\/\/goias.gov.br\/saude\/wp-json\/wp\/v2\/posts\/715","targetHints":{"allow":["GET"]}}],"collection":[{"href":"https:\/\/goias.gov.br\/saude\/wp-json\/wp\/v2\/posts"}],"about":[{"href":"https:\/\/goias.gov.br\/saude\/wp-json\/wp\/v2\/types\/post"}],"author":[{"embeddable":true,"href":"https:\/\/goias.gov.br\/saude\/wp-json\/wp\/v2\/users\/46"}],"replies":[{"embeddable":true,"href":"https:\/\/goias.gov.br\/saude\/wp-json\/wp\/v2\/comments?post=715"}],"version-history":[{"count":0,"href":"https:\/\/goias.gov.br\/saude\/wp-json\/wp\/v2\/posts\/715\/revisions"}],"wp:attachment":[{"href":"https:\/\/goias.gov.br\/saude\/wp-json\/wp\/v2\/media?parent=715"}],"wp:term":[{"taxonomy":"category","embeddable":true,"href":"https:\/\/goias.gov.br\/saude\/wp-json\/wp\/v2\/categories?post=715"},{"taxonomy":"post_tag","embeddable":true,"href":"https:\/\/goias.gov.br\/saude\/wp-json\/wp\/v2\/tags?post=715"}],"curies":[{"name":"wp","href":"https:\/\/api.w.org\/{rel}","templated":true}]}}