

{"id":713,"date":"2019-03-27T09:29:35","date_gmt":"2019-03-27T12:29:35","guid":{"rendered":"https:\/\/siteshom.goias.gov.br\/saude\/geed-convida-para-3a-corrida-antidrogas-de-damolandia\/"},"modified":"2019-03-27T09:29:35","modified_gmt":"2019-03-27T12:29:35","slug":"geed-convida-para-3a-corrida-antidrogas-de-damolandia","status":"publish","type":"post","link":"https:\/\/goias.gov.br\/saude\/geed-convida-para-3a-corrida-antidrogas-de-damolandia\/","title":{"rendered":"SES-GO participa de Corrida Antidrogas em Damol\u00e2ndia"},"content":{"rendered":"<p><em>Evento realizado pela Secretaria Municipal de Cidadania e Antidrogas tem apoio do Grupo Executivo de Enfrentamento \u00e0s Drogas, da Secretaria de Estado da Sa\u00fade de Goi\u00e1s<\/em><\/p>\n<p>O Grupo Executivo de Enfrentamento \u00e0s Drogas (Geed), da Secretaria de Estado da Sa\u00fade de Goi\u00e1s (SES-GO), estar\u00e1 presente na terceira edi\u00e7\u00e3o da Corrida Antidrogas que ser\u00e1 realizada no s\u00e1bado, 30, \u00e0s 8h30, no munic\u00edpio de Damol\u00e2ndia, localizado a 64 km da Capital.<\/p>\n<p>O evento \u00e9 promovido pela Secretaria Municipal de Cidadania e Antidrogas de Damol\u00e2ndia, com o apoio do Geed. As inscri\u00e7\u00f5es podem ser feitas at\u00e9 sexta-feira, 29, pelos telefones (62) 99200-3757 ou 99546-7252.<\/p>\n<p>Os organizadores preveem que cerca de 200 pessoas participem da corrida, cuja largada ser\u00e1 dada na quadra Maria Eug\u00eania Pessoa Borges, em frente \u00e0 Rodovi\u00e1ria Municipal. O percurso da prova \u00e9 de 8 km para homens e 4 km para mulheres, com premia\u00e7\u00e3o para os tr\u00eas primeiros que conquistarem vaga no p\u00f3dio.<\/p>\n<p>A psic\u00f3loga e diretora-geral do Geed, Candice de Castro, convida a popula\u00e7\u00e3o para se inscrever na corrida e ressalta que ser\u00e1 uma oportunidade para divulgar as a\u00e7\u00f5es realizadas pelo Geed. \u201cSer\u00e1 um momento importante para que a popula\u00e7\u00e3o saiba o que \u00e9 o Geed e conhe\u00e7a as pol\u00edticas p\u00fablicas da Secretaria de Estado da Sa\u00fade de Goi\u00e1s na preven\u00e7\u00e3o e combate \u00e0s drogas\u201d, lembra.<\/p>\n<p>O evento tem como objetivo conscientizar as pessoas sobre a import\u00e2ncia da pr\u00e1tica esportiva para a sa\u00fade e os perigos do uso de entorpecentes na vida das pessoas.<\/p>\n<p><b>SERVI\u00c7O<\/b><\/p>\n<p>Evento: 3\u00b0 Corrida Antidrogas de Damol\u00e2ndia<\/p>\n<p>Data: 30\/03\/2019<\/p>\n<p>Hor\u00e1rio: \u00c0s 8h30<\/p>\n<p>Local: Quadra Maria Eug\u00eania Pessoa Borges (em frente \u00e0 Rodovi\u00e1ria Municipal), Damol\u00e2ndia &#8211; GO.<\/p>\n<p><em>Felipe Cordeiro, da Comunica\u00e7\u00e3o Setorial<\/em><\/p>\n<p><em><strong>Foto:<\/strong> Cl\u00f3vis Neto<\/em><\/p>\n","protected":false},"excerpt":{"rendered":"<p>Evento realizado pela Secretaria Municipal de Cidadania e Antidrogas tem apoio do Grupo Executivo de Enfrentamento \u00e0s Drogas, da Secretaria de Estado da Sa\u00fade de Goi\u00e1s O Grupo Executivo de Enfrentamento \u00e0s Drogas (Geed), da Secretaria de Estado da Sa\u00fade de Goi\u00e1s (SES-GO), estar\u00e1 presente na terceira edi\u00e7\u00e3o da Corrida Antidrogas que ser\u00e1 realizada no [&hellip;]<\/p>\n","protected":false},"author":46,"featured_media":0,"comment_status":"closed","ping_status":"open","sticky":false,"template":"","format":"standard","meta":{"footnotes":""},"categories":[3],"tags":[],"class_list":["post-713","post","type-post","status-publish","format-standard","hentry","category-noticias"],"rttpg_featured_image_url":null,"rttpg_author":{"display_name":"cleybetsls","author_link":"https:\/\/goias.gov.br\/saude\/author\/cleybetsls\/"},"rttpg_comment":0,"rttpg_category":"<a href=\"https:\/\/goias.gov.br\/saude\/categoria\/noticias\/\" rel=\"category tag\">Not\u00edcias<\/a>","rttpg_excerpt":"Evento realizado pela Secretaria Municipal de Cidadania e Antidrogas tem apoio do Grupo Executivo de Enfrentamento \u00e0s Drogas, da Secretaria de Estado da Sa\u00fade de Goi\u00e1s O Grupo Executivo de Enfrentamento \u00e0s Drogas (Geed), da Secretaria de Estado da Sa\u00fade de Goi\u00e1s (SES-GO), estar\u00e1 presente na terceira edi\u00e7\u00e3o da Corrida Antidrogas que ser\u00e1 realizada no&hellip;","_links":{"self":[{"href":"https:\/\/goias.gov.br\/saude\/wp-json\/wp\/v2\/posts\/713","targetHints":{"allow":["GET"]}}],"collection":[{"href":"https:\/\/goias.gov.br\/saude\/wp-json\/wp\/v2\/posts"}],"about":[{"href":"https:\/\/goias.gov.br\/saude\/wp-json\/wp\/v2\/types\/post"}],"author":[{"embeddable":true,"href":"https:\/\/goias.gov.br\/saude\/wp-json\/wp\/v2\/users\/46"}],"replies":[{"embeddable":true,"href":"https:\/\/goias.gov.br\/saude\/wp-json\/wp\/v2\/comments?post=713"}],"version-history":[{"count":0,"href":"https:\/\/goias.gov.br\/saude\/wp-json\/wp\/v2\/posts\/713\/revisions"}],"wp:attachment":[{"href":"https:\/\/goias.gov.br\/saude\/wp-json\/wp\/v2\/media?parent=713"}],"wp:term":[{"taxonomy":"category","embeddable":true,"href":"https:\/\/goias.gov.br\/saude\/wp-json\/wp\/v2\/categories?post=713"},{"taxonomy":"post_tag","embeddable":true,"href":"https:\/\/goias.gov.br\/saude\/wp-json\/wp\/v2\/tags?post=713"}],"curies":[{"name":"wp","href":"https:\/\/api.w.org\/{rel}","templated":true}]}}