

{"id":710088,"date":"2026-02-24T11:27:58","date_gmt":"2026-02-24T14:27:58","guid":{"rendered":"https:\/\/goias.gov.br\/saude\/?p=710088"},"modified":"2026-02-24T11:27:58","modified_gmt":"2026-02-24T14:27:58","slug":"aviso-de-republicacao-do-p-e-n-o-34-2026","status":"publish","type":"post","link":"https:\/\/goias.gov.br\/saude\/aviso-de-republicacao-do-p-e-n-o-34-2026\/","title":{"rendered":"Aviso de Republica\u00e7\u00e3o do P.E. n.\u00ba 34\/2026"},"content":{"rendered":"\n<p><strong>A SECRETARIA DE ESTADO DA SA\u00daDE\/SES\/GO <\/strong>torna p\u00fablico aos interessados que a do <strong>Preg\u00e3o Eletr\u00f4nico n\u00ba 34\/2026<\/strong> <strong>SISLOG:<\/strong><strong> <\/strong><strong>Contrata\u00e7\u00e3o <\/strong><strong>1<\/strong><strong>18366, processo SEI: 202600005000793, <\/strong><strong>O<\/strong><strong>bjeto<\/strong><strong>: <\/strong><strong>Registro de pre\u00e7os para aquisi\u00e7\u00e3o de Ve\u00edculos SEDAN, destinados \u00e0 Rede Renascer &#8211; Programa Goi\u00e1s Crescimento<\/strong><strong>, cuja abertura da sess\u00e3o p\u00fablica estava<\/strong> marcada para 27\/02\/2026 \u00e0s 09:00 h, fica adiada para 11\/03\/2026 \u00e0s 09:00 h. O adiamento ocorreu devido ao acatamento de Pedido de Esclarecimento. Demais informa\u00e7\u00f5es permanecem inalteradas e est\u00e3o \u00e0 disposi\u00e7\u00e3o dos interessados na Ger\u00eancia de Licita\u00e7\u00f5es da SES\/GO e no site: https:\/\/sislog.go.gov.br\/<\/p>\n\n\n\n<p>Goi\u00e2nia\/GO, 23 de fevereiro de 2026.<\/p>\n\n\n\n<p>Natal de Castro \u2013 Gerente da Ger\u00eancia de Licita\u00e7\u00f5es\/SES-GO<\/p>\n","protected":false},"excerpt":{"rendered":"<p>A SECRETARIA DE ESTADO DA SA\u00daDE\/SES\/GO torna p\u00fablico aos interessados que a do Preg\u00e3o Eletr\u00f4nico n\u00ba 34\/2026 SISLOG: Contrata\u00e7\u00e3o 118366, processo SEI: 202600005000793, Objeto: Registro de pre\u00e7os para aquisi\u00e7\u00e3o de Ve\u00edculos SEDAN, destinados \u00e0 Rede Renascer &#8211; Programa Goi\u00e1s Crescimento, cuja abertura da sess\u00e3o p\u00fablica estava marcada para 27\/02\/2026 \u00e0s 09:00 h, fica adiada para [&hellip;]<\/p>\n","protected":false},"author":164,"featured_media":0,"comment_status":"closed","ping_status":"open","sticky":false,"template":"","format":"standard","meta":{"footnotes":""},"categories":[501],"tags":[],"class_list":["post-710088","post","type-post","status-publish","format-standard","hentry","category-pregao-eletronico-2026"],"rttpg_featured_image_url":null,"rttpg_author":{"display_name":"isabelamelo","author_link":"https:\/\/goias.gov.br\/saude\/author\/isabelamelo\/"},"rttpg_comment":0,"rttpg_category":"<a href=\"https:\/\/goias.gov.br\/saude\/categoria\/prestacao-de-contas\/licitacoes\/pregao-eletronico-2026\/\" rel=\"category tag\">Preg\u00e3o Eletr\u00f4nico 2026<\/a>","rttpg_excerpt":"A SECRETARIA DE ESTADO DA SA\u00daDE\/SES\/GO torna p\u00fablico aos interessados que a do Preg\u00e3o Eletr\u00f4nico n\u00ba 34\/2026 SISLOG: Contrata\u00e7\u00e3o 118366, processo SEI: 202600005000793, Objeto: Registro de pre\u00e7os para aquisi\u00e7\u00e3o de Ve\u00edculos SEDAN, destinados \u00e0 Rede Renascer &#8211; Programa Goi\u00e1s Crescimento, cuja abertura da sess\u00e3o p\u00fablica estava marcada para 27\/02\/2026 \u00e0s 09:00 h, fica adiada para&hellip;","_links":{"self":[{"href":"https:\/\/goias.gov.br\/saude\/wp-json\/wp\/v2\/posts\/710088","targetHints":{"allow":["GET"]}}],"collection":[{"href":"https:\/\/goias.gov.br\/saude\/wp-json\/wp\/v2\/posts"}],"about":[{"href":"https:\/\/goias.gov.br\/saude\/wp-json\/wp\/v2\/types\/post"}],"author":[{"embeddable":true,"href":"https:\/\/goias.gov.br\/saude\/wp-json\/wp\/v2\/users\/164"}],"replies":[{"embeddable":true,"href":"https:\/\/goias.gov.br\/saude\/wp-json\/wp\/v2\/comments?post=710088"}],"version-history":[{"count":1,"href":"https:\/\/goias.gov.br\/saude\/wp-json\/wp\/v2\/posts\/710088\/revisions"}],"predecessor-version":[{"id":710387,"href":"https:\/\/goias.gov.br\/saude\/wp-json\/wp\/v2\/posts\/710088\/revisions\/710387"}],"wp:attachment":[{"href":"https:\/\/goias.gov.br\/saude\/wp-json\/wp\/v2\/media?parent=710088"}],"wp:term":[{"taxonomy":"category","embeddable":true,"href":"https:\/\/goias.gov.br\/saude\/wp-json\/wp\/v2\/categories?post=710088"},{"taxonomy":"post_tag","embeddable":true,"href":"https:\/\/goias.gov.br\/saude\/wp-json\/wp\/v2\/tags?post=710088"}],"curies":[{"name":"wp","href":"https:\/\/api.w.org\/{rel}","templated":true}]}}