

{"id":702121,"date":"2026-02-12T08:58:58","date_gmt":"2026-02-12T11:58:58","guid":{"rendered":"https:\/\/goias.gov.br\/saude\/?p=702121"},"modified":"2026-02-23T16:21:34","modified_gmt":"2026-02-23T19:21:34","slug":"conselho-estadual-de-saude-resolucoes","status":"publish","type":"post","link":"https:\/\/goias.gov.br\/saude\/conselho-estadual-de-saude-resolucoes\/","title":{"rendered":"Conselho Estadual de Sa\u00fade &#8211; Resolu\u00e7\u00f5es"},"content":{"rendered":"\n<p>2026<\/p>\n\n\n\n<ul class=\"wp-block-list\">\n<li><a href=\"https:\/\/goias.gov.br\/saude\/wp-content\/uploads\/sites\/34\/conselho\/legislacao\/resolucoes\/2026\/RESOLUC%CC%A7A%CC%83O%20N%C2%BA%2048.2026%20-%20RAG%202022.pdf\" target=\"_blank\" rel=\"noreferrer noopener\">Resolu\u00e7\u00e3o n\u00ba 48.2026<\/a> &#8211; Disp\u00f5e sobre o Relat\u00f3rio Anual de Gest\u00e3o de 2022 (RAG 2022), da Secretaria Estadual de Goi\u00e1s<\/li>\n\n\n\n<li><a href=\"https:\/\/goias.gov.br\/saude\/wp-content\/uploads\/sites\/34\/conselho\/legislacao\/resolucoes\/2026\/RESOLUC%CC%A7A%CC%83O%20N%C2%BA%2047.2026%20-%20RAG%202021.pdf\" target=\"_blank\" rel=\"noreferrer noopener\">Resolu\u00e7\u00e3o n\u00ba 47.2026<\/a> &#8211; Disp\u00f5e sobre o Relat\u00f3rio Anual de Gest\u00e3o de 2021 (RAG 2021), da Secretaria Estadual de Goi\u00e1s<\/li>\n\n\n\n<li><a href=\"https:\/\/goias.gov.br\/saude\/wp-content\/uploads\/sites\/34\/conselho\/legislacao\/resolucoes\/2026\/RESOLU%C3%87%C3%83O%20N%C2%BA%2046.2026%20-ALTERA%C3%87%C3%83O%20DO%20PERIODO%20DE%20REALIZA%C3%87%C3%83O%20DAS%20ETAPAS%20MUNICIPAIS.pdf\" target=\"_blank\" rel=\"noreferrer noopener\">Resolu\u00e7\u00e3o n\u00ba 46.2026<\/a> &#8211; Altera\u00e7\u00e3o do per\u00edodo de realiza\u00e7\u00e3o das etapas municipais<\/li>\n\n\n\n<li><a href=\"https:\/\/goias.gov.br\/saude\/wp-content\/uploads\/sites\/34\/conselho\/legislacao\/resolucoes\/2026\/RESOLU%C3%87%C3%83O%20N%C2%BA%2045.2026%20-RECOMPOSI%C3%87%C3%83O%20DA%20COMISS%C3%83O%20DE%20%C3%89TICA%20DO%20CES-GO.pdf\" target=\"_blank\" rel=\"noreferrer noopener\">Resolu\u00e7\u00e3o n\u00ba 45.2026<\/a> &#8211; Recomposi\u00e7\u00e3o da Comiss\u00e3o de \u00c9tica do CES-GO<\/li>\n\n\n\n<li><a href=\"https:\/\/goias.gov.br\/saude\/wp-content\/uploads\/sites\/34\/conselho\/legislacao\/resolucoes\/2026\/RESOLU%C3%87%C3%83O%20AD%20REFERENDUM%20N%C2%BA%2018.2026%20-CONVOCA%C3%87%C3%83O%20DA%2011%C2%AA%20CONFER%C3%8ANCIA%20ESTADUAL%20DE%20SAUDE.pdf\" target=\"_blank\" rel=\"noreferrer noopener\">Resolu\u00e7\u00e3o AD Referendum n\u00ba 18.2026<\/a> &#8211; Convoca\u00e7\u00e3o da 11\u00aa Confer\u00eancia Estadual de Sa\u00fade<\/li>\n<\/ul>\n\n\n\n<p><strong>2025<\/strong><\/p>\n\n\n\n<ul class=\"wp-block-list\">\n<li><a href=\"https:\/\/goias.gov.br\/saude\/wp-content\/uploads\/sites\/34\/conselho\/legislacao\/resolucoes\/2025\/RESOLU%C3%87%C3%83O%20N%C2%BA%2044.2025%20-04%20DE%20NOVEMBRO%20DE%202025%20RAG%202022.pdf\" target=\"_blank\" rel=\"noreferrer noopener\">Resolu\u00e7\u00e3o n\u00ba 44.2025<\/a>&nbsp;\u2013 Relat\u00f3rio Anual de Gest\u00e3o 2022<\/li>\n\n\n\n<li><a href=\"https:\/\/goias.gov.br\/saude\/wp-content\/uploads\/sites\/34\/conselho\/legislacao\/resolucoes\/2025\/RESOLU%C3%87%C3%83O%20N%C2%BA%2043.2025%20-%2004%20DE%20NOVEMBRO%20DE%202025%20-RAG%202021.pdf\" target=\"_blank\" rel=\"noreferrer noopener\">Resolu\u00e7\u00e3o n\u00ba 43.2025<\/a>&nbsp;\u2013 Relat\u00f3rio Anual de Gest\u00e3o 2021<\/li>\n\n\n\n<li><a href=\"https:\/\/goias.gov.br\/saude\/wp-content\/uploads\/sites\/34\/conselho\/legislacao\/resolucoes\/2025\/RESOLU%C3%87%C3%83O%20N%C2%BA%2042.2025%20-%20DE%2021%20DE%20OUTUBRO%20DE%202025%20-%20PAS%202022.pdf\" target=\"_blank\" rel=\"noreferrer noopener\">Resolu\u00e7\u00e3o n\u00ba 42.2025<\/a>&nbsp;\u2013 Programa\u00e7\u00e3o Anual de Sa\u00fade 2022<\/li>\n\n\n\n<li><a href=\"https:\/\/goias.gov.br\/saude\/wp-content\/uploads\/sites\/34\/conselho\/legislacao\/resolucoes\/2025\/RESOLU%C3%87%C3%83O%20N%C2%BA%2041.2025%20-%20DE%2021%20DE%20OUTUBRO%20DE%202025%20-%20PAS%202021.pdf\" target=\"_blank\" rel=\"noreferrer noopener\">Resolu\u00e7\u00e3o n\u00ba 41.2025<\/a>&nbsp;\u2013 Programa\u00e7\u00e3o Anual de Sa\u00fade 2021<\/li>\n\n\n\n<li><a href=\"https:\/\/goias.gov.br\/saude\/wp-content\/uploads\/sites\/34\/conselho\/legislacao\/resolucoes\/2025\/RESOLU%C3%87%C3%83O%20N%C2%BA%2040.2025%20-%20DE%2021%20DE%20OUTUBRO%20DE%202025%20-%20PAS%202020.pdf\" target=\"_blank\" rel=\"noreferrer noopener\">Resolu\u00e7\u00e3o n\u00ba 40.2025<\/a>&nbsp;\u2013 Programa\u00e7\u00e3o Anual de Sa\u00fade 2020<\/li>\n\n\n\n<li><a href=\"https:\/\/goias.gov.br\/saude\/wp-content\/uploads\/sites\/34\/conselho\/legislacao\/resolucoes\/2025\/RESOLU%C3%87%C3%83O%20N%C2%BA%2039.2025%20-%20DE%2021%20DE%20OUTUBRO%20DE%202025%20-%20PES%202020-2023.pdf\" target=\"_blank\" rel=\"noreferrer noopener\">Resolu\u00e7\u00e3o n\u00ba 39.2025<\/a>&nbsp;\u2013 Plano Estadual de Sa\u00fade 2020-2023<\/li>\n\n\n\n<li><a href=\"https:\/\/goias.gov.br\/saude\/wp-content\/uploads\/sites\/34\/conselho\/legislacao\/resolucoes\/2025\/RESOLU%C3%87%C3%83O%20N%C2%BA%2038.2025%20-%20DE%2021%20DE%20OUTUBRO%20DE%202025%20-%20COMPOSI%C3%87%C3%83O%20CISTT.CES.GO%20MANDATO%202025-2026.pdf\" target=\"_blank\" rel=\"noreferrer noopener\">Resolu\u00e7\u00e3o n\u00ba 38.2025<\/a>&nbsp;\u2013 Composi\u00e7\u00e3o CISTT \u2013 2025-2026<\/li>\n\n\n\n<li><a href=\"https:\/\/goias.gov.br\/saude\/wp-content\/uploads\/sites\/34\/conselho\/legislacao\/resolucoes\/2025\/RESOLU%C3%87%C3%83O%20N%C2%BA%2037.2025%20-%20POLITICA%20ESTADUAL%20DE%20HUMANIZA%C3%87%C3%83O%20E%20ANEXO%20PEH.pdf\" target=\"_blank\" rel=\"noreferrer noopener\">Resolu\u00e7\u00e3o n\u00ba 37.2025<\/a>&nbsp;\u2013 Pol\u00edtica Estadual de Humaniza\u00e7\u00e3o<\/li>\n\n\n\n<li><a href=\"https:\/\/goias.gov.br\/saude\/wp-content\/uploads\/sites\/34\/conselho\/legislacao\/resolucoes\/2025\/RESOLU%C3%87%C3%83O%20N%C2%BA%2035.2025%20-%2001%20DE%20ABRIL%20DE%202025%20-%20POL%C3%8DTICA%20ESTADUAL%20DE%20SA%C3%9ADE%20MENTAL.pdf\" target=\"_blank\" rel=\"noreferrer noopener\">Resolu\u00e7\u00e3o n\u00ba 35.2025<\/a>&nbsp;\u2013 Pol\u00edtica Estadual de Sa\u00fade Mental<\/li>\n\n\n\n<li><a href=\"https:\/\/goias.gov.br\/saude\/wp-content\/uploads\/sites\/34\/conselho\/legislacao\/resolucoes\/2025\/RESOLU%C3%87%C3%83O%20AD%20REFERENDUM%20N%C2%BA%2017.2025%20-%20REDEFINI%C3%87%C3%83O%20DAS%20DATAS%20DAS%20ETAPAS%20DA%205%C2%AA%20CESTT.pdf\" target=\"_blank\" rel=\"noreferrer noopener\">Resolu\u00e7\u00e3o Ad Referendum n\u00ba 17.2025<\/a>&nbsp;\u2013 Redefini\u00e7\u00e3o das Datas das Etapas da 5\u00aa CESTT<\/li>\n\n\n\n<li><a href=\"https:\/\/goias.gov.br\/saude\/wp-content\/uploads\/sites\/34\/conselho\/legislacao\/resolucoes\/2025\/PUBLICA%C3%87%C3%83O%20DA%20RESOLU%C3%87%C3%83O%20N%C2%BA%2034.2025.pdf\" target=\"_blank\" rel=\"noreferrer noopener\">Resolu\u00e7\u00e3o n\u00ba 34.2025<\/a>&nbsp;\u2013 Disp\u00f5e sobre a estrutura, composi\u00e7\u00e3o e atribui\u00e7\u00f5es da Comiss\u00e3o organizadora da 5\u00aa Confer\u00eancia Estadual de Sa\u00fade do Trabalhador e da Trabalhadora \u2013 5\u00aa CESTT e d\u00e1 outras provid\u00eancias<\/li>\n\n\n\n<li><a href=\"https:\/\/goias.gov.br\/saude\/wp-content\/uploads\/sites\/34\/conselho\/legislacao\/resolucoes\/2025\/PUBLICA%C3%87%C3%83O%20DA%20RESOLU%C3%87%C3%83O%20N%C2%BA%2033.2025.pdf\" target=\"_blank\" rel=\"noreferrer noopener\">Resolu\u00e7\u00e3o n\u00ba 33.2025<\/a>&nbsp;\u2013 Disp\u00f5e sobre a readequa\u00e7\u00e3o das datas e cronograma das etapas municipais , regionais e etapa final estadual da 5\u00aa Confer\u00eancia Estadual de Sa\u00fade do Trabalhador e da Trabalhadora \u2013 5\u00aa CESTT<\/li>\n\n\n\n<li><a href=\"https:\/\/goias.gov.br\/saude\/wp-content\/uploads\/sites\/34\/conselho\/legislacao\/resolucoes\/2025\/RESOLU%C3%87%C3%83O%20N%C2%BA%2032.2025%20-%20DISPOE%20SOBRE%20A%20EIEI%C3%87%C3%83O%20DA%20MESA%20DIRETORA%20PARA%20O%20EXERCICIO%20DE%20MANDATO%20DE%202025-2026%20E%20DA%20OUTRAS%20PROVIDENCIAS.pdf\" target=\"_blank\" rel=\"noreferrer noopener\">Resolu\u00e7\u00e3o CES-GO n\u00ba 032.2025<\/a>&nbsp;\u2013 Disp\u00f5e sobre a elei\u00e7\u00e3o da mesa diretora para o exerc\u00edcio de mandato 2025-2026<\/li>\n<\/ul>\n\n\n\n<p><strong>2024<\/strong><\/p>\n\n\n\n<ul id=\"itemList\" class=\"wp-block-list\">\n<li><a href=\"https:\/\/goias.gov.br\/saude\/wp-content\/uploads\/sites\/34\/files\/conselho\/legislacao\/resolucoes\/2024\/RESOLU%C3%87%C3%83O%20N%C2%BA%2030.2024.pdf\" target=\"_blank\" rel=\"noreferrer noopener\">Resolu\u00e7\u00e3o CES-GO n\u00ba 030.2024<\/a>&nbsp;\u2013 Disp\u00f5e sobre o Plano Estadual de Gest\u00e3o do Trabalho e Educa\u00e7\u00e3o da Sa\u00fade&nbsp; \u2013 PEGTS<\/li>\n\n\n\n<li><a href=\"https:\/\/goias.gov.br\/saude\/wp-content\/uploads\/sites\/34\/files\/conselho\/legislacao\/resolucoes\/2024\/RESOLU%C3%87%C3%83O%20N%C2%BA%2029.2024.pdf\" target=\"_blank\" rel=\"noreferrer noopener\">Resolu\u00e7\u00e3o CES-GO n\u00ba 029.2024<\/a>&nbsp;\u2013 Disp\u00f5e sobre as diretrizes e propostas aprovadas na 4\u00aa CEGTES<\/li>\n\n\n\n<li><a href=\"https:\/\/goias.gov.br\/saude\/wp-content\/uploads\/sites\/34\/files\/conselho\/legislacao\/resolucoes\/2024\/RESOLU%C3%87%C3%83O%20N%C2%BA%2028.2024.pdf\" target=\"_blank\" rel=\"noreferrer noopener\">Resolu\u00e7\u00e3o CES-GO n\u00ba 028.2024<\/a>&nbsp;\u2013 Regimento Eleitoral que regulamenta a elei\u00e7\u00e3o das institui\u00e7\u00f5es, entidades e movimentos sociais representativas<\/li>\n\n\n\n<li><a href=\"https:\/\/goias.gov.br\/saude\/wp-content\/uploads\/sites\/34\/files\/conselho\/legislacao\/resolucoes\/2024\/Resolu%C3%A7%C3%A3o%20CES-GO%20n%C2%BA%2025.2024%20-%20Disp%C3%B5e%20sobre%20o%20PES%202024%20-%202027.pdf\" target=\"_blank\" rel=\"noreferrer noopener\">Resolu\u00e7\u00e3o CES-GO n\u00ba 025.2024<\/a>&nbsp;\u2013 Disp\u00f5e sobre o PES 2024 \u2013 2027<\/li>\n\n\n\n<li><a href=\"https:\/\/goias.gov.br\/saude\/wp-content\/uploads\/sites\/34\/files\/conselho\/legislacao\/resolucoes\/2024\/RESOLU%C3%87%C3%83O%20N%C2%BA%2024.2024.pdf\" target=\"_blank\" rel=\"noreferrer noopener\">Resolu\u00e7\u00e3o CES-GO n\u00ba 024.2024<\/a>&nbsp;\u2013 Regimento interno da 5\u00aa CESTT<\/li>\n\n\n\n<li><a href=\"https:\/\/goias.gov.br\/saude\/wp-content\/uploads\/sites\/34\/files\/conselho\/legislacao\/resolucoes\/2024\/Resolu%C3%A7%C3%A3o%20CES-GO%20n%C2%BA%2023.2024%20-Disp%C3%B5e%20sobre%20a%20estrutura%2C%20composi%C3%A7%C3%A3o%20e%20atribui%C3%A7%C3%B5es%20da%20Comiss%C3%A3o%20Organizadora%20da%205%C2%AA%20CESTT.pdf\" target=\"_blank\" rel=\"noreferrer noopener\">Resolu\u00e7\u00e3o CES-GO n\u00ba 023.2024&nbsp;<\/a>\u2013 Disp\u00f5e sobre a estrutura, composi\u00e7\u00e3o e atribui\u00e7\u00f5es da Comiss\u00e3o Organizadora da 5\u00aa CESTT<\/li>\n\n\n\n<li><a href=\"https:\/\/goias.gov.br\/saude\/wp-content\/uploads\/sites\/34\/files\/conselho\/legislacao\/resolucoes\/2024\/resolucao-021-2024.pdf\" target=\"_blank\" rel=\"noreferrer noopener\">Resolu\u00e7\u00e3o CES-GO n\u00ba 022.2024<\/a>&nbsp;\u2013 Contrato de Gest\u00e3o n.\u00ba 25.2022 \u2013 Parecer n.\u00ba 04.2024-HEELJ<\/li>\n\n\n\n<li><a href=\"https:\/\/goias.gov.br\/saude\/wp-content\/uploads\/sites\/34\/files\/conselho\/legislacao\/resolucoes\/2024\/resolucao-021-2024.pdf\" target=\"_blank\" rel=\"noreferrer noopener\">Resolu\u00e7\u00e3o CES-GO n\u00ba 021.2024<\/a>&nbsp;\u2013 Contrato de Gest\u00e3o n.\u00ba 07.2021 \u2013 Parecer n.\u00ba 03.2024-HEELJ<\/li>\n\n\n\n<li><a href=\"https:\/\/goias.gov.br\/saude\/wp-content\/uploads\/sites\/34\/files\/conselho\/legislacao\/resolucoes\/2024\/resolucao-020-2024.pdf\" target=\"_blank\" rel=\"noreferrer noopener\">Resolu\u00e7\u00e3o CES-GO n\u00ba 020.2024<\/a>&nbsp;\u2013 Prorroga\u00e7\u00e3o e Readequa\u00e7\u00e3o das Datas da 4\u00aa CEGTES<\/li>\n\n\n\n<li><a href=\"https:\/\/goias.gov.br\/saude\/wp-content\/uploads\/sites\/34\/files\/conselho\/legislacao\/resolucoes\/2024\/resolucao-019-2024.pdf\" target=\"_blank\" rel=\"noreferrer noopener\">Resolu\u00e7\u00e3o CES-GO n\u00ba 019.2024<\/a>&nbsp;\u2013 Recomposi\u00e7\u00e3o da Comiss\u00e3o de \u00c9tica e Conduta do CES-GO<\/li>\n\n\n\n<li><a href=\"https:\/\/goias.gov.br\/saude\/wp-content\/uploads\/sites\/34\/files\/conselho\/legislacao\/resolucoes\/2024\/resolucao-018-2024.pdf\" target=\"_blank\" rel=\"noreferrer noopener\">Resolu\u00e7\u00e3o CES-GO n\u00ba 018.2024<\/a>&nbsp;\u2013 Comiss\u00e3o Organizadora da 4\u00aa CEGTES<\/li>\n\n\n\n<li><a href=\"https:\/\/goias.gov.br\/saude\/wp-content\/uploads\/sites\/34\/files\/conselho\/legislacao\/resolucoes\/2024\/resolucao-017-2024.pdf\" target=\"_blank\" rel=\"noreferrer noopener\">Resolu\u00e7\u00e3o CES-GO n\u00ba 017.2024<\/a>&nbsp;\u2013 Disp\u00f5e sobre a retifica\u00e7\u00e3o da Resolu\u00e7\u00e3o AD REFERENDUM n\u00ba 007.2024 CES, quanto a numera\u00e7\u00e3o e designa\u00e7\u00e3o da CEGTES<\/li>\n\n\n\n<li><a href=\"https:\/\/goias.gov.br\/saude\/wp-content\/uploads\/sites\/34\/files\/conselho\/legislacao\/resolucoes\/2024\/resolucao-016-2024.pdf\" target=\"_blank\" rel=\"noreferrer noopener\">Resolu\u00e7\u00e3o CES-GO n\u00ba 016.2024<\/a>&nbsp;\u2013 Aprova o Plano Estadual de Aten\u00e7\u00e3o Integral \u00e0 Sa\u00fade da Popula\u00e7\u00e3o Migrante, Refugiada, Ap\u00e1trida e Retornados<\/li>\n\n\n\n<li><a href=\"https:\/\/goias.gov.br\/saude\/wp-content\/uploads\/sites\/34\/conselho\/legislacao\/resolucoes\/2025\/PUBLICA%C3%87%C3%83O%20DA%20RESOLU%C3%87%C3%83O%20E%20DECRETO%20DE%20CONVOCA%C3%87%C3%83O%20N%C2%B0%208.2024.pdf\" target=\"_blank\" rel=\"noreferrer noopener\">Resolu\u00e7\u00e3o n\u00ba 008.2024<\/a>&nbsp;\u2013 Convoca a 5\u00ba Confer\u00eancia Estadual de Sa\u00fade do Trabalhador e da Trabalhadora \u2013 5CESTT<\/li>\n\n\n\n<li><a href=\"https:\/\/goias.gov.br\/saude\/wp-content\/uploads\/sites\/34\/files\/conselho\/legislacao\/resolucoes\/2024\/RESOLU%C3%87%C3%83O%20AD%20REFERENDUM%20N%C2%BA%2016.2024.pdf\" target=\"_blank\" rel=\"noreferrer noopener\">Resolu\u00e7\u00e3o Ad Referendum CES-GO n\u00ba 016.2024<\/a>&nbsp;\u2013 Disp\u00f5e sobre a designa\u00e7\u00e3o da comiss\u00e3o eleitoral do CES-GO e d\u00e1 outras provid\u00eancias<\/li>\n\n\n\n<li><a href=\"https:\/\/goias.gov.br\/saude\/wp-content\/uploads\/sites\/34\/files\/conselho\/legislacao\/resolucoes\/2024\/Resolu%C3%A7%C3%A3o%20Ad%20Referendum%20CES-GO%20%20n%C2%BA%2015.2024%20-Disp%C3%B5e%20sobre%20altera%C3%A7%C3%B5es%20relativas%20%C3%A0s%20normativas%20da%205%C2%BA%20CESTT%20e%20d%C3%A1%20outras%20provid%C3%AAncias.pdf\" target=\"_blank\" rel=\"noreferrer noopener\">Resolu\u00e7\u00e3o Ad Referendum CES-GO n\u00ba 015.2024<\/a>&nbsp;\u2013 Disp\u00f5e sobre altera\u00e7\u00f5es relativas \u00e0s normativas da 5\u00ba CESTT e d\u00e1 outras provid\u00eancias<\/li>\n\n\n\n<li><a href=\"https:\/\/goias.gov.br\/saude\/wp-content\/uploads\/sites\/34\/files\/conselho\/legislacao\/resolucoes\/2024\/Resolu%C3%A7%C3%A3o%20Ad%20Referendum%20CES-GO%20%20n%C2%BA%2013.2024%20-%20Disp%C3%B5e%20sobre%20a%20estrutura%C3%A7%C3%A3o%20da%20CIRHRT_CES_GO.pdf\" target=\"_blank\" rel=\"noreferrer noopener\">Resolu\u00e7\u00e3o Ad Referendum CES-GO n\u00ba 013.2024<\/a>&nbsp;\u2013 Estrutura\u00e7\u00e3o da CIRHRT<\/li>\n\n\n\n<li><a href=\"https:\/\/goias.gov.br\/saude\/wp-content\/uploads\/sites\/34\/files\/conselho\/legislacao\/resolucoes\/2024\/resolucao-ad-referendum-012-2024.pdf\" target=\"_blank\" rel=\"noreferrer noopener\">Resolu\u00e7\u00e3o Ad Referendum CES-GO n\u00ba 012.2024<\/a>&nbsp;\u2013 Regimento Interno da 4\u00aa CEGTES<\/li>\n\n\n\n<li><a href=\"https:\/\/goias.gov.br\/saude\/wp-content\/uploads\/sites\/34\/files\/conselho\/legislacao\/resolucoes\/2024\/resolucao-ad-referendum-011-2024.pdf\" target=\"_blank\" rel=\"noreferrer noopener\">Resolu\u00e7\u00e3o Ad Referendum CES-GO n\u00ba 011.2024<\/a>&nbsp;\u2013 Reestrutura\u00e7\u00e3o das Entidades da CISTT<\/li>\n\n\n\n<li><a href=\"https:\/\/goias.gov.br\/saude\/wp-content\/uploads\/sites\/34\/files\/conselho\/legislacao\/resolucoes\/2024\/resolucao-ad-referendum-010-2024.pdf\" target=\"_blank\" rel=\"noreferrer noopener\">Resolu\u00e7\u00e3o Ad Referendum CES-GO n\u00ba 010.2024<\/a>&nbsp;\u2013 Prorroga\u00e7\u00e3o das Etapas da 5\u00ba CESTT<\/li>\n\n\n\n<li><a href=\"https:\/\/goias.gov.br\/saude\/wp-content\/uploads\/sites\/34\/files\/conselho\/legislacao\/resolucoes\/2024\/resolucao-ad-referendum-009-2024.pdf\" target=\"_blank\" rel=\"noreferrer noopener\">Resolu\u00e7\u00e3o Ad Referendum CES-GO n\u00ba 009.2024<\/a>&nbsp;\u2013 Aprova AD REFERENDUM a reinstala\u00e7\u00e3o da Mesa Estadual de Negocia\u00e7\u00e3o Permanente do Sistema \u00danico de Sa\u00fade<\/li>\n\n\n\n<li><a href=\"https:\/\/goias.gov.br\/saude\/wp-content\/uploads\/sites\/34\/files\/conselho\/legislacao\/resolucoes\/2024\/resolucao-008-2024.pdf\" target=\"_blank\" rel=\"noreferrer noopener\">Resolu\u00e7\u00e3o Ad Referendum CES-GO n\u00ba 008.2024<\/a>&nbsp;\u2013 Aprova AD REFERENDUM a Convoca\u00e7\u00e3o da 5\u00aa Confer\u00eancia Estadual de Sa\u00fade do Trabalhador e da Trabalhadora<\/li>\n\n\n\n<li><a href=\"https:\/\/goias.gov.br\/saude\/wp-content\/uploads\/sites\/34\/files\/conselho\/legislacao\/resolucoes\/2024\/resolucao-007-2024.pdf\" target=\"_blank\" rel=\"noreferrer noopener\">Resolu\u00e7\u00e3o Ad Referendum CES-GO n\u00ba 007.2024<\/a>&nbsp;\u2013 Aprova AD REFERENDUM a convoca\u00e7\u00e3o da 1\u00aa Confer\u00eancia Estadual de Gest\u00e3o do Trabalho e da Educa\u00e7\u00e3o em Sa\u00fade<br><br><strong>2023<\/strong><\/li>\n\n\n\n<li><a href=\"https:\/\/goias.gov.br\/saude\/wp-content\/uploads\/sites\/34\/files\/conselho\/legislacao\/resolucoes\/2023\/resolucao-01-2023-deliberacao-contrato-gestao-emergencial.pdf\" target=\"_blank\" rel=\"noreferrer noopener\">RESOLU\u00c7\u00c3O N\u00ba 01.2023 \u2013 DELIBERA\u00c7\u00c3O DO CONTRATO DE GEST\u00c3O EMERGENCIAL n\u00ba 43.2023<\/a><\/li>\n\n\n\n<li><a href=\"https:\/\/goias.gov.br\/saude\/wp-content\/uploads\/sites\/34\/files\/conselho\/legislacao\/resolucoes\/2023\/resolucao-02-2023-eleicao-mesa-diretora-2023-2024.pdf\" target=\"_blank\" rel=\"noreferrer noopener\">RESOLU\u00c7\u00c3O N\u00ba 02.2023 \u2013 ELEI\u00c7\u00c3O DA MESA DIRETORA 2023-2024<\/a><\/li>\n\n\n\n<li><a href=\"https:\/\/goias.gov.br\/saude\/wp-content\/uploads\/sites\/34\/files\/conselho\/legislacao\/resolucoes\/2023\/resolucao-03-2023-incorporacao-resultado-final-9a-ces-10a-ces.pdf\" target=\"_blank\" rel=\"noreferrer noopener\">RESOLU\u00c7\u00c3O N\u00ba 03.2023 \u2013 INCORPORA\u00c7\u00c3O DO RESULTADO FINAL DA 9\u00aa CES AO RESULTADO DA 10\u00aa CES<\/a><\/li>\n\n\n\n<li><a href=\"https:\/\/goias.gov.br\/saude\/wp-content\/uploads\/sites\/34\/files\/conselho\/legislacao\/resolucoes\/2023\/resolucao-04-2023-contrato-gestao-ses-ipsge-herso.pdf\" target=\"_blank\" rel=\"noreferrer noopener\">RESOLU\u00c7\u00c3O N\u00ba 04.2023 \u2013 CONTRATO DE GEST\u00c3O ENTRE A SES E O IPSGE \u2013 HERSO<\/a><\/li>\n\n\n\n<li><a href=\"https:\/\/goias.gov.br\/saude\/wp-content\/uploads\/sites\/34\/files\/conselho\/legislacao\/resolucoes\/2023\/resolucao-05-2023-contrato-gestao-entre-ses-instituto-patris-hel.pdf\" target=\"_blank\" rel=\"noreferrer noopener\">RESOLU\u00c7\u00c3O N\u00ba 05.2023 \u2013 CONTRATO DE GEST\u00c3O ENTRE A SES E O INSTITUTO PATRIS \u2013 HOSPITAL DE LUZI\u00c2NIA<\/a><\/li>\n\n\n\n<li><a href=\"https:\/\/goias.gov.br\/saude\/wp-content\/uploads\/sites\/34\/files\/conselho\/legislacao\/resolucoes\/2023\/resolucao-06-2023-contrato-gestao-ses-ibgc-policlinica-goias.pdf\" target=\"_blank\" rel=\"noreferrer noopener\">RESOLU\u00c7\u00c3O N\u00ba 06.2023 \u2013 CONTRATO DE GEST\u00c3O ENTRE A SES E O IBGC \u2013 POLICLINICA REGIONAL \u2013 UNIDADE CIDADE DE GOI\u00c1S<\/a><\/li>\n\n\n\n<li><a href=\"https:\/\/goias.gov.br\/saude\/wp-content\/uploads\/sites\/34\/files\/conselho\/legislacao\/resolucoes\/2023\/resolucao-08-2023-orientacoes-plano-estadual-saude-relatorio-final-10a-ces.PDF\" target=\"_blank\" rel=\"noreferrer noopener\">RESOLU\u00c7\u00c3O N\u00ba 08.2023 \u2013 ORIENTA\u00c7\u00d5ES ESTRAT\u00c9GICAS PARA O PLANO ESTADUAL DE SAUDE PROVENIENTES DO RELAT\u00d3RIO FINAL DA 10\u00b0CONFERENCIA ESTADUAL DE SAUDE<\/a><\/li>\n\n\n\n<li><a href=\"https:\/\/goias.gov.br\/saude\/wp-content\/uploads\/sites\/34\/files\/conselho\/legislacao\/resolucoes\/2023\/resolucao-09-2023-homologacao-orientacoes-acoes-servicos-publicos-saude-mental-4a-ces.PDF\" target=\"_blank\" rel=\"noreferrer noopener\">RESOLU\u00c7\u00c3O N\u00ba 09.2023- HOMOLOGA\u00c7\u00c3O E AS ORIENTA\u00c7OES ESTRAT\u00c9GIACAS E SOBRE AS PRIORIDADES PARA AS A\u00c7\u00d5ES E SERVI\u00c7OS P\u00daBLICOS DE SA\u00daDE MENTAL APROVADAS PELA 4\u00ba CONFERENCIA ESTADUAL DE SA\u00daDE MENTAL<\/a><\/li>\n\n\n\n<li><a href=\"https:\/\/goias.gov.br\/saude\/wp-content\/uploads\/sites\/34\/files\/conselho\/legislacao\/resolucoes\/2023\/resolucao-10-2023-nova-composicao-comissao-monitoramento-avaliacao-gestao-sus-goias.pdf\" target=\"_blank\" rel=\"noreferrer noopener\">RESOLU\u00c7\u00c3O N\u00ba 10.2023- NOVA COMPOSI\u00c7\u00c3O DA COMISS\u00c3O DE MONITORALMENTO E AVALIA\u00c7\u00c3O DA GEST\u00c3O DO SUS EM GOI\u00c1S-COMAGESUS-GO E OUTRAS PROVID\u00caNCIAS<\/a><\/li>\n\n\n\n<li><a href=\"https:\/\/goias.gov.br\/saude\/wp-content\/uploads\/sites\/34\/files\/conselho\/legislacao\/resolucoes\/2023\/resolucao-11-2023-criacao-instalacao-conselhos-locais-unidades-hospitalares.pdf\" target=\"_blank\" rel=\"noreferrer noopener\">RESOLU\u00c7\u00c3O N\u00ba 11.2023-CRIA\u00c7\u00c3O E INSTALA\u00c7\u00c3O DE CONSELHOS LOCAIS DE SAUDE NAS UNIDADES HOSPITALARES ESTADUAIS DO SUS E DA OUTRAS PROVIDENCIAS<\/a><\/li>\n\n\n\n<li><a href=\"https:\/\/goias.gov.br\/saude\/wp-content\/uploads\/sites\/34\/files\/conselho\/legislacao\/resolucoes\/2023\/resolucao-014-2023.pdf\" target=\"_blank\" rel=\"noreferrer noopener\">RESOLU\u00c7\u00c3O N\u00ba 14.2023 \u2013 DISP\u00d5E SOBRE A REESTRUTURA\u00c7\u00c3O DA COMISS\u00c3O INTERSETORIAL DE SA\u00daDE DO TRABALHADOR E DA TRABALHADORA DO CONSELHO ESTADUAL DE SA\u00daDE DO ESTADO DE GOI\u00c1S<\/a><\/li>\n\n\n\n<li><a href=\"https:\/\/goias.gov.br\/saude\/wp-content\/uploads\/sites\/34\/files\/conselho\/legislacao\/resolucoes\/2023\/resolucao-ad-referendum-01-2023-retificacao-resolucao-05-2022.pdf\" target=\"_blank\" rel=\"noreferrer noopener\">RESOLU\u00c7\u00c3O AD REFERENDUM N\u00ba 01.2023 \u2013 RETIFICA\u00c7\u00c3O DA RESOLU\u00c7\u00c3O N\u00ba 5.2022 CES-GO<\/a><\/li>\n\n\n\n<li><a href=\"https:\/\/goias.gov.br\/saude\/wp-content\/uploads\/sites\/34\/files\/conselho\/legislacao\/resolucoes\/2023\/resolucao-ad-referendum-02-2023-redefinicao-cronograma-10a-ces.pdf\" target=\"_blank\" rel=\"noreferrer noopener\">RESOLU\u00c7\u00c3O AD REFERENDUM N\u00ba 02.2023 \u2013 REDEFINI\u00c7\u00c3O DO CRONOGRAMA DA 10\u00aa CONF. ESTADUAL DE SA\u00daDE<\/a><\/li>\n\n\n\n<li><a href=\"https:\/\/goias.gov.br\/saude\/wp-content\/uploads\/sites\/34\/files\/conselho\/legislacao\/resolucoes\/2023\/resolucao-ad-referendum-03-2023-refificacao-resolucao-02-2021.pdf\" target=\"_blank\" rel=\"noreferrer noopener\">RESOLU\u00c7\u00c3O AD REFERENDUM N\u00ba 03.2023 \u2013 RETIFICA\u00c7\u00c3O DA RESOLU\u00c7\u00c3O N\u00ba 02.2021<\/a><\/li>\n\n\n\n<li><a href=\"https:\/\/goias.gov.br\/saude\/wp-content\/uploads\/sites\/34\/files\/conselho\/legislacao\/resolucoes\/2023\/resolucao-ad-referendum-04-2023-criacao-codigo-etica-disciplina-ces.pdf\" target=\"_blank\" rel=\"noreferrer noopener\">RESOLU\u00c7\u00c3O AD REFERENDUM N\u00ba 04.2023 \u2013 CRIA\u00c7\u00c3O DO C\u00d3DIGO DE \u00c9TICA E DISCIPLINA DO CES<\/a><\/li>\n\n\n\n<li><a href=\"https:\/\/goias.gov.br\/saude\/wp-content\/uploads\/sites\/34\/files\/conselho\/legislacao\/resolucoes\/2023\/resolucao-ad-referendum-05-2023-criacao-cirhrt.pdf\" target=\"_blank\" rel=\"noreferrer noopener\">RESOLU\u00c7\u00c3O AD REFERENDUM N\u00ba 05.2023 \u2013 CRIA\u00c7\u00c3O DA CIRHRT<\/a><\/li>\n\n\n\n<li><a href=\"https:\/\/goias.gov.br\/saude\/wp-content\/uploads\/sites\/34\/files\/conselho\/legislacao\/resolucoes\/2023\/resolucao-ad-referendum-06-2023-formacao-funcionamento-comissoes-apoio-tecnico-ces.pdf\" target=\"_blank\" rel=\"noreferrer noopener\">RESOLU\u00c7\u00c3O AD REFERENDUM N\u00ba 06.2023 \u2013 FORMA\u00c7\u00c3O E FUNCIONAMENTO DAS COMISS\u00d5ES DE APOIO T\u00c9CNICO DO CES<\/a><br><br><strong>Anos anteriores<\/strong><\/li>\n\n\n\n<li><a href=\"https:\/\/goias.gov.br\/saude\/wp-content\/uploads\/sites\/34\/conselho\/legislacao\/resolucoes\/2020\/2020.zip\" id=\"\" target=\"_blank\" rel=\"noreferrer noopener\">2020<\/a><\/li>\n\n\n\n<li><a href=\"https:\/\/goias.gov.br\/saude\/wp-content\/uploads\/sites\/34\/conselho\/legislacao\/resolucoes\/2019\/2019.zip\" id=\"\">2019<\/a><\/li>\n\n\n\n<li><a href=\"https:\/\/goias.gov.br\/saude\/resolucoes-2018\/\">2018<\/a><\/li>\n\n\n\n<li><a href=\"https:\/\/goias.gov.br\/saude\/resolucao\/\">2017<\/a><\/li>\n\n\n\n<li><a href=\"https:\/\/goias.gov.br\/saude\/resolucoes-2016\/\">2016<\/a><\/li>\n\n\n\n<li><a href=\"https:\/\/goias.gov.br\/saude\/resolucoes-2015\/\">2015<\/a><\/li>\n\n\n\n<li><a href=\"https:\/\/goias.gov.br\/saude\/res\/\">2014<\/a><\/li>\n\n\n\n<li><a href=\"https:\/\/goias.gov.br\/saude\/resolucoes-2013\/\">2013<\/a><br><br><strong>Demais regulamenta\u00e7\u00f5es<\/strong><\/li>\n\n\n\n<li><a href=\"https:\/\/goias.gov.br\/saude\/wp-content\/uploads\/sites\/34\/2018\/09\/resolucao-n-07-2015-68b.pdf\" target=\"_blank\" rel=\"noreferrer noopener\">Resolu\u00e7\u00e3o N\u00ba 07\/2015 de 04 de agosto de 2015<\/a>: Disp\u00f5e sobre as Diretrizes para a Pol\u00edtica Estadual de Educa\u00e7\u00e3o Permanente para a Participa\u00e7\u00e3o e Controle Social e d\u00e1 outras provid\u00eancias<\/li>\n\n\n\n<li><a href=\"https:\/\/goias.gov.br\/saude\/wp-content\/uploads\/sites\/34\/2014\/07\/resoluCao-no_-06_2016_ces-go-regimento-interno-publicaCAo-d_o-22_417-de-28092016-6e1.pdf\" target=\"_blank\" rel=\"noreferrer noopener\">RESOLU\u00c7\u00c3O N\u00ba 06.2016-CES-GO- REGIMENTO INTERNO- 06092016<\/a>: Disp\u00f5e sobre altera\u00e7\u00f5es no Anexo \u00danico da Resolu\u00e7\u00e3o n\u00ba 01\/2016-CES-GO (Regimento Interno) e d\u00e1 outras provid\u00eancias.<\/li>\n<\/ul>\n","protected":false},"excerpt":{"rendered":"<p>2026 2025 2024<\/p>\n","protected":false},"author":164,"featured_media":0,"comment_status":"closed","ping_status":"open","sticky":false,"template":"","format":"standard","meta":{"footnotes":""},"categories":[14],"tags":[],"class_list":["post-702121","post","type-post","status-publish","format-standard","hentry","category-conselho-estadual-de-saude"],"rttpg_featured_image_url":null,"rttpg_author":{"display_name":"isabelamelo","author_link":"https:\/\/goias.gov.br\/saude\/author\/isabelamelo\/"},"rttpg_comment":0,"rttpg_category":"<a href=\"https:\/\/goias.gov.br\/saude\/categoria\/conselho-estadual-de-saude\/\" rel=\"category tag\">Conselho Estadual de Sa\u00fade<\/a>","rttpg_excerpt":"2026 2025 2024","_links":{"self":[{"href":"https:\/\/goias.gov.br\/saude\/wp-json\/wp\/v2\/posts\/702121","targetHints":{"allow":["GET"]}}],"collection":[{"href":"https:\/\/goias.gov.br\/saude\/wp-json\/wp\/v2\/posts"}],"about":[{"href":"https:\/\/goias.gov.br\/saude\/wp-json\/wp\/v2\/types\/post"}],"author":[{"embeddable":true,"href":"https:\/\/goias.gov.br\/saude\/wp-json\/wp\/v2\/users\/164"}],"replies":[{"embeddable":true,"href":"https:\/\/goias.gov.br\/saude\/wp-json\/wp\/v2\/comments?post=702121"}],"version-history":[{"count":2,"href":"https:\/\/goias.gov.br\/saude\/wp-json\/wp\/v2\/posts\/702121\/revisions"}],"predecessor-version":[{"id":709851,"href":"https:\/\/goias.gov.br\/saude\/wp-json\/wp\/v2\/posts\/702121\/revisions\/709851"}],"wp:attachment":[{"href":"https:\/\/goias.gov.br\/saude\/wp-json\/wp\/v2\/media?parent=702121"}],"wp:term":[{"taxonomy":"category","embeddable":true,"href":"https:\/\/goias.gov.br\/saude\/wp-json\/wp\/v2\/categories?post=702121"},{"taxonomy":"post_tag","embeddable":true,"href":"https:\/\/goias.gov.br\/saude\/wp-json\/wp\/v2\/tags?post=702121"}],"curies":[{"name":"wp","href":"https:\/\/api.w.org\/{rel}","templated":true}]}}