

{"id":698448,"date":"2026-02-06T16:30:44","date_gmt":"2026-02-06T19:30:44","guid":{"rendered":"https:\/\/goias.gov.br\/saude\/?p=698448"},"modified":"2026-02-06T16:30:44","modified_gmt":"2026-02-06T19:30:44","slug":"hecad-celebra-quatro-anos-com-solenidade-e-homenagens-aos-herois-do-cuidado","status":"publish","type":"post","link":"https:\/\/goias.gov.br\/saude\/hecad-celebra-quatro-anos-com-solenidade-e-homenagens-aos-herois-do-cuidado\/","title":{"rendered":"Hecad celebra quatro anos com solenidade e homenagens aos \u201cHer\u00f3is do Cuidado\u201d"},"content":{"rendered":"\n<p class=\"has-text-align-center\"><strong>Evento destacou pacientes, colaboradores e autoridades, refor\u00e7ando o compromisso da unidade com uma assist\u00eancia pedi\u00e1trica humanizada e de excel\u00eancia<\/strong><\/p>\n\n\n\n<!--more-->\n\n\n\n<figure class=\"wp-block-image size-large\"><img fetchpriority=\"high\" decoding=\"async\" width=\"1024\" height=\"682\" src=\"https:\/\/goias.gov.br\/saude\/wp-content\/uploads\/sites\/34\/2026\/02\/060226-hecad-4-anos-1024x682.jpeg\" alt=\"\" class=\"wp-image-698399\" srcset=\"https:\/\/goias.gov.br\/saude\/wp-content\/uploads\/sites\/34\/2026\/02\/060226-hecad-4-anos-1024x682.jpeg 1024w, https:\/\/goias.gov.br\/saude\/wp-content\/uploads\/sites\/34\/2026\/02\/060226-hecad-4-anos-300x200.jpeg 300w, https:\/\/goias.gov.br\/saude\/wp-content\/uploads\/sites\/34\/2026\/02\/060226-hecad-4-anos-768x512.jpeg 768w, https:\/\/goias.gov.br\/saude\/wp-content\/uploads\/sites\/34\/2026\/02\/060226-hecad-4-anos-1536x1024.jpeg 1536w, https:\/\/goias.gov.br\/saude\/wp-content\/uploads\/sites\/34\/2026\/02\/060226-hecad-4-anos-2048x1365.jpeg 2048w\" sizes=\"(max-width: 1024px) 100vw, 1024px\" \/><figcaption class=\"wp-element-caption\"><em>Hecad celebra 4 anos com solenidade especial, reunindo colaboradores, gestores e parceiros em homenagem aos verdadeiros \u201cHer\u00f3is do Cuidado\u201d<\/em><\/figcaption><\/figure>\n\n\n\n<p>O Hospital Estadual da Crian\u00e7a e do Adolescente (Hecad) celebrou, nesta quinta-feira (5\/02), seus quatro anos de atua\u00e7\u00e3o com uma solenidade especial marcada pelo tema \u201cHer\u00f3is do Cuidado\u201d, que colocou em evid\u00eancia os verdadeiros protagonistas da unidade: os pacientes e os colaboradores, fundamentais para a constru\u00e7\u00e3o e o fortalecimento do hospital ao longo de sua trajet\u00f3ria.<\/p>\n\n\n\n<p>A cerim\u00f4nia contou com a presen\u00e7a de representantes do Governo de Goi\u00e1s, da Secretaria de Estado da Sa\u00fade (SES-GO), da Agir e de outras unidades administradas pela organiza\u00e7\u00e3o, al\u00e9m de colaboradores do Hecad. Representando o governador em exerc\u00edcio, Daniel Vilela, e o secret\u00e1rio de Sa\u00fade, Dr. Ras\u00edvel Santos, o secret\u00e1rio-adjunto da SES, Dr. S\u00e9rgio Vencio, destacou que o Hecad se diferencia por oferecer um cuidado que vai al\u00e9m de protocolos, baseado na escuta, na presen\u00e7a e na humaniza\u00e7\u00e3o da assist\u00eancia.<\/p>\n\n\n\n<p>A programa\u00e7\u00e3o tamb\u00e9m contou com a participa\u00e7\u00e3o do ator e p\u00f3s-graduando em arteterapia Juan Rocha, que trouxe uma reflex\u00e3o sobre a humaniza\u00e7\u00e3o no cuidado, a arteterapia e o poder do l\u00fadico no tratamento pedi\u00e1trico, ressaltando como pequenos gestos fazem a diferen\u00e7a na recupera\u00e7\u00e3o das crian\u00e7as. Em um momento de grande emo\u00e7\u00e3o, pais e pacientes compartilharam suas experi\u00eancias na unidade. A paciente Alice Neri, atendida pelo Centro de Reabilita\u00e7\u00e3o de Fissuras Labiopalatinas (Cerfis), agradeceu pelo tratamento recebido e definiu o Hecad como um lugar de \u201ctransforma\u00e7\u00e3o, amor e esperan\u00e7a\u201d.<\/p>\n\n\n\n<p>Durante o evento, o diretor-geral do Hecad, Ronny Rezende, parabenizou os colaboradores pelos quatro anos da unidade e destacou o papel fundamental das equipes na consolida\u00e7\u00e3o do hospital como refer\u00eancia no atendimento pedi\u00e1trico em Goi\u00e1s. \u201cEsses quatro anos s\u00e3o resultado do trabalho di\u00e1rio, comprometido e humano de cada colaborador. S\u00e3o as equipes que fazem do Hecad uma refer\u00eancia em cuidado pedi\u00e1trico, oferecendo acolhimento, seguran\u00e7a e esperan\u00e7a \u00e0s crian\u00e7as e \u00e0s fam\u00edlias atendidas\u201d, afirmou.<\/p>\n\n\n\n<p>Na ocasi\u00e3o, o superintendente executivo da Agir, Lucas Paula da Silva, destacou a import\u00e2ncia do Hecad para a sa\u00fade p\u00fablica estadual. \u201cCelebramos quatro anos de um hospital jovem, mas j\u00e1 gigante na assist\u00eancia pedi\u00e1trica em Goi\u00e1s. Hoje, a popula\u00e7\u00e3o conta com uma unidade de excel\u00eancia, que oferece cuidado seguro, qualificado e humanizado \u00e0s crian\u00e7as e adolescentes\u201d, ressaltou.<\/p>\n\n\n\n<p>Encerrando a solenidade, o pastor Marcelo, da Family Church, deixou uma mensagem de \u00e2nimo e reconhecimento aos colaboradores, refor\u00e7ando a import\u00e2ncia do trabalho realizado diariamente na unidade.<\/p>\n\n\n\n<p>Lais Castilho (texto) e Agir (Foto)<\/p>\n","protected":false},"excerpt":{"rendered":"<p>Evento destacou pacientes, colaboradores e autoridades, refor\u00e7ando o compromisso da unidade com uma assist\u00eancia pedi\u00e1trica humanizada e de excel\u00eancia<\/p>\n","protected":false},"author":165,"featured_media":698399,"comment_status":"closed","ping_status":"open","sticky":false,"template":"","format":"standard","meta":{"footnotes":""},"categories":[3],"tags":[243],"class_list":["post-698448","post","type-post","status-publish","format-standard","has-post-thumbnail","hentry","category-noticias","tag-hospitais-estaduais"],"rttpg_featured_image_url":{"full":["https:\/\/goias.gov.br\/saude\/wp-content\/uploads\/sites\/34\/2026\/02\/060226-hecad-4-anos.jpeg",2560,1706,false],"landscape":["https:\/\/goias.gov.br\/saude\/wp-content\/uploads\/sites\/34\/2026\/02\/060226-hecad-4-anos.jpeg",2560,1706,false],"portraits":["https:\/\/goias.gov.br\/saude\/wp-content\/uploads\/sites\/34\/2026\/02\/060226-hecad-4-anos.jpeg",2560,1706,false],"thumbnail":["https:\/\/goias.gov.br\/saude\/wp-content\/uploads\/sites\/34\/2026\/02\/060226-hecad-4-anos-150x150.jpeg",150,150,true],"medium":["https:\/\/goias.gov.br\/saude\/wp-content\/uploads\/sites\/34\/2026\/02\/060226-hecad-4-anos-300x200.jpeg",300,200,true],"large":["https:\/\/goias.gov.br\/saude\/wp-content\/uploads\/sites\/34\/2026\/02\/060226-hecad-4-anos-1024x682.jpeg",1024,682,true],"1536x1536":["https:\/\/goias.gov.br\/saude\/wp-content\/uploads\/sites\/34\/2026\/02\/060226-hecad-4-anos-1536x1024.jpeg",1536,1024,true],"2048x2048":["https:\/\/goias.gov.br\/saude\/wp-content\/uploads\/sites\/34\/2026\/02\/060226-hecad-4-anos-2048x1365.jpeg",2048,1365,true]},"rttpg_author":{"display_name":"ricardocruz","author_link":"https:\/\/goias.gov.br\/saude\/author\/ricardocruz\/"},"rttpg_comment":0,"rttpg_category":"<a href=\"https:\/\/goias.gov.br\/saude\/categoria\/noticias\/\" rel=\"category tag\">Not\u00edcias<\/a>","rttpg_excerpt":"Evento destacou pacientes, colaboradores e autoridades, refor\u00e7ando o compromisso da unidade com uma assist\u00eancia pedi\u00e1trica humanizada e de excel\u00eancia","_links":{"self":[{"href":"https:\/\/goias.gov.br\/saude\/wp-json\/wp\/v2\/posts\/698448","targetHints":{"allow":["GET"]}}],"collection":[{"href":"https:\/\/goias.gov.br\/saude\/wp-json\/wp\/v2\/posts"}],"about":[{"href":"https:\/\/goias.gov.br\/saude\/wp-json\/wp\/v2\/types\/post"}],"author":[{"embeddable":true,"href":"https:\/\/goias.gov.br\/saude\/wp-json\/wp\/v2\/users\/165"}],"replies":[{"embeddable":true,"href":"https:\/\/goias.gov.br\/saude\/wp-json\/wp\/v2\/comments?post=698448"}],"version-history":[{"count":1,"href":"https:\/\/goias.gov.br\/saude\/wp-json\/wp\/v2\/posts\/698448\/revisions"}],"predecessor-version":[{"id":698475,"href":"https:\/\/goias.gov.br\/saude\/wp-json\/wp\/v2\/posts\/698448\/revisions\/698475"}],"wp:featuredmedia":[{"embeddable":true,"href":"https:\/\/goias.gov.br\/saude\/wp-json\/wp\/v2\/media\/698399"}],"wp:attachment":[{"href":"https:\/\/goias.gov.br\/saude\/wp-json\/wp\/v2\/media?parent=698448"}],"wp:term":[{"taxonomy":"category","embeddable":true,"href":"https:\/\/goias.gov.br\/saude\/wp-json\/wp\/v2\/categories?post=698448"},{"taxonomy":"post_tag","embeddable":true,"href":"https:\/\/goias.gov.br\/saude\/wp-json\/wp\/v2\/tags?post=698448"}],"curies":[{"name":"wp","href":"https:\/\/api.w.org\/{rel}","templated":true}]}}