

{"id":691,"date":"2019-04-03T14:54:20","date_gmt":"2019-04-03T17:54:20","guid":{"rendered":"https:\/\/siteshom.goias.gov.br\/saude\/conselho-de-saude-e-nosso-controle-social-diz-alexandrino\/"},"modified":"2019-04-03T14:54:20","modified_gmt":"2019-04-03T17:54:20","slug":"conselho-de-saude-e-nosso-controle-social-diz-alexandrino","status":"publish","type":"post","link":"https:\/\/goias.gov.br\/saude\/conselho-de-saude-e-nosso-controle-social-diz-alexandrino\/","title":{"rendered":"\u201cConselho de Sa\u00fade \u00e9 nosso controle social\u201d, diz Alexandrino"},"content":{"rendered":"<p><em>Conselheiros destacaram a in\u00e9dita participa\u00e7\u00e3o da alta gest\u00e3o da SES-GO em uma reuni\u00e3o do conselho<\/em><\/p>\n<p>Os gestores da Secretaria de Estado da Sa\u00fade de Goi\u00e1s (SES-GO), incluindo o secret\u00e1rio Ismael Alexandrino e todos os superintendentes, apresentaram o plano de governo para Sa\u00fade em Goi\u00e1s na quarta reuni\u00e3o ordin\u00e1ria de 2019 do Conselho Estadual de Sa\u00fade de Goi\u00e1s (CES), realizada na ter\u00e7a-feira, 02, no audit\u00f3rio do \u00f3rg\u00e3o, em Goi\u00e2nia.<\/p>\n<p>O presidente do conselho, Venerando Lemes, agradeceu o compromisso dos gestores junto ao conselho e falou da import\u00e2ncia da participa\u00e7\u00e3o deles na reuni\u00e3o, que busca fazer o controle social do Sistema \u00danico de Sa\u00fade (SUS) no Estado. \u201cEssa gest\u00e3o est\u00e1 demonstrando aten\u00e7\u00e3o ao CES, com empatia junto \u00e0 popula\u00e7\u00e3o goiana usu\u00e1ria do SUS\u201d, disse.<\/p>\n<p>Alexandrino, por sua vez, ressaltou a import\u00e2ncia do Conselho de Sa\u00fade para nortear as pol\u00edticas p\u00fablicas da \u00e1rea e agradeceu o apoio dos conselheiros que buscam tornar o SUS mais acess\u00edvel para os usu\u00e1rios. \u201cN\u00f3s fazemos sa\u00fade p\u00fablica para a popula\u00e7\u00e3o, e essa \u00e9 uma inst\u00e2ncia leg\u00edtima. Nesse sentido, fa\u00e7o quest\u00e3o de estar presente, para que a gest\u00e3o seja debatida, construindo o SUS coletivamente\u201d, lembrou. Estavam presentes no encontro dezenas de conselheiros, representantes da sociedade civil, dos gestores, dos profissionais de sa\u00fade e dos usu\u00e1rios da sa\u00fade p\u00fablica.<\/p>\n<p>O secret\u00e1rio de Estado da Sa\u00fade de Goi\u00e1s fez quest\u00e3o de pontuar as bases de sua gest\u00e3o, inspiradas nos princ\u00edpios do SUS, buscando equidade, integralidade e universalidade, por meio da regionaliza\u00e7\u00e3o da sa\u00fade, que facilitar\u00e1 o acesso da popula\u00e7\u00e3o aos servi\u00e7os, a estrutura\u00e7\u00e3o da regula\u00e7\u00e3o \u2013 que vai garantir um acesso igual para a popula\u00e7\u00e3o do interior e a busca da efici\u00eancia financeira e operacional que se dar\u00e1 por meio da renegocia\u00e7\u00e3o dos contratos com as Organiza\u00e7\u00f5es Sociais de Sa\u00fade, ampliando as metas e \u00e0s vezes reduzindo valores de repasses, al\u00e9m de adequar as unidades de sa\u00fade \u00e0s suas voca\u00e7\u00f5es de atendimento.<\/p>\n<p><strong>Pediatria<\/strong><\/p>\n<p>Durante a reuni\u00e3o, os gestores foram questionados quanto ao atendimento pedi\u00e1trico em Goi\u00e1s e informaram que medidas em curto prazo j\u00e1 est\u00e3o sendo implantadas.<\/p>\n<p>No Hospital Estadual de Urg\u00eancias da Regi\u00e3o Noroeste Governador Ot\u00e1vio Lage (Hugol) ser\u00e3o instalados dez leitos de UTI pedi\u00e1trica e 39 de enfermaria pedi\u00e1trica para pacientes referenciados de outras unidades, como do Hospital Estadual Materno-Infantil Dr. Jurandir do Nascimento (HMI). \u201cLembramos que esses leitos ser\u00e3o para pacientes encaminhados de outras unidades. A refer\u00eancia em emerg\u00eancia continua sendo o HMI\u201d, disse Alexandrino.<\/p>\n<p>Segundo a equipe, leitos tamb\u00e9m est\u00e3o sendo contratados em unidades da rede privada, ajudando a desafogar as interna\u00e7\u00f5es do HMI. Al\u00e9m de outros leitos que est\u00e3o sendo negociados no Hospital Municipal de Aparecida de Goi\u00e2nia, que tamb\u00e9m ser\u00e3o destinados ao atendimento infantil.<\/p>\n<p><strong>Novos contratos<\/strong><\/p>\n<p>No encontro, que tamb\u00e9m serviu como presta\u00e7\u00e3o de contas, o secret\u00e1rio falou do processo de revis\u00e3o de contratos em andamento na pasta. Segundo Alexandrino, conforme o prazo para renova\u00e7\u00e3o dos contratos de gest\u00e3o com as Organiza\u00e7\u00f5es Sociais da Sa\u00fade (OSS), revis\u00f5es est\u00e3o sendo feitas, com intuito de adequar o or\u00e7amento financeiro. \u201cAs adequa\u00e7\u00f5es v\u00e3o al\u00e9m da parte financeira e as metas tamb\u00e9m est\u00e3o sendo ampliadas, como a inclus\u00e3o de cirurgias eletivas para as OSS que gerem unidades de urg\u00eancia\u201d, esclareceu.<\/p>\n<p>O Termo de Refer\u00eancia para o novo chamamento p\u00fablico para a gest\u00e3o do Hospital Estadual de Urg\u00eancias de Trindade Walda Ferreira dos Santos (Hutrin) foi apresentado para os conselheiros. A nova OSS que for administrar o hospital ter\u00e1 que cumprir novas metras preconizadas. Agora, o hospital ser\u00e1 refer\u00eancia em cirurgias de h\u00e9rnia e ves\u00edcula, al\u00e9m de ampliar a realiza\u00e7\u00e3o de partos de baixo risco, o que vai colaborar para desafogar esses atendimentos realizados no HMI.<\/p>\n<p>\u201cDefinindo esses servi\u00e7os para o Hutrin, teremos uma unidade refer\u00eancia para realizar essas cirurgias, que t\u00eam grande demanda no SUS e vai colaborar com o HMI, absorvendo as gestantes de baixo risco na hora do parto\u201d, acentuou Alexandrino.<\/p>\n<p><strong>Policl\u00ednicas<\/strong><\/p>\n<p>A comitiva da SES-GO aproveitou o encontro para anunciar aos conselheiros a implanta\u00e7\u00e3o de policl\u00ednicas regionais por todo o Estado, proporcionando \u00e0 popula\u00e7\u00e3o do interior acesso mais f\u00e1cil e r\u00e1pido a consultas especializadas e atendimento multidisciplinar. \u201cAs policl\u00ednicas ajudaram na regionaliza\u00e7\u00e3o da sa\u00fade e desafogar\u00e1 o atendimento ambulatorial de Goi\u00e2nia, al\u00e9m de ter o perfil para realizar algumas pequenas cirurgias\u201d, pontuou o superintendente de Controle, Avalia\u00e7\u00e3o e Gerenciamento das Unidades de Sa\u00fade (Scages), Marcelo Trevenzoli.<\/p>\n<p>O servi\u00e7o de preven\u00e7\u00e3o ao c\u00e2ncer tamb\u00e9m ser\u00e1 instalado em algumas policl\u00ednicas, de forma estrat\u00e9gica, o que vai impactar positivamente no Hospital Ara\u00fajo Jorge, principal unidade de atendimento a pacientes com essa enfermidade. Segundo Marcelo Trevenzoli, ser\u00e1 um diferencial para a sa\u00fade em Goi\u00e1s, que ainda n\u00e3o tem atendimento para o c\u00e2ncer na rede pr\u00f3pria. \u201cPrecisamos investir na preven\u00e7\u00e3o ao c\u00e2ncer, pois, al\u00e9m de ser um servi\u00e7o mais barato do que o gasto com tratamento, a preven\u00e7\u00e3o tem cerca de 80% mais resolutividade e efic\u00e1cia\u201d, garantiu.<\/p>\n<p><em>Felipe Cordeiro (texto) e Sabba Nogueira (Fotos), da Comunica\u00e7\u00e3o Setorial<\/em><\/p>\n<p><img fetchpriority=\"high\" decoding=\"async\" class=\"alignleft size-large wp-image-23997\" src=\"https:\/\/goias.gov.br\/saude\/wp-content\/uploads\/sites\/34\/images\/imagens_migradas\/2019\/04\/6-1024x478.jpg\" alt=\"\" width=\"1024\" height=\"478\" \/><\/p>\n<p><img decoding=\"async\" class=\"alignleft size-large wp-image-23996\" src=\"https:\/\/goias.gov.br\/saude\/wp-content\/uploads\/sites\/34\/images\/imagens_migradas\/2019\/04\/4-1024x524.jpg\" alt=\"\" width=\"1024\" height=\"524\" \/><\/p>\n<p>&nbsp;<\/p>\n","protected":false},"excerpt":{"rendered":"<p>Conselheiros destacaram a in\u00e9dita participa\u00e7\u00e3o da alta gest\u00e3o da SES-GO em uma reuni\u00e3o do conselho Os gestores da Secretaria de Estado da Sa\u00fade de Goi\u00e1s (SES-GO), incluindo o secret\u00e1rio Ismael Alexandrino e todos os superintendentes, apresentaram o plano de governo para Sa\u00fade em Goi\u00e1s na quarta reuni\u00e3o ordin\u00e1ria de 2019 do Conselho Estadual de Sa\u00fade [&hellip;]<\/p>\n","protected":false},"author":46,"featured_media":0,"comment_status":"closed","ping_status":"open","sticky":false,"template":"","format":"standard","meta":{"footnotes":""},"categories":[3],"tags":[],"class_list":["post-691","post","type-post","status-publish","format-standard","hentry","category-noticias"],"rttpg_featured_image_url":null,"rttpg_author":{"display_name":"cleybetsls","author_link":"https:\/\/goias.gov.br\/saude\/author\/cleybetsls\/"},"rttpg_comment":0,"rttpg_category":"<a href=\"https:\/\/goias.gov.br\/saude\/categoria\/noticias\/\" rel=\"category tag\">Not\u00edcias<\/a>","rttpg_excerpt":"Conselheiros destacaram a in\u00e9dita participa\u00e7\u00e3o da alta gest\u00e3o da SES-GO em uma reuni\u00e3o do conselho Os gestores da Secretaria de Estado da Sa\u00fade de Goi\u00e1s (SES-GO), incluindo o secret\u00e1rio Ismael Alexandrino e todos os superintendentes, apresentaram o plano de governo para Sa\u00fade em Goi\u00e1s na quarta reuni\u00e3o ordin\u00e1ria de 2019 do Conselho Estadual de Sa\u00fade&hellip;","_links":{"self":[{"href":"https:\/\/goias.gov.br\/saude\/wp-json\/wp\/v2\/posts\/691","targetHints":{"allow":["GET"]}}],"collection":[{"href":"https:\/\/goias.gov.br\/saude\/wp-json\/wp\/v2\/posts"}],"about":[{"href":"https:\/\/goias.gov.br\/saude\/wp-json\/wp\/v2\/types\/post"}],"author":[{"embeddable":true,"href":"https:\/\/goias.gov.br\/saude\/wp-json\/wp\/v2\/users\/46"}],"replies":[{"embeddable":true,"href":"https:\/\/goias.gov.br\/saude\/wp-json\/wp\/v2\/comments?post=691"}],"version-history":[{"count":0,"href":"https:\/\/goias.gov.br\/saude\/wp-json\/wp\/v2\/posts\/691\/revisions"}],"wp:attachment":[{"href":"https:\/\/goias.gov.br\/saude\/wp-json\/wp\/v2\/media?parent=691"}],"wp:term":[{"taxonomy":"category","embeddable":true,"href":"https:\/\/goias.gov.br\/saude\/wp-json\/wp\/v2\/categories?post=691"},{"taxonomy":"post_tag","embeddable":true,"href":"https:\/\/goias.gov.br\/saude\/wp-json\/wp\/v2\/tags?post=691"}],"curies":[{"name":"wp","href":"https:\/\/api.w.org\/{rel}","templated":true}]}}