

{"id":683,"date":"2019-04-08T07:46:10","date_gmt":"2019-04-08T10:46:10","guid":{"rendered":"https:\/\/siteshom.goias.gov.br\/saude\/hugol-na-comunidade-promoveu-saude-e-cidadania\/"},"modified":"2019-04-08T07:46:10","modified_gmt":"2019-04-08T10:46:10","slug":"hugol-na-comunidade-promoveu-saude-e-cidadania","status":"publish","type":"post","link":"https:\/\/goias.gov.br\/saude\/hugol-na-comunidade-promoveu-saude-e-cidadania\/","title":{"rendered":"Hugol na Comunidade promoveu sa\u00fade e cidadania"},"content":{"rendered":"<p><div><em>Evento, realizado na regi\u00e3o Noroeste de Goi\u00e2nia, local em que o hospital est\u00e1 localizado, contabilizou cerca de 1.200 atendimentos no \u00faltimo s\u00e1bado, 06<\/em><\/div>\n<\/p>\n<div>\n<p>Em alus\u00e3o ao Dia Mundial da Sa\u00fade, o Hospital Estadual de Urg\u00eancias da Regi\u00e3o Noroeste de Goi\u00e2nia Governador Ot\u00e1vio Lage de Siqueira (Hugol), unidade da Secretaria de Estado da Sa\u00fade de Goi\u00e1s (SES-GO), realizou no \u00faltimo s\u00e1bado, 06, o 4\u00ba Hugol na Comunidade, no Col\u00e9gio Estadual Francisco Maria Dantas, no setor Mans\u00f5es Para\u00edso. Evento, que promoveu educa\u00e7\u00e3o em sa\u00fade, cidadania, responsabilidade social e entretenimento, executou 1234 procedimentos em atividades voltadas para os moradores da regi\u00e3o Noroeste de Goi\u00e2nia. Ao todo, nas quatro edi\u00e7\u00f5es do evento, j\u00e1 foram ofertados mais de 12 mil procedimentos, com uma m\u00e9dia de 250 volunt\u00e1rios em cada ano.<\/p>\n<p>\u201cO Hugol na Comunidade traz para a sociedade um alerta sobre a import\u00e2ncia da preven\u00e7\u00e3o, orientando sobre os perigos que podem ser evitados. Com isso, estamos proporcionando uma maior qualidade de vida para os moradores da regi\u00e3o Noroeste, local em que o hospital est\u00e1 localizado. O foco \u00e9 ir al\u00e9m do paciente atendido no Hugol, promovendo sa\u00fade para todo o raio de abrang\u00eancia da unidade de sa\u00fade\u201d, relatou H\u00e9lio Ponciano Trevenzol, Diretor Geral do Hospital.<\/p>\n<p>Na \u00e1rea da sa\u00fade, a comunidade participou de oficina de primeiros socorros, sensibiliza\u00e7\u00e3o para doa\u00e7\u00e3o de \u00f3rg\u00e3os, orienta\u00e7\u00f5es nutricionais e combate \u00e0 obesidade e ao sedentarismo, oficina de mastiga\u00e7\u00e3o, testes de glicemia, HCV, hepatite e HIV, aferi\u00e7\u00e3o de press\u00e3o arterial, preven\u00e7\u00e3o de hipertens\u00e3o, diabetes, colesterol, infarto agudo do mioc\u00e1rdio e acidente vascular cerebral e atividades para o corpo e a mente, como pilates, auricoloterapia, ventosaterapia e massoterapia. \u201cO evento focou principalmente na a\u00e7\u00e3o preventiva para que possamos disseminar um conhecimento que vai prevenir situa\u00e7\u00f5es mais graves, otimizando os servi\u00e7os de sa\u00fade em geral\u201d, explicou a nutricionista do hospital, Marianne Falco.<\/p>\n<p>Os participantes foram encaminhados para o acesso aos direitos de cidadania, como Bolsa Fam\u00edlia, emiss\u00e3o de segunda via de registro civil, carteira de trabalho, passaporte do idoso, passe livre para pessoas com defici\u00eancia, carteira do autista e outros documentos, al\u00e9m de receber orienta\u00e7\u00f5es sobre tr\u00e2nsito e prepara\u00e7\u00e3o de curr\u00edculos. Andreia Souza, moradora da comunidade, aproveitou a oportunidade para realizar a atualiza\u00e7\u00e3o do seu Cad\u00danico e relatou:\u00a0 \u201cA popula\u00e7\u00e3o carente tem um acesso mais complicado para diversos servi\u00e7os que est\u00e3o sendo ofertados aqui, seja por tempo ou dinheiro, ent\u00e3o poder vir e conseguir o que estava precisando foi fant\u00e1stico\u201d.<\/p>\n<p>No quesito est\u00e9tica, o evento ofereceu cortes de cabelo, esmalta\u00e7\u00e3o, maquiagem, design de sobrancelha, massagem e, para o entretenimento, brinquedoteca com pipoca, algod\u00e3o-doce e picol\u00e9 para as crian\u00e7as. \u201cEu vim para cortar o cabelo, mas acabei realizando alguns exames tamb\u00e9m. O lado positivo de voc\u00ea concentrar diversas atividades em um s\u00f3 local \u00e9 que fica mais f\u00e1cil de suprir as necessidades da comunidade\u201d, explicou o visitante Otac\u00edlio Gon\u00e7alves.<\/p>\n<p>O Hugol na Comunidade busca incentivar a solidariedade, pois todos os recursos foram advindos de doa\u00e7\u00f5es de empresas e institui\u00e7\u00f5es e a equipe foi essencialmente composta por volunt\u00e1rios acad\u00eamicos de cursos superiores da sa\u00fade e de colaboradores da unidade, servindo tamb\u00e9m como campo de ensino para os estudantes, que tiveram a possibilidade de desenvolver a pr\u00e1tica da sa\u00fade p\u00fablica.<\/p>\n<p><em>Jos\u00e9\u00a0Ferreira\u00a0Neto (texto), e Edson Freitas (fotos), da\u00a0Agir<\/em><\/p>\n<p><img fetchpriority=\"high\" decoding=\"async\" class=\"alignleft size-large wp-image-24061\" src=\"https:\/\/goias.gov.br\/saude\/wp-content\/uploads\/sites\/34\/images\/imagens_migradas\/2019\/04\/eds9504-1024x683.jpg\" alt=\"\" width=\"1024\" height=\"683\" \/><\/p>\n<\/div>\n<p><div><\/div>\n<\/p>\n<p><div><img decoding=\"async\" class=\"alignleft size-large wp-image-24062\" src=\"https:\/\/goias.gov.br\/saude\/wp-content\/uploads\/sites\/34\/images\/imagens_migradas\/2019\/04\/eds9608-1024x683.jpg\" alt=\"\" width=\"1024\" height=\"683\" \/><\/div><\/p>\n","protected":false},"excerpt":{"rendered":"<p>Evento, realizado na regi\u00e3o Noroeste de Goi\u00e2nia, local em que o hospital est\u00e1 localizado, contabilizou cerca de 1.200 atendimentos no \u00faltimo s\u00e1bado, 06 Em alus\u00e3o ao Dia Mundial da Sa\u00fade, o Hospital Estadual de Urg\u00eancias da Regi\u00e3o Noroeste de Goi\u00e2nia Governador Ot\u00e1vio Lage de Siqueira (Hugol), unidade da Secretaria de Estado da Sa\u00fade de Goi\u00e1s [&hellip;]<\/p>\n","protected":false},"author":46,"featured_media":0,"comment_status":"closed","ping_status":"open","sticky":false,"template":"","format":"standard","meta":{"footnotes":""},"categories":[3],"tags":[],"class_list":["post-683","post","type-post","status-publish","format-standard","hentry","category-noticias"],"rttpg_featured_image_url":null,"rttpg_author":{"display_name":"cleybetsls","author_link":"https:\/\/goias.gov.br\/saude\/author\/cleybetsls\/"},"rttpg_comment":0,"rttpg_category":"<a href=\"https:\/\/goias.gov.br\/saude\/categoria\/noticias\/\" rel=\"category tag\">Not\u00edcias<\/a>","rttpg_excerpt":"Evento, realizado na regi\u00e3o Noroeste de Goi\u00e2nia, local em que o hospital est\u00e1 localizado, contabilizou cerca de 1.200 atendimentos no \u00faltimo s\u00e1bado, 06 Em alus\u00e3o ao Dia Mundial da Sa\u00fade, o Hospital Estadual de Urg\u00eancias da Regi\u00e3o Noroeste de Goi\u00e2nia Governador Ot\u00e1vio Lage de Siqueira (Hugol), unidade da Secretaria de Estado da Sa\u00fade de Goi\u00e1s&hellip;","_links":{"self":[{"href":"https:\/\/goias.gov.br\/saude\/wp-json\/wp\/v2\/posts\/683","targetHints":{"allow":["GET"]}}],"collection":[{"href":"https:\/\/goias.gov.br\/saude\/wp-json\/wp\/v2\/posts"}],"about":[{"href":"https:\/\/goias.gov.br\/saude\/wp-json\/wp\/v2\/types\/post"}],"author":[{"embeddable":true,"href":"https:\/\/goias.gov.br\/saude\/wp-json\/wp\/v2\/users\/46"}],"replies":[{"embeddable":true,"href":"https:\/\/goias.gov.br\/saude\/wp-json\/wp\/v2\/comments?post=683"}],"version-history":[{"count":0,"href":"https:\/\/goias.gov.br\/saude\/wp-json\/wp\/v2\/posts\/683\/revisions"}],"wp:attachment":[{"href":"https:\/\/goias.gov.br\/saude\/wp-json\/wp\/v2\/media?parent=683"}],"wp:term":[{"taxonomy":"category","embeddable":true,"href":"https:\/\/goias.gov.br\/saude\/wp-json\/wp\/v2\/categories?post=683"},{"taxonomy":"post_tag","embeddable":true,"href":"https:\/\/goias.gov.br\/saude\/wp-json\/wp\/v2\/tags?post=683"}],"curies":[{"name":"wp","href":"https:\/\/api.w.org\/{rel}","templated":true}]}}