

{"id":682,"date":"2019-04-08T08:52:54","date_gmt":"2019-04-08T11:52:54","guid":{"rendered":"https:\/\/siteshom.goias.gov.br\/saude\/ses-leva-servicos-as-unidades-da-ovg\/"},"modified":"2019-04-08T08:52:54","modified_gmt":"2019-04-08T11:52:54","slug":"ses-leva-servicos-as-unidades-da-ovg","status":"publish","type":"post","link":"https:\/\/goias.gov.br\/saude\/ses-leva-servicos-as-unidades-da-ovg\/","title":{"rendered":"SES-GO leva servi\u00e7os \u00e0s unidades da OVG"},"content":{"rendered":"<p><p style=\"font-weight: 400;\"><em>A\u00e7\u00e3o faz parte do evento Mais Sa\u00fade e Qualidade de Vida, realizado pela Organiza\u00e7\u00e3o das Volunt\u00e1rias de Goi\u00e1s aos benefici\u00e1rios de suas unidades<\/em><\/p>\n<\/p>\n<p><p style=\"font-weight: 400;\">Com o objetivo de levar mais sa\u00fade e qualidade de vida para a popula\u00e7\u00e3o atendida nas unidades da Organiza\u00e7\u00e3o das Volunt\u00e1rias de Goi\u00e1s (OVG), a Secretaria de Estado da Sa\u00fade de Goi\u00e1s (SES-GO) apoia a organiza\u00e7\u00e3o na realiza\u00e7\u00e3o da Mais Sa\u00fade e Qualidade de Vida. A abertura do evento ser\u00e1 realizada na pr\u00f3xima quarta-feira, 10, no Complexo Gerontol\u00f3gico Sagrada Fam\u00edlia, \u00e0s 8h30, no Jardim Bela Vista, em Goi\u00e2nia.<\/p>\n<\/p>\n<p><p style=\"font-weight: 400;\">Aos benefici\u00e1rios e funcion\u00e1rios da institui\u00e7\u00e3o no evento, a SES vai oferecer servi\u00e7os como aferi\u00e7\u00e3o de press\u00e3o arterial, teste de glicemia, teste r\u00e1pido de s\u00edfilis, HIV e hepatite, orienta\u00e7\u00f5es nutricionais e odontol\u00f3gicas, auriculoterapia, dan\u00e7a circular, reike, entre outros. Na oportunidade, tamb\u00e9m ser\u00e3o ministradas palestras sobre sa\u00fade voltadas para o p\u00fablico de cada unidade e distribui\u00e7\u00e3o de mudas de plantas medicinais.<\/p>\n<\/p>\n<p><p style=\"font-weight: 400;\">A programa\u00e7\u00e3o, que se estende por todo o m\u00eas de Abril, visitar\u00e1 diversas unidades da OVG.<\/p>\n<\/p>\n<p><p style=\"font-weight: 400;\">Veja o cronograma:<\/p>\n<\/p>\n<p><p style=\"font-weight: 400;\">10 de abril \u2013 Complexo Gerontol\u00f3gico Sagrada Fam\u00edlia, Jardim Bela Vista.<\/p>\n<\/p>\n<p><p style=\"font-weight: 400;\">12 de abril \u2013 Centro de Conviv\u00eancia de Idosos Norte Ferrovi\u00e1rio, Setor Norte Ferrovi\u00e1rio.<\/p>\n<\/p>\n<p><p style=\"font-weight: 400;\">16 de abril \u2013 Centro de Conviv\u00eancia de Adolescentes, Jardim Novo Mundo.<\/p>\n<\/p>\n<p><p style=\"font-weight: 400;\">17 de abril \u2013 Sede da OVG, Setor Bueno.<\/p>\n<\/p>\n<p><p style=\"font-weight: 400;\">23 de abril \u2013 Casa do Interior, Setor Oeste.<\/p>\n<\/p>\n<p><p style=\"font-weight: 400;\">25 de abril \u2013 Vila Vida, Setor Coimbra.<\/p>\n<\/p>\n<p><p style=\"font-weight: 400;\">30 de abril \u2013 Centro de Conviv\u00eancia de Idoso C\u00e2ndida de Morais, Setor C\u00e2ndida de Morais.<\/p>\n<\/p>\n<p><p style=\"font-weight: 400;\"><strong>\u00a0<\/strong><\/p>\n<\/p>\n<p><p style=\"font-weight: 400;\"><strong>SERVI\u00c7O<\/strong><\/p>\n<\/p>\n<p><p style=\"font-weight: 400;\"><strong>Evento Mais Sa\u00fade e Qualidade de Vida<\/strong><\/p>\n<\/p>\n<p><p style=\"font-weight: 400;\"><strong>Data:<\/strong>\u00a010 de abril<\/p>\n<\/p>\n<p><p style=\"font-weight: 400;\"><strong>Hor\u00e1rio:<\/strong>\u00a08h30<\/p>\n<\/p>\n<p><p style=\"font-weight: 400;\"><strong>Local:<\/strong>\u00a0Complexo Gerontol\u00f3gico Sagrada Fam\u00edlia<\/p>\n<\/p>\n<p><p style=\"font-weight: 400;\"><strong>Endere\u00e7o<\/strong>: Alameda do Contorno, n\u00ba 3.038, Jardim Bela Vista, Goi\u00e2nia-GO.<\/p>\n<\/p>\n<p><p style=\"font-weight: 400;\"><em>Felipe Cordeiro, da Comunica\u00e7\u00e3o Setorial<\/em><\/p><\/p>\n","protected":false},"excerpt":{"rendered":"<p>A\u00e7\u00e3o faz parte do evento Mais Sa\u00fade e Qualidade de Vida, realizado pela Organiza\u00e7\u00e3o das Volunt\u00e1rias de Goi\u00e1s aos benefici\u00e1rios de suas unidades Com o objetivo de levar mais sa\u00fade e qualidade de vida para a popula\u00e7\u00e3o atendida nas unidades da Organiza\u00e7\u00e3o das Volunt\u00e1rias de Goi\u00e1s (OVG), a Secretaria de Estado da Sa\u00fade de Goi\u00e1s [&hellip;]<\/p>\n","protected":false},"author":46,"featured_media":0,"comment_status":"closed","ping_status":"open","sticky":false,"template":"","format":"standard","meta":{"footnotes":""},"categories":[3],"tags":[],"class_list":["post-682","post","type-post","status-publish","format-standard","hentry","category-noticias"],"rttpg_featured_image_url":null,"rttpg_author":{"display_name":"cleybetsls","author_link":"https:\/\/goias.gov.br\/saude\/author\/cleybetsls\/"},"rttpg_comment":0,"rttpg_category":"<a href=\"https:\/\/goias.gov.br\/saude\/categoria\/noticias\/\" rel=\"category tag\">Not\u00edcias<\/a>","rttpg_excerpt":"A\u00e7\u00e3o faz parte do evento Mais Sa\u00fade e Qualidade de Vida, realizado pela Organiza\u00e7\u00e3o das Volunt\u00e1rias de Goi\u00e1s aos benefici\u00e1rios de suas unidades Com o objetivo de levar mais sa\u00fade e qualidade de vida para a popula\u00e7\u00e3o atendida nas unidades da Organiza\u00e7\u00e3o das Volunt\u00e1rias de Goi\u00e1s (OVG), a Secretaria de Estado da Sa\u00fade de Goi\u00e1s&hellip;","_links":{"self":[{"href":"https:\/\/goias.gov.br\/saude\/wp-json\/wp\/v2\/posts\/682","targetHints":{"allow":["GET"]}}],"collection":[{"href":"https:\/\/goias.gov.br\/saude\/wp-json\/wp\/v2\/posts"}],"about":[{"href":"https:\/\/goias.gov.br\/saude\/wp-json\/wp\/v2\/types\/post"}],"author":[{"embeddable":true,"href":"https:\/\/goias.gov.br\/saude\/wp-json\/wp\/v2\/users\/46"}],"replies":[{"embeddable":true,"href":"https:\/\/goias.gov.br\/saude\/wp-json\/wp\/v2\/comments?post=682"}],"version-history":[{"count":0,"href":"https:\/\/goias.gov.br\/saude\/wp-json\/wp\/v2\/posts\/682\/revisions"}],"wp:attachment":[{"href":"https:\/\/goias.gov.br\/saude\/wp-json\/wp\/v2\/media?parent=682"}],"wp:term":[{"taxonomy":"category","embeddable":true,"href":"https:\/\/goias.gov.br\/saude\/wp-json\/wp\/v2\/categories?post=682"},{"taxonomy":"post_tag","embeddable":true,"href":"https:\/\/goias.gov.br\/saude\/wp-json\/wp\/v2\/tags?post=682"}],"curies":[{"name":"wp","href":"https:\/\/api.w.org\/{rel}","templated":true}]}}