

{"id":677954,"date":"2026-01-20T09:43:30","date_gmt":"2026-01-20T12:43:30","guid":{"rendered":"https:\/\/goias.gov.br\/saude\/?p=677954"},"modified":"2026-01-20T10:16:47","modified_gmt":"2026-01-20T13:16:47","slug":"hdt-fortalece-cuidado-materno-infantil-na-eliminacao-da-transmissao-vertical-do-hiv","status":"publish","type":"post","link":"https:\/\/goias.gov.br\/saude\/hdt-fortalece-cuidado-materno-infantil-na-eliminacao-da-transmissao-vertical-do-hiv\/","title":{"rendered":"HDT fortalece cuidado materno-infantil na elimina\u00e7\u00e3o da transmiss\u00e3o vertical do HIV"},"content":{"rendered":"\n<p class=\"has-text-align-center\"><strong>Trabalho cont\u00ednuo e humanizado d Hospital Estadual de Doen\u00e7as Tropicais Dr. Anuar Auad contribui para marco hist\u00f3rico e pioneiro na Am\u00e9rica do Sul alcan\u00e7ado pelo Brasil<\/strong><\/p>\n\n\n\n<!--more-->\n\n\n\n<figure class=\"wp-block-image size-large\"><img fetchpriority=\"high\" decoding=\"async\" width=\"1024\" height=\"729\" src=\"https:\/\/goias.gov.br\/saude\/wp-content\/uploads\/sites\/34\/2025\/10\/2110-fachada-hdt-1024x729.jpeg\" alt=\"\" class=\"wp-image-569000\" srcset=\"https:\/\/goias.gov.br\/saude\/wp-content\/uploads\/sites\/34\/2025\/10\/2110-fachada-hdt-1024x729.jpeg 1024w, https:\/\/goias.gov.br\/saude\/wp-content\/uploads\/sites\/34\/2025\/10\/2110-fachada-hdt-300x214.jpeg 300w, https:\/\/goias.gov.br\/saude\/wp-content\/uploads\/sites\/34\/2025\/10\/2110-fachada-hdt-768x547.jpeg 768w, https:\/\/goias.gov.br\/saude\/wp-content\/uploads\/sites\/34\/2025\/10\/2110-fachada-hdt-1536x1093.jpeg 1536w, https:\/\/goias.gov.br\/saude\/wp-content\/uploads\/sites\/34\/2025\/10\/2110-fachada-hdt-2048x1458.jpeg 2048w\" sizes=\"(max-width: 1024px) 100vw, 1024px\" \/><figcaption class=\"wp-element-caption\"><em>HDT desenvolve trabalho cont\u00ednuo e humanizado por meio do programa Prevenir para a Vida<\/em><\/figcaption><\/figure>\n\n\n\n<p>O Hospital Estadual de Doen\u00e7as Tropicais Dr. Anuar Auad (HDT) refor\u00e7a seu papel como hospital de refer\u00eancia no cuidado integral a gestantes, crian\u00e7as e jovens que vivem com HIV, em conson\u00e2ncia com o marco hist\u00f3rico alcan\u00e7ado pelo Brasil: a elimina\u00e7\u00e3o da transmiss\u00e3o vertical do HIV como problema de sa\u00fade p\u00fablica. <\/p>\n\n\n\n<p>A unidade do Governo de Goi\u00e1s gerida pelo Instituto S\u00f3crates Guanaes (ISG) tornou-se o primeiro da Am\u00e9rica do Sul \u2014 e o maior no mundo \u2014 a alcan\u00e7ar esse resultado, reconhecido oficialmente pela Organiza\u00e7\u00e3o Pan-Americana da Sa\u00fade e pela Organiza\u00e7\u00e3o Mundial da Sa\u00fade (Opas\/OMS).<br><br>O hospital desenvolve, h\u00e1 24 anos, um trabalho cont\u00ednuo e humanizado por meio do programa Prevenir para a Vida, alinhado \u00e0s diretrizes do Sistema \u00danico de Sa\u00fade (SUS) e \u00e0s estrat\u00e9gias nacionais de enfrentamento ao HIV, com foco especial na preven\u00e7\u00e3o da transmiss\u00e3o vertical \u2014 de m\u00e3e para filho.<br><br>No HDT, mulheres que recebem o diagn\u00f3stico de HIV durante a gesta\u00e7\u00e3o encontram mais do que tratamento medicamentoso. O atendimento \u00e9 baseado no acolhimento, na escuta qualificada e na informa\u00e7\u00e3o segura, com suporte emocional e social que fortalece a ades\u00e3o ao tratamento antirretroviral \u2014 fator decisivo para impedir a transmiss\u00e3o do v\u00edrus durante a gesta\u00e7\u00e3o, o parto e o per\u00edodo p\u00f3s-parto.<br><br><strong>Frentes essenciais<\/strong><br>O Prevenir para a Vida atua de forma integrada em tr\u00eas frentes essenciais para a elimina\u00e7\u00e3o da transmiss\u00e3o vertical: acompanhamento de gestantes vivendo com HIV; cuidado de crian\u00e7as expostas ou que vivem com o v\u00edrus; e seguimento cont\u00ednuo de adolescentes e jovens adultos at\u00e9 os 24 anos.<\/p>\n\n\n\n<p>Atualmente, o programa acompanha cerca de 323 crian\u00e7as, entre expostas ao HIV e vivendo com o v\u00edrus, al\u00e9m de 36 gestantes, 27 adolescentes e 132 jovens adultos. O cuidado \u00e9 realizado por equipe multiprofissional composta por psic\u00f3logos, assistente social, auxiliar administrativa e outros profissionais que atuam de forma articulada.<\/p>\n\n\n\n<p>A elimina\u00e7\u00e3o da transmiss\u00e3o vertical do HIV como problema de sa\u00fade p\u00fablica refor\u00e7a a import\u00e2ncia de um cuidado cont\u00ednuo e integral, que n\u00e3o se encerra no parto. No HDT, o acompanhamento se estende ao per\u00edodo p\u00f3s-parto, etapa decisiva para consolidar os avan\u00e7os na preven\u00e7\u00e3o da transmiss\u00e3o do v\u00edrus de m\u00e3e para filho. <\/p>\n\n\n\n<p>Como a amamenta\u00e7\u00e3o n\u00e3o \u00e9 recomendada para m\u00e3es vivendo com HIV, o hospital orienta as fam\u00edlias sobre alternativas seguras e complementa o cuidado com a distribui\u00e7\u00e3o de f\u00f3rmulas infantis. O Minist\u00e9rio da Sa\u00fade garante o fornecimento at\u00e9 os nove meses e 28 dias da crian\u00e7a; ap\u00f3s esse per\u00edodo, o programa conta com o apoio de doa\u00e7\u00f5es e campanhas solid\u00e1rias para assegurar a continuidade da assist\u00eancia \u00e0s fam\u00edlias em situa\u00e7\u00e3o de maior vulnerabilidade social.<br><br>A iniciativa conta com o apoio de servidores, doadores e parceiros institucionais, al\u00e9m de campanhas permanentes da equipe. Ainda assim, conforme explica Carla Simone da Silva, coordenadora psicossocial do programa, h\u00e1 per\u00edodos em que o estoque de f\u00f3rmulas fica no limite. \u201cPara muitos beb\u00eas, a f\u00f3rmula \u00e9 a \u00fanica alimenta\u00e7\u00e3o segura, o que exige uma triagem criteriosa e prioriza\u00e7\u00e3o das fam\u00edlias em maior vulnerabilidade\u201d, destaca.<\/p>\n\n\n\n<p>Cejane Pupulin\/ISG<\/p>\n\n\n\n<p>Foto: arquivo SES-GO<\/p>\n","protected":false},"excerpt":{"rendered":"<p>Trabalho cont\u00ednuo e humanizado do hospital contribui para marco hist\u00f3rico alcan\u00e7ado pelo Brasil<\/p>\n","protected":false},"author":165,"featured_media":569000,"comment_status":"closed","ping_status":"open","sticky":false,"template":"","format":"standard","meta":{"footnotes":""},"categories":[3],"tags":[243],"class_list":["post-677954","post","type-post","status-publish","format-standard","has-post-thumbnail","hentry","category-noticias","tag-hospitais-estaduais"],"rttpg_featured_image_url":{"full":["https:\/\/goias.gov.br\/saude\/wp-content\/uploads\/sites\/34\/2025\/10\/2110-fachada-hdt.jpeg",3186,2268,false],"landscape":["https:\/\/goias.gov.br\/saude\/wp-content\/uploads\/sites\/34\/2025\/10\/2110-fachada-hdt.jpeg",3186,2268,false],"portraits":["https:\/\/goias.gov.br\/saude\/wp-content\/uploads\/sites\/34\/2025\/10\/2110-fachada-hdt.jpeg",3186,2268,false],"thumbnail":["https:\/\/goias.gov.br\/saude\/wp-content\/uploads\/sites\/34\/2025\/10\/2110-fachada-hdt-150x150.jpeg",150,150,true],"medium":["https:\/\/goias.gov.br\/saude\/wp-content\/uploads\/sites\/34\/2025\/10\/2110-fachada-hdt-300x214.jpeg",300,214,true],"large":["https:\/\/goias.gov.br\/saude\/wp-content\/uploads\/sites\/34\/2025\/10\/2110-fachada-hdt-1024x729.jpeg",1024,729,true],"1536x1536":["https:\/\/goias.gov.br\/saude\/wp-content\/uploads\/sites\/34\/2025\/10\/2110-fachada-hdt-1536x1093.jpeg",1536,1093,true],"2048x2048":["https:\/\/goias.gov.br\/saude\/wp-content\/uploads\/sites\/34\/2025\/10\/2110-fachada-hdt-2048x1458.jpeg",2048,1458,true]},"rttpg_author":{"display_name":"ricardocruz","author_link":"https:\/\/goias.gov.br\/saude\/author\/ricardocruz\/"},"rttpg_comment":0,"rttpg_category":"<a href=\"https:\/\/goias.gov.br\/saude\/categoria\/noticias\/\" rel=\"category tag\">Not\u00edcias<\/a>","rttpg_excerpt":"Trabalho cont\u00ednuo e humanizado do hospital contribui para marco hist\u00f3rico alcan\u00e7ado pelo Brasil","_links":{"self":[{"href":"https:\/\/goias.gov.br\/saude\/wp-json\/wp\/v2\/posts\/677954","targetHints":{"allow":["GET"]}}],"collection":[{"href":"https:\/\/goias.gov.br\/saude\/wp-json\/wp\/v2\/posts"}],"about":[{"href":"https:\/\/goias.gov.br\/saude\/wp-json\/wp\/v2\/types\/post"}],"author":[{"embeddable":true,"href":"https:\/\/goias.gov.br\/saude\/wp-json\/wp\/v2\/users\/165"}],"replies":[{"embeddable":true,"href":"https:\/\/goias.gov.br\/saude\/wp-json\/wp\/v2\/comments?post=677954"}],"version-history":[{"count":2,"href":"https:\/\/goias.gov.br\/saude\/wp-json\/wp\/v2\/posts\/677954\/revisions"}],"predecessor-version":[{"id":678114,"href":"https:\/\/goias.gov.br\/saude\/wp-json\/wp\/v2\/posts\/677954\/revisions\/678114"}],"wp:featuredmedia":[{"embeddable":true,"href":"https:\/\/goias.gov.br\/saude\/wp-json\/wp\/v2\/media\/569000"}],"wp:attachment":[{"href":"https:\/\/goias.gov.br\/saude\/wp-json\/wp\/v2\/media?parent=677954"}],"wp:term":[{"taxonomy":"category","embeddable":true,"href":"https:\/\/goias.gov.br\/saude\/wp-json\/wp\/v2\/categories?post=677954"},{"taxonomy":"post_tag","embeddable":true,"href":"https:\/\/goias.gov.br\/saude\/wp-json\/wp\/v2\/tags?post=677954"}],"curies":[{"name":"wp","href":"https:\/\/api.w.org\/{rel}","templated":true}]}}