

{"id":670048,"date":"2026-01-09T11:16:12","date_gmt":"2026-01-09T14:16:12","guid":{"rendered":"https:\/\/goias.gov.br\/saude\/?p=670048"},"modified":"2026-01-16T10:53:51","modified_gmt":"2026-01-16T13:53:51","slug":"publicacoes-emendas-parlamentares-2026","status":"publish","type":"post","link":"https:\/\/goias.gov.br\/saude\/publicacoes-emendas-parlamentares-2026\/","title":{"rendered":"Publica\u00e7\u00f5es \u2013 Emendas Parlamentares \u2013 2026"},"content":{"rendered":"\n<ul class=\"wp-block-list\">\n<li><a href=\"https:\/\/goias.gov.br\/saude\/wp-content\/uploads\/sites\/34\/prestacao-contas\/emendas-parlamentares\/2026\/portaria-10.pdf\" target=\"_blank\" rel=\"noreferrer noopener\">Portaria 10\/2026<\/a> \u2013 Emenda Parlamentar Impositiva n\u00ba 1279.12 do deputado estadual Wagner Neto para destina\u00e7\u00e3o de recursos ao Fundo Municipal de Sa\u00fade de Matrinch\u00e3<\/li>\n\n\n\n<li><a href=\"https:\/\/goias.gov.br\/saude\/wp-content\/uploads\/sites\/34\/prestacao-contas\/emendas-parlamentares\/2026\/portaria-120.pdf\" target=\"_blank\" rel=\"noreferrer noopener\">Portaria 120\/2026<\/a> \u2013 Emenda Parlamentar Impositiva n\u00ba 965 do deputado estadual Mauro Rubem para destina\u00e7\u00e3o de recursos ao Fundo Municipal de Sa\u00fade de Professor Jamil<\/li>\n\n\n\n<li><a href=\"https:\/\/goias.gov.br\/saude\/wp-content\/uploads\/sites\/34\/prestacao-contas\/emendas-parlamentares\/2026\/portaria-122.pdf\" target=\"_blank\" rel=\"noreferrer noopener\">Portaria 122\/2026<\/a> \u2013 Emenda Parlamentar Impositiva n\u00ba 959.4 do deputado estadual Eduardo Prado para destina\u00e7\u00e3o de recursos ao Fundo Municipal de Sa\u00fade de Taquaral de Goi\u00e1s<\/li>\n\n\n\n<li><a href=\"https:\/\/goias.gov.br\/saude\/wp-content\/uploads\/sites\/34\/prestacao-contas\/emendas-parlamentares\/2026\/portaria-118.pdf\" target=\"_blank\" rel=\"noreferrer noopener\">Portaria 118\/2026<\/a> \u2013 Emenda Parlamentar Impositiva n\u00ba 1209.11 do deputado estadual Lineu Olimpio para destina\u00e7\u00e3o de recursos ao Fundo Municipal de Sa\u00fade de Rian\u00e1polis<\/li>\n\n\n\n<li><a href=\"https:\/\/goias.gov.br\/saude\/wp-content\/uploads\/sites\/34\/prestacao-contas\/emendas-parlamentares\/2026\/portaria-111.pdf\" target=\"_blank\" rel=\"noreferrer noopener\">Portaria 111\/2026<\/a> \u2013 Emenda Parlamentar Impositiva n\u00ba 861.12 do deputado estadual Julio Pina para destina\u00e7\u00e3o de recursos ao Fundo Municipal de Sa\u00fade de Varj\u00e3o<\/li>\n\n\n\n<li><a href=\"https:\/\/goias.gov.br\/saude\/wp-content\/uploads\/sites\/34\/prestacao-contas\/emendas-parlamentares\/2026\/portaria-123.pdf\" target=\"_blank\" rel=\"noreferrer noopener\">Portaria 123\/2026<\/a> \u2013 Emenda Parlamentar Impositiva n\u00ba 1298.4 do deputado estadual Andr\u00e9 Gontijo para destina\u00e7\u00e3o de recursos ao Fundo Municipal de Sa\u00fade de Mutun\u00f3polis<\/li>\n\n\n\n<li><a href=\"https:\/\/goias.gov.br\/saude\/wp-content\/uploads\/sites\/34\/prestacao-contas\/emendas-parlamentares\/2026\/portaria-44.pdf\" target=\"_blank\" rel=\"noreferrer noopener\">Portaria 44\/2026<\/a> \u2013 Emenda Parlamentar Impositiva n\u00ba 21.17 da deputada estadual Rosangela de Rezende para destina\u00e7\u00e3o de recursos ao Fundo Municipal de Sa\u00fade de Lagoa Santa<\/li>\n\n\n\n<li><a href=\"https:\/\/goias.gov.br\/saude\/wp-content\/uploads\/sites\/34\/prestacao-contas\/emendas-parlamentares\/2026\/portaria-100.pdf\" target=\"_blank\" rel=\"noreferrer noopener\">Portaria 100\/2026<\/a> \u2013 Emenda Parlamentar Impositiva n\u00ba 1050.2 do deputado estadual Jamil Calife para destina\u00e7\u00e3o de recursos ao Fundo Municipal de Sa\u00fade de Catal\u00e3o<\/li>\n\n\n\n<li><a href=\"https:\/\/goias.gov.br\/saude\/wp-content\/uploads\/sites\/34\/prestacao-contas\/emendas-parlamentares\/2026\/portaria-31.pdf\" target=\"_blank\" rel=\"noreferrer noopener\">Portaria 31\/2026<\/a> \u2013 Emenda Parlamentar Impositiva n\u00ba 1140 do deputado estadual Lucas Calil para destina\u00e7\u00e3o de recursos ao Fundo Municipal de Sa\u00fade de Caldazinha<\/li>\n\n\n\n<li><a href=\"https:\/\/goias.gov.br\/saude\/wp-content\/uploads\/sites\/34\/prestacao-contas\/emendas-parlamentares\/2026\/portaria-81.pdf\" target=\"_blank\" rel=\"noreferrer noopener\">Portaria 81\/2026<\/a> \u2013 Emenda Parlamentar Impositiva n\u00ba 1028.16 do deputado estadual Karlos Cabral para destina\u00e7\u00e3o de recursos ao Fundo Municipal de Sa\u00fade de Leopoldo de Bulh\u00f5es<\/li>\n\n\n\n<li><a href=\"https:\/\/goias.gov.br\/saude\/wp-content\/uploads\/sites\/34\/prestacao-contas\/emendas-parlamentares\/2026\/portaria-80.pdf\" target=\"_blank\" rel=\"noreferrer noopener\">Portaria 80\/2026<\/a> \u2013 Emenda Parlamentar Impositiva n\u00ba 1275.4 do deputado estadual Talles Barreto para destina\u00e7\u00e3o de recursos ao Fundo Municipal de Sa\u00fade de Turv\u00e2nia<\/li>\n\n\n\n<li><a href=\"https:\/\/goias.gov.br\/saude\/wp-content\/uploads\/sites\/34\/prestacao-contas\/emendas-parlamentares\/2026\/portaria-45.pdf\" target=\"_blank\" rel=\"noreferrer noopener\">Portaria 45\/2026<\/a> \u2013 Emenda Parlamentar Impositiva n\u00ba 121.3 do deputado estadual George Morais para destina\u00e7\u00e3o de recursos ao Fundo Municipal de Sa\u00fade de Santa B\u00e1rbara de Goi\u00e1s<\/li>\n\n\n\n<li><a href=\"https:\/\/goias.gov.br\/saude\/wp-content\/uploads\/sites\/34\/prestacao-contas\/emendas-parlamentares\/2026\/portaria-43.pdf\" target=\"_blank\" rel=\"noreferrer noopener\">Portaria 43\/2026<\/a> \u2013 Emenda Parlamentar Impositiva n\u00ba 1326.19 do deputado estadual Veter Martins Morais para destina\u00e7\u00e3o de recursos ao Fundo Municipal de Sa\u00fade de Pontalina<\/li>\n\n\n\n<li><a href=\"https:\/\/goias.gov.br\/saude\/wp-content\/uploads\/sites\/34\/prestacao-contas\/emendas-parlamentares\/2026\/portaria-40.pdf\" target=\"_blank\" rel=\"noreferrer noopener\">Portaria 40\/2026<\/a> \u2013 Emenda Parlamentar Impositiva n\u00ba 655.3 do deputado estadual Cristov\u00e3o Vaz Tormin para destina\u00e7\u00e3o de recursos ao Fundo Municipal de Sa\u00fade de Orizona<\/li>\n\n\n\n<li><a href=\"https:\/\/goias.gov.br\/saude\/wp-content\/uploads\/sites\/34\/prestacao-contas\/emendas-parlamentares\/2026\/portaria-8.pdf\" target=\"_blank\" rel=\"noreferrer noopener\">Portaria 8\/2026<\/a> \u2013 Emenda Parlamentar Impositiva n\u00ba 327 do deputado estadual Adailton Florentino do Nascimento para destina\u00e7\u00e3o de recursos ao Fundo Municipal de Sa\u00fade de Santa Tereza de Goi\u00e1s<\/li>\n\n\n\n<li><a href=\"https:\/\/goias.gov.br\/saude\/wp-content\/uploads\/sites\/34\/prestacao-contas\/emendas-parlamentares\/2026\/portaria-7.pdf\" target=\"_blank\" rel=\"noreferrer noopener\">Portaria 7\/2026<\/a> \u2013 Emenda Parlamentar Impositiva n\u00ba 959.2 do deputado estadual Eduardo Jos\u00e9 do Prado para destina\u00e7\u00e3o de recursos ao Fundo Municipal de Sa\u00fade de Damianopolis<\/li>\n\n\n\n<li><a href=\"https:\/\/goias.gov.br\/saude\/wp-content\/uploads\/sites\/34\/prestacao-contas\/emendas-parlamentares\/2026\/portaria-5.pdf\" target=\"_blank\" rel=\"noreferrer noopener\">Portaria 5\/2026<\/a> \u2013 Emenda Parlamentar Impositiva n\u00ba 562.1 do deputado estadual Cairo Salim Marcelino Lopes para destina\u00e7\u00e3o de recursos ao Fundo Municipal de Sa\u00fade de Faina<\/li>\n\n\n\n<li><a href=\"https:\/\/goias.gov.br\/saude\/wp-content\/uploads\/sites\/34\/prestacao-contas\/emendas-parlamentares\/2026\/portaria-3.pdf\" target=\"_blank\" rel=\"noreferrer noopener\">Portaria 3\/2026<\/a> \u2013 Emenda Parlamentar Impositiva n\u00ba 967 do deputado estadual Rubens Augusto Nader para destina\u00e7\u00e3o de recursos ao Fundo Municipal de Sa\u00fade de Edealina <\/li>\n<\/ul>\n","protected":false},"excerpt":{"rendered":"","protected":false},"author":164,"featured_media":0,"comment_status":"closed","ping_status":"open","sticky":false,"template":"","format":"standard","meta":{"footnotes":""},"categories":[160],"tags":[],"class_list":["post-670048","post","type-post","status-publish","format-standard","hentry","category-emendas-parlamentares"],"rttpg_featured_image_url":null,"rttpg_author":{"display_name":"isabelamelo","author_link":"https:\/\/goias.gov.br\/saude\/author\/isabelamelo\/"},"rttpg_comment":0,"rttpg_category":"<a href=\"https:\/\/goias.gov.br\/saude\/categoria\/prestacao-de-contas\/emendas-parlamentares\/\" rel=\"category tag\">Emendas Parlamentares<\/a>","rttpg_excerpt":null,"_links":{"self":[{"href":"https:\/\/goias.gov.br\/saude\/wp-json\/wp\/v2\/posts\/670048","targetHints":{"allow":["GET"]}}],"collection":[{"href":"https:\/\/goias.gov.br\/saude\/wp-json\/wp\/v2\/posts"}],"about":[{"href":"https:\/\/goias.gov.br\/saude\/wp-json\/wp\/v2\/types\/post"}],"author":[{"embeddable":true,"href":"https:\/\/goias.gov.br\/saude\/wp-json\/wp\/v2\/users\/164"}],"replies":[{"embeddable":true,"href":"https:\/\/goias.gov.br\/saude\/wp-json\/wp\/v2\/comments?post=670048"}],"version-history":[{"count":2,"href":"https:\/\/goias.gov.br\/saude\/wp-json\/wp\/v2\/posts\/670048\/revisions"}],"predecessor-version":[{"id":675533,"href":"https:\/\/goias.gov.br\/saude\/wp-json\/wp\/v2\/posts\/670048\/revisions\/675533"}],"wp:attachment":[{"href":"https:\/\/goias.gov.br\/saude\/wp-json\/wp\/v2\/media?parent=670048"}],"wp:term":[{"taxonomy":"category","embeddable":true,"href":"https:\/\/goias.gov.br\/saude\/wp-json\/wp\/v2\/categories?post=670048"},{"taxonomy":"post_tag","embeddable":true,"href":"https:\/\/goias.gov.br\/saude\/wp-json\/wp\/v2\/tags?post=670048"}],"curies":[{"name":"wp","href":"https:\/\/api.w.org\/{rel}","templated":true}]}}