

{"id":670,"date":"2019-04-10T13:17:31","date_gmt":"2019-04-10T16:17:31","guid":{"rendered":"https:\/\/siteshom.goias.gov.br\/saude\/evento-da-ovg-promove-saude-e-qualidade-de-vida\/"},"modified":"2019-04-10T13:17:31","modified_gmt":"2019-04-10T16:17:31","slug":"evento-da-ovg-promove-saude-e-qualidade-de-vida","status":"publish","type":"post","link":"https:\/\/goias.gov.br\/saude\/evento-da-ovg-promove-saude-e-qualidade-de-vida\/","title":{"rendered":"Evento da OVG promove sa\u00fade e qualidade de vida"},"content":{"rendered":"<p><em>Mais de 400 idosos participaram do encontro realizado no Complexo Gerontol\u00f3gico Sagrada Fam\u00edlia <\/em><\/p>\n<p>T\u00e9cnicos da Superintend\u00eancia de Politicas de Aten\u00e7\u00e3o Integral \u00e0 Sa\u00fade (Spais) e da Superintend\u00eancia de Vigil\u00e2ncia em Sa\u00fade (Suvisa) da Secretaria de Estado da Sa\u00fade de Goi\u00e1s (SES-GO) ofereceram servi\u00e7os de sa\u00fade no encontro promovido pela Organiza\u00e7\u00e3o das Volunt\u00e1rias de Goi\u00e1s (OVG). O \u201cMais Sa\u00fade e Qualidade de Vida\u201d foi realizado no Complexo Gerontol\u00f3gico Sagrada Fam\u00edlia, em Goi\u00e2nia. Na oportunidade, mais de 400 idosos, entre benefici\u00e1rios da OVG e comunidade em geral, estiveram presentes, aproveitando os servi\u00e7os oferecidos.<\/p>\n<p>Reike, auriculoterapia, testagem r\u00e1pida para S\u00edfilis, HIV e Hepatites, aferi\u00e7\u00e3o de press\u00e3o arterial, teste de glicemia, orienta\u00e7\u00e3o nutricional e entrega da caderneta do idoso foram os atendimentos levados pela SES-GO para os participantes do encontro. A coordenadora do Centro de Conviv\u00eancia dos Idosos da OVG, Cec\u00edlia Caetano, ressaltou que essa foi a abertura dos eventos que ser\u00e3o oferecidos durante todo o m\u00eas de abril nas unidades da Organiza\u00e7\u00e3o e que fazem parte da comemora\u00e7\u00e3o ao Dia Mundial de Sa\u00fade, celebrado em 6 de abril.<\/p>\n<p>\u201cEstamos comemorando o Dia Mundial de Sa\u00fade e nessa abertura estamos apresentando os servi\u00e7os que vamos oferecer dentro das unidades durante todo o m\u00eas\u201d, pontuou. Nos pr\u00f3ximos encontros tamb\u00e9m ser\u00e3o realizadas palestras sobre sa\u00fade voltadas para a popula\u00e7\u00e3o idosa. \u201cEsse p\u00fablico \u00e9 muito engajado e precisamos aproveitar esse interesse para promover a sa\u00fade, proporcionando maior qualidade de vida\u201d, disse Cec\u00edlia Caetano.<\/p>\n<p>A aposentada Irani Rosa de Faria, 71 anos, estava presente no evento e aproveitou para aferir a press\u00e3o arterial e a glicemia no estande da SES-GO. \u201cMoro aqui na regi\u00e3o e aproveitei essa oportunidade para ver como est\u00e1 a sa\u00fade. Fico muito feliz com esses eventos. O atendimento \u00e9 muito bom e est\u00e3o todos de parab\u00e9ns\u201d, agradeceu.<\/p>\n<p>O Centro Estadual de Refer\u00eancia em Medicina Integrativa e Complementar (Cremic) levou alguns servi\u00e7os oferecidos na unidade para o encontro. A aposentada Maria Lopes das Gra\u00e7as, de 70 anos, aproveitou a oportunidade para conhecer as pr\u00e1ticas integrativas. \u201cN\u00e3o conhecia a auriculoterapia, acabei de fazer e estou achando isso uma maravilha\u201d, contou. Ela ainda disse que mesmo morando na regi\u00e3o n\u00e3o conhecia o Cremic e que buscar\u00e1 atendimento na unidade.<\/p>\n<p><strong>O evento ser\u00e1 realizado em outras unidades da OVG durante o m\u00eas de abril.<\/strong><\/p>\n<p>Veja o cronograma:<\/p>\n<p>12 de abril \u2013 Centro de Conviv\u00eancia de Idosos Norte Ferrovi\u00e1rio, setor Norte Ferrovi\u00e1rio.<\/p>\n<p>16 de abril \u2013 Centro de Conviv\u00eancia de Adolescentes, Jardim Novo Mundo.<\/p>\n<p>17 de abril \u2013 Sede da OVG, setor Bueno.<\/p>\n<p>23 de abril \u2013 Casa do Interior, setor Oeste.<\/p>\n<p>24 de abril \u2013 Vila Vida, setor Coimbra.<\/p>\n<p>30 de abril \u2013 Centro de Conviv\u00eancia de Idoso C\u00e2ndida de Morais, setor C\u00e2ndida de Morais.<\/p>\n<p><em>Felipe Cordeiro (texto) e Erus Jhenner (fotos), da Comunica\u00e7\u00e3o Setorial\u00a0<\/em><\/p>\n<p><img fetchpriority=\"high\" decoding=\"async\" class=\"alignleft  wp-image-24185\" src=\"https:\/\/goias.gov.br\/saude\/wp-content\/uploads\/sites\/34\/images\/imagens_migradas\/2019\/04\/img_0676-1024x683.jpg\" alt=\"\" width=\"915\" height=\"610\" \/><img decoding=\"async\" class=\"alignleft  wp-image-24187\" src=\"https:\/\/goias.gov.br\/saude\/wp-content\/uploads\/sites\/34\/images\/imagens_migradas\/2019\/04\/img_0837-1024x683.jpg\" alt=\"\" width=\"916\" height=\"611\" \/><\/p>\n","protected":false},"excerpt":{"rendered":"<p>Mais de 400 idosos participaram do encontro realizado no Complexo Gerontol\u00f3gico Sagrada Fam\u00edlia T\u00e9cnicos da Superintend\u00eancia de Politicas de Aten\u00e7\u00e3o Integral \u00e0 Sa\u00fade (Spais) e da Superintend\u00eancia de Vigil\u00e2ncia em Sa\u00fade (Suvisa) da Secretaria de Estado da Sa\u00fade de Goi\u00e1s (SES-GO) ofereceram servi\u00e7os de sa\u00fade no encontro promovido pela Organiza\u00e7\u00e3o das Volunt\u00e1rias de Goi\u00e1s (OVG). [&hellip;]<\/p>\n","protected":false},"author":46,"featured_media":0,"comment_status":"closed","ping_status":"open","sticky":false,"template":"","format":"standard","meta":{"footnotes":""},"categories":[3],"tags":[],"class_list":["post-670","post","type-post","status-publish","format-standard","hentry","category-noticias"],"rttpg_featured_image_url":null,"rttpg_author":{"display_name":"cleybetsls","author_link":"https:\/\/goias.gov.br\/saude\/author\/cleybetsls\/"},"rttpg_comment":0,"rttpg_category":"<a href=\"https:\/\/goias.gov.br\/saude\/categoria\/noticias\/\" rel=\"category tag\">Not\u00edcias<\/a>","rttpg_excerpt":"Mais de 400 idosos participaram do encontro realizado no Complexo Gerontol\u00f3gico Sagrada Fam\u00edlia T\u00e9cnicos da Superintend\u00eancia de Politicas de Aten\u00e7\u00e3o Integral \u00e0 Sa\u00fade (Spais) e da Superintend\u00eancia de Vigil\u00e2ncia em Sa\u00fade (Suvisa) da Secretaria de Estado da Sa\u00fade de Goi\u00e1s (SES-GO) ofereceram servi\u00e7os de sa\u00fade no encontro promovido pela Organiza\u00e7\u00e3o das Volunt\u00e1rias de Goi\u00e1s (OVG).&hellip;","_links":{"self":[{"href":"https:\/\/goias.gov.br\/saude\/wp-json\/wp\/v2\/posts\/670","targetHints":{"allow":["GET"]}}],"collection":[{"href":"https:\/\/goias.gov.br\/saude\/wp-json\/wp\/v2\/posts"}],"about":[{"href":"https:\/\/goias.gov.br\/saude\/wp-json\/wp\/v2\/types\/post"}],"author":[{"embeddable":true,"href":"https:\/\/goias.gov.br\/saude\/wp-json\/wp\/v2\/users\/46"}],"replies":[{"embeddable":true,"href":"https:\/\/goias.gov.br\/saude\/wp-json\/wp\/v2\/comments?post=670"}],"version-history":[{"count":0,"href":"https:\/\/goias.gov.br\/saude\/wp-json\/wp\/v2\/posts\/670\/revisions"}],"wp:attachment":[{"href":"https:\/\/goias.gov.br\/saude\/wp-json\/wp\/v2\/media?parent=670"}],"wp:term":[{"taxonomy":"category","embeddable":true,"href":"https:\/\/goias.gov.br\/saude\/wp-json\/wp\/v2\/categories?post=670"},{"taxonomy":"post_tag","embeddable":true,"href":"https:\/\/goias.gov.br\/saude\/wp-json\/wp\/v2\/tags?post=670"}],"curies":[{"name":"wp","href":"https:\/\/api.w.org\/{rel}","templated":true}]}}