

{"id":646136,"date":"2025-12-15T17:38:38","date_gmt":"2025-12-15T20:38:38","guid":{"rendered":"https:\/\/goias.gov.br\/saude\/?p=646136"},"modified":"2025-12-15T17:38:38","modified_gmt":"2025-12-15T20:38:38","slug":"goias-se-destaca-na-3a-conferencia-nacional-de-planificacao-da-atencao-a-saude","status":"publish","type":"post","link":"https:\/\/goias.gov.br\/saude\/goias-se-destaca-na-3a-conferencia-nacional-de-planificacao-da-atencao-a-saude\/","title":{"rendered":"Goi\u00e1s se destaca na 3\u00aa Confer\u00eancia Nacional de Planifica\u00e7\u00e3o da Aten\u00e7\u00e3o \u00e0 Sa\u00fade"},"content":{"rendered":"\n<p class=\"has-text-align-center\"><strong>Foram submetidos 147 trabalhos, todos aprovados, evidenciando a capilaridade, a consist\u00eancia t\u00e9cnica e o amadurecimento das a\u00e7\u00f5es de planifica\u00e7\u00e3o desenvolvidas no territ\u00f3rio goiano<\/strong><\/p>\n\n\n\n<!--more-->\n\n\n\n<figure class=\"wp-block-image size-large\"><img fetchpriority=\"high\" decoding=\"async\" width=\"1024\" height=\"576\" src=\"https:\/\/goias.gov.br\/saude\/wp-content\/uploads\/sites\/34\/2025\/12\/151225-conferencia-atencao-a-saude-1024x576.jpeg\" alt=\"\" class=\"wp-image-646157\" srcset=\"https:\/\/goias.gov.br\/saude\/wp-content\/uploads\/sites\/34\/2025\/12\/151225-conferencia-atencao-a-saude-1024x576.jpeg 1024w, https:\/\/goias.gov.br\/saude\/wp-content\/uploads\/sites\/34\/2025\/12\/151225-conferencia-atencao-a-saude-300x169.jpeg 300w, https:\/\/goias.gov.br\/saude\/wp-content\/uploads\/sites\/34\/2025\/12\/151225-conferencia-atencao-a-saude-768x432.jpeg 768w, https:\/\/goias.gov.br\/saude\/wp-content\/uploads\/sites\/34\/2025\/12\/151225-conferencia-atencao-a-saude.jpeg 1280w\" sizes=\"(max-width: 1024px) 100vw, 1024px\" \/><figcaption class=\"wp-element-caption\"><em>Representantes da SES-GO na Confer\u00eancia Nacional de Planifica\u00e7\u00e3o da Aten\u00e7\u00e3o \u00e0 Sa\u00fade<\/em><\/figcaption><\/figure>\n\n\n\n<p>O Estado de Goi\u00e1s marca presen\u00e7a na 3\u00aa Confer\u00eancia Nacional de Planifica\u00e7\u00e3o da Aten\u00e7\u00e3o \u00e0 Sa\u00fade, com expressiva participa\u00e7\u00e3o e protagonismo no cen\u00e1rio nacional. Ao todo, foram submetidos 147 trabalhos, todos aprovados, evidenciando a capilaridade, a consist\u00eancia t\u00e9cnica e o amadurecimento das a\u00e7\u00f5es de planifica\u00e7\u00e3o desenvolvidas no territ\u00f3rio goiano.<\/p>\n\n\n\n<p>Desses trabalhos, 13 foram selecionados para apresenta\u00e7\u00e3o presencial durante a confer\u00eancia, representando experi\u00eancias exitosas de diferentes munic\u00edpios. Al\u00e9m disso, duas regionais de sa\u00fade e duas policl\u00ednicas estaduais participar\u00e3o com apresenta\u00e7\u00f5es presenciais, promovendo o fortalecimento da articula\u00e7\u00e3o entre a Aten\u00e7\u00e3o Prim\u00e1ria \u00e0 Sa\u00fade (APS), enquanto ordenadora do cuidado, e a Aten\u00e7\u00e3o Ambulatorial Especializada (AAE), com foco na continuidade do cuidado, na qualifica\u00e7\u00e3o da assist\u00eancia e na organiza\u00e7\u00e3o das linhas de cuidado.<\/p>\n\n\n\n<p>Goi\u00e1s se consolida como o segundo estado do pa\u00eds a implantar a Planifica\u00e7\u00e3o da Aten\u00e7\u00e3o \u00e0 Sa\u00fade de forma integral em todas as suas regi\u00f5es de sa\u00fade. Embora o processo ainda esteja em expans\u00e3o nos munic\u00edpios, a estrat\u00e9gia j\u00e1 alcan\u00e7a todas as regi\u00f5es, demonstrando amplitude, compromisso institucional e alinhamento com as diretrizes nacionais do Sistema \u00danico de Sa\u00fade (SUS).<\/p>\n\n\n\n<p>Atualmente, o Estado avan\u00e7a na integra\u00e7\u00e3o dos n\u00edveis de aten\u00e7\u00e3o, promovendo o fortalecimento da articula\u00e7\u00e3o entre a APS e a AAE, com foco na continuidade do cuidado, na qualifica\u00e7\u00e3o da assist\u00eancia e na organiza\u00e7\u00e3o das linhas de cuidado. Destacam-se, nesse contexto, a prioriza\u00e7\u00e3o da linha materno-infantil e a implementa\u00e7\u00e3o do Modelo de Ponto de Aten\u00e7\u00e3o Secund\u00e1ria Ambulatorial (Pasa), que contribui para uma assist\u00eancia mais resolutiva, integrada e centrada nas necessidades das pessoas usu\u00e1rias.<\/p>\n\n\n\n<p>Durante a confer\u00eancia, Goi\u00e1s tamb\u00e9m apresentar\u00e1 uma experi\u00eancia exitosa que articula a atua\u00e7\u00e3o conjunta da Aten\u00e7\u00e3o Prim\u00e1ria e da Aten\u00e7\u00e3o Especializada, representando a Superintend\u00eancia de Pol\u00edticas de Aten\u00e7\u00e3o Integral \u00e0 Sa\u00fade (Spais). A apresenta\u00e7\u00e3o evidencia o percurso assistencial do usu\u00e1rio na rede, desde a aten\u00e7\u00e3o b\u00e1sica at\u00e9 a especializada, reafirmando o compromisso do Estado com a integralidade do cuidado e com a qualifica\u00e7\u00e3o dos processos de gest\u00e3o e aten\u00e7\u00e3o \u00e0 sa\u00fade.<\/p>\n\n\n\n<p>A participa\u00e7\u00e3o de Goi\u00e1s na 3\u00aa Confer\u00eancia Nacional de Planifica\u00e7\u00e3o da Aten\u00e7\u00e3o \u00e0 Sa\u00fade reafirma o protagonismo estadual na consolida\u00e7\u00e3o de um modelo de aten\u00e7\u00e3o integrado, regionalizado e orientado para resultados, contribuindo de forma significativa para o fortalecimento do Sistema \u00danico de Sa\u00fade (SUS) em \u00e2mbito nacional.<\/p>\n\n\n\n<p>Secretaria de Estado da Sa\u00fade de Goi\u00e1s<\/p>\n\n\n\n<p>Foto: SES-GO<\/p>\n","protected":false},"excerpt":{"rendered":"<p>Foram submetidos 147 trabalhos, todos aprovados, evidenciando a capilaridade, a consist\u00eancia t\u00e9cnica e o amadurecimento das a\u00e7\u00f5es de planifica\u00e7\u00e3o desenvolvidas no territ\u00f3rio goiano<\/p>\n","protected":false},"author":165,"featured_media":646157,"comment_status":"closed","ping_status":"open","sticky":false,"template":"","format":"standard","meta":{"footnotes":""},"categories":[3],"tags":[251],"class_list":["post-646136","post","type-post","status-publish","format-standard","has-post-thumbnail","hentry","category-noticias","tag-atencao-a-saude"],"rttpg_featured_image_url":{"full":["https:\/\/goias.gov.br\/saude\/wp-content\/uploads\/sites\/34\/2025\/12\/151225-conferencia-atencao-a-saude.jpeg",1280,720,false],"landscape":["https:\/\/goias.gov.br\/saude\/wp-content\/uploads\/sites\/34\/2025\/12\/151225-conferencia-atencao-a-saude.jpeg",1280,720,false],"portraits":["https:\/\/goias.gov.br\/saude\/wp-content\/uploads\/sites\/34\/2025\/12\/151225-conferencia-atencao-a-saude.jpeg",1280,720,false],"thumbnail":["https:\/\/goias.gov.br\/saude\/wp-content\/uploads\/sites\/34\/2025\/12\/151225-conferencia-atencao-a-saude-150x150.jpeg",150,150,true],"medium":["https:\/\/goias.gov.br\/saude\/wp-content\/uploads\/sites\/34\/2025\/12\/151225-conferencia-atencao-a-saude-300x169.jpeg",300,169,true],"large":["https:\/\/goias.gov.br\/saude\/wp-content\/uploads\/sites\/34\/2025\/12\/151225-conferencia-atencao-a-saude-1024x576.jpeg",1024,576,true],"1536x1536":["https:\/\/goias.gov.br\/saude\/wp-content\/uploads\/sites\/34\/2025\/12\/151225-conferencia-atencao-a-saude.jpeg",1280,720,false],"2048x2048":["https:\/\/goias.gov.br\/saude\/wp-content\/uploads\/sites\/34\/2025\/12\/151225-conferencia-atencao-a-saude.jpeg",1280,720,false]},"rttpg_author":{"display_name":"ricardocruz","author_link":"https:\/\/goias.gov.br\/saude\/author\/ricardocruz\/"},"rttpg_comment":0,"rttpg_category":"<a href=\"https:\/\/goias.gov.br\/saude\/categoria\/noticias\/\" rel=\"category tag\">Not\u00edcias<\/a>","rttpg_excerpt":"Foram submetidos 147 trabalhos, todos aprovados, evidenciando a capilaridade, a consist\u00eancia t\u00e9cnica e o amadurecimento das a\u00e7\u00f5es de planifica\u00e7\u00e3o desenvolvidas no territ\u00f3rio goiano","_links":{"self":[{"href":"https:\/\/goias.gov.br\/saude\/wp-json\/wp\/v2\/posts\/646136","targetHints":{"allow":["GET"]}}],"collection":[{"href":"https:\/\/goias.gov.br\/saude\/wp-json\/wp\/v2\/posts"}],"about":[{"href":"https:\/\/goias.gov.br\/saude\/wp-json\/wp\/v2\/types\/post"}],"author":[{"embeddable":true,"href":"https:\/\/goias.gov.br\/saude\/wp-json\/wp\/v2\/users\/165"}],"replies":[{"embeddable":true,"href":"https:\/\/goias.gov.br\/saude\/wp-json\/wp\/v2\/comments?post=646136"}],"version-history":[{"count":2,"href":"https:\/\/goias.gov.br\/saude\/wp-json\/wp\/v2\/posts\/646136\/revisions"}],"predecessor-version":[{"id":646355,"href":"https:\/\/goias.gov.br\/saude\/wp-json\/wp\/v2\/posts\/646136\/revisions\/646355"}],"wp:featuredmedia":[{"embeddable":true,"href":"https:\/\/goias.gov.br\/saude\/wp-json\/wp\/v2\/media\/646157"}],"wp:attachment":[{"href":"https:\/\/goias.gov.br\/saude\/wp-json\/wp\/v2\/media?parent=646136"}],"wp:term":[{"taxonomy":"category","embeddable":true,"href":"https:\/\/goias.gov.br\/saude\/wp-json\/wp\/v2\/categories?post=646136"},{"taxonomy":"post_tag","embeddable":true,"href":"https:\/\/goias.gov.br\/saude\/wp-json\/wp\/v2\/tags?post=646136"}],"curies":[{"name":"wp","href":"https:\/\/api.w.org\/{rel}","templated":true}]}}