

{"id":635862,"date":"2025-12-05T16:10:23","date_gmt":"2025-12-05T19:10:23","guid":{"rendered":"https:\/\/goias.gov.br\/saude\/?p=635862"},"modified":"2025-12-05T16:10:23","modified_gmt":"2025-12-05T19:10:23","slug":"operacao-goias-alerta-e-solidario-capacitacao-prepara-profissionais-para-o-cuidado-em-situacoes-de-desastres","status":"publish","type":"post","link":"https:\/\/goias.gov.br\/saude\/operacao-goias-alerta-e-solidario-capacitacao-prepara-profissionais-para-o-cuidado-em-situacoes-de-desastres\/","title":{"rendered":"Opera\u00e7\u00e3o Goi\u00e1s Alerta e Solid\u00e1rio: Capacita\u00e7\u00e3o prepara profissionais para o cuidado em situa\u00e7\u00f5es de desastres"},"content":{"rendered":"\n<p class=\"has-text-align-center\"><strong>Sa\u00fade e Defesa de Goi\u00e1s intensificam a\u00e7\u00f5es para prote\u00e7\u00e3o da popula\u00e7\u00e3o durante o per\u00edodo de chuvas<\/strong><\/p>\n\n\n\n<!--more-->\n\n\n<div class=\"wp-block-image\">\n<figure class=\"aligncenter size-large\"><img fetchpriority=\"high\" decoding=\"async\" width=\"1024\" height=\"684\" src=\"https:\/\/goias.gov.br\/saude\/wp-content\/uploads\/sites\/34\/2025\/12\/051225-capacitacao-situacao-desastres-1024x684.jpeg\" alt=\"\" class=\"wp-image-635881\" srcset=\"https:\/\/goias.gov.br\/saude\/wp-content\/uploads\/sites\/34\/2025\/12\/051225-capacitacao-situacao-desastres-1024x684.jpeg 1024w, https:\/\/goias.gov.br\/saude\/wp-content\/uploads\/sites\/34\/2025\/12\/051225-capacitacao-situacao-desastres-300x200.jpeg 300w, https:\/\/goias.gov.br\/saude\/wp-content\/uploads\/sites\/34\/2025\/12\/051225-capacitacao-situacao-desastres-768x513.jpeg 768w, https:\/\/goias.gov.br\/saude\/wp-content\/uploads\/sites\/34\/2025\/12\/051225-capacitacao-situacao-desastres.jpeg 1280w\" sizes=\"(max-width: 1024px) 100vw, 1024px\" \/><figcaption class=\"wp-element-caption\"><em>Profissionais da Defesa Civil Estadual e do Corpo de Bombeiros Militar de Goi\u00e1s durante capacita\u00e7\u00e3o da sa\u00fade para o cuidado em situa\u00e7\u00f5es de desastres<\/em><\/figcaption><\/figure>\n<\/div>\n\n\n<p>A Secretaria de Estado da Sa\u00fade de Goi\u00e1s (SES-GO), por meio da Ger\u00eancia de Emerg\u00eancias em Sa\u00fade P\u00fablica (GESP) e da Coordena\u00e7\u00e3o de Vigil\u00e2ncia de Popula\u00e7\u00f5es Expostas a Situa\u00e7\u00f5es de Desastres (Vigidesastres), iniciou nesta quinta-feira (04\/12) \u00e9 segue hoje (05\/12) com uma capacita\u00e7\u00e3o estrat\u00e9gica do Projeto Bem-te-vi, direcionada a 50 profissionais da Defesa Civil Estadual e do Corpo de Bombeiros Militar de Goi\u00e1s que integram a Opera\u00e7\u00e3o Goi\u00e1s Alerta e Solid\u00e1rio 2025\/2026.<\/p>\n\n\n\n<p>Com foco nos munic\u00edpios mais vulner\u00e1veis \u00e0s chuvas intensas deste per\u00edodo, a a\u00e7\u00e3o busca fortalecer o cuidado em sa\u00fade mental, qualificar o acolhimento \u00e0s popula\u00e7\u00f5es atingidas e aprimorar a resposta intersetorial em situa\u00e7\u00f5es de emerg\u00eancia. A iniciativa faz parte das a\u00e7\u00f5es coordenadas da Subsecretaria de Vigil\u00e2ncia em Sa\u00fade da SES-GO, em parceria com a Defesa Civil-GO.<\/p>\n\n\n\n<p>Durante os dois dias de capacita\u00e7\u00e3o, os participantes est\u00e3o sendo preparados para atuar em cen\u00e1rios de crise utilizando estrat\u00e9gias de primeiros cuidados psicol\u00f3gicos, acolhimento e escuta ativa. Habilidades consideradas como fundamentais para garantir um atendimento mais humanizado, sens\u00edvel e efetivo diante do impacto emocional causado por desastres naturais.<\/p>\n\n\n\n<p>A gerente de Emerg\u00eancias em Sa\u00fade P\u00fablica da SES-GO, Cristina Parag\u00f3 Musmanno, destaca que o preparo adequado das equipes \u00e9 determinante para proteger vidas e reduzir danos: \u201cNos momentos de crise, as pessoas precisam ser acolhidas com sensibilidade e orienta\u00e7\u00e3o t\u00e9cnica. Ao qualificar nossos profissionais, fortalecemos a capacidade do Estado de agir com rapidez, empatia e efici\u00eancia para apoiar as fam\u00edlias afetadas pelos desastres\u201d, afirma.<\/p>\n\n\n\n<p>A capacita\u00e7\u00e3o refor\u00e7a a import\u00e2ncia de equipes bem preparadas para responder rapidamente \u00e0s necessidades da popula\u00e7\u00e3o, reduzindo danos, fortalecendo redes de apoio e ampliando a prote\u00e7\u00e3o \u00e0s fam\u00edlias em momentos de maior vulnerabilidade.<\/p>\n\n\n\n<p>Segundo o major Marcelo Martins Moura, esse cuidado \u00e9 essencial para quem est\u00e1 na linha de frente. &#8220;A prepara\u00e7\u00e3o ajuda o militar a agir de forma mais adequada no momento cr\u00edtico, evitando atitudes ou palavras que possam agravar a situa\u00e7\u00e3o da v\u00edtima. Al\u00e9m disso, fornece ferramentas para que o pr\u00f3prio socorrista n\u00e3o adoe\u00e7a emocionalmente, j\u00e1 que ele se envolve profundamente com os cen\u00e1rios de desastre.\u201d<\/p>\n\n\n\n<p>Yara Galv\u00e3o (Texto) Iron Braz (Foto)<br>Comunica\u00e7\u00e3o Setorial SES-GO<\/p>\n","protected":false},"excerpt":{"rendered":"<p>Sa\u00fade e Defesa de Goi\u00e1s intensificam a\u00e7\u00f5es para prote\u00e7\u00e3o da popula\u00e7\u00e3o durante o per\u00edodo de chuvas<\/p>\n","protected":false},"author":165,"featured_media":635881,"comment_status":"closed","ping_status":"open","sticky":false,"template":"","format":"standard","meta":{"footnotes":""},"categories":[3],"tags":[248],"class_list":["post-635862","post","type-post","status-publish","format-standard","has-post-thumbnail","hentry","category-noticias","tag-vigilancia-em-saude"],"rttpg_featured_image_url":{"full":["https:\/\/goias.gov.br\/saude\/wp-content\/uploads\/sites\/34\/2025\/12\/051225-capacitacao-situacao-desastres.jpeg",1280,855,false],"landscape":["https:\/\/goias.gov.br\/saude\/wp-content\/uploads\/sites\/34\/2025\/12\/051225-capacitacao-situacao-desastres.jpeg",1280,855,false],"portraits":["https:\/\/goias.gov.br\/saude\/wp-content\/uploads\/sites\/34\/2025\/12\/051225-capacitacao-situacao-desastres.jpeg",1280,855,false],"thumbnail":["https:\/\/goias.gov.br\/saude\/wp-content\/uploads\/sites\/34\/2025\/12\/051225-capacitacao-situacao-desastres-150x150.jpeg",150,150,true],"medium":["https:\/\/goias.gov.br\/saude\/wp-content\/uploads\/sites\/34\/2025\/12\/051225-capacitacao-situacao-desastres-300x200.jpeg",300,200,true],"large":["https:\/\/goias.gov.br\/saude\/wp-content\/uploads\/sites\/34\/2025\/12\/051225-capacitacao-situacao-desastres-1024x684.jpeg",1024,684,true],"1536x1536":["https:\/\/goias.gov.br\/saude\/wp-content\/uploads\/sites\/34\/2025\/12\/051225-capacitacao-situacao-desastres.jpeg",1280,855,false],"2048x2048":["https:\/\/goias.gov.br\/saude\/wp-content\/uploads\/sites\/34\/2025\/12\/051225-capacitacao-situacao-desastres.jpeg",1280,855,false]},"rttpg_author":{"display_name":"ricardocruz","author_link":"https:\/\/goias.gov.br\/saude\/author\/ricardocruz\/"},"rttpg_comment":0,"rttpg_category":"<a href=\"https:\/\/goias.gov.br\/saude\/categoria\/noticias\/\" rel=\"category tag\">Not\u00edcias<\/a>","rttpg_excerpt":"Sa\u00fade e Defesa de Goi\u00e1s intensificam a\u00e7\u00f5es para prote\u00e7\u00e3o da popula\u00e7\u00e3o durante o per\u00edodo de chuvas","_links":{"self":[{"href":"https:\/\/goias.gov.br\/saude\/wp-json\/wp\/v2\/posts\/635862","targetHints":{"allow":["GET"]}}],"collection":[{"href":"https:\/\/goias.gov.br\/saude\/wp-json\/wp\/v2\/posts"}],"about":[{"href":"https:\/\/goias.gov.br\/saude\/wp-json\/wp\/v2\/types\/post"}],"author":[{"embeddable":true,"href":"https:\/\/goias.gov.br\/saude\/wp-json\/wp\/v2\/users\/165"}],"replies":[{"embeddable":true,"href":"https:\/\/goias.gov.br\/saude\/wp-json\/wp\/v2\/comments?post=635862"}],"version-history":[{"count":2,"href":"https:\/\/goias.gov.br\/saude\/wp-json\/wp\/v2\/posts\/635862\/revisions"}],"predecessor-version":[{"id":636396,"href":"https:\/\/goias.gov.br\/saude\/wp-json\/wp\/v2\/posts\/635862\/revisions\/636396"}],"wp:featuredmedia":[{"embeddable":true,"href":"https:\/\/goias.gov.br\/saude\/wp-json\/wp\/v2\/media\/635881"}],"wp:attachment":[{"href":"https:\/\/goias.gov.br\/saude\/wp-json\/wp\/v2\/media?parent=635862"}],"wp:term":[{"taxonomy":"category","embeddable":true,"href":"https:\/\/goias.gov.br\/saude\/wp-json\/wp\/v2\/categories?post=635862"},{"taxonomy":"post_tag","embeddable":true,"href":"https:\/\/goias.gov.br\/saude\/wp-json\/wp\/v2\/tags?post=635862"}],"curies":[{"name":"wp","href":"https:\/\/api.w.org\/{rel}","templated":true}]}}