

{"id":623,"date":"2019-04-26T08:29:36","date_gmt":"2019-04-26T11:29:36","guid":{"rendered":"https:\/\/siteshom.goias.gov.br\/saude\/geed-capacita-conselheiros-em-catalao\/"},"modified":"2019-04-26T08:29:36","modified_gmt":"2019-04-26T11:29:36","slug":"geed-capacita-conselheiros-em-catalao","status":"publish","type":"post","link":"https:\/\/goias.gov.br\/saude\/geed-capacita-conselheiros-em-catalao\/","title":{"rendered":"Geed capacita conselheiros em Catal\u00e3o"},"content":{"rendered":"<p><p style=\"font-weight: 400;\"><em>Encontro reuniu os membros do Conselho Municipal de Pol\u00edticas P\u00fablicas sobre Drogas da cidade e do Minist\u00e9rio P\u00fablico Estadual<\/em><\/p>\n<\/p>\n<p><p style=\"font-weight: 400;\">A agenda do Grupo Executivo de Enfrentamento \u00e0s Drogas em Catal\u00e3o nessa quinta-feira, 26, contou tamb\u00e9m com uma reuni\u00e3o com os membros do Conselho Municipal de Pol\u00edticas P\u00fablicas sobre Drogas (Comppud) do munic\u00edpio e do Minist\u00e9rio P\u00fablico do Estado de Goi\u00e1s (MP-GO). A reuni\u00e3o serviu para esclarecer d\u00favidas dos conselheiros que dar\u00e3o continuidade nas pol\u00edticas p\u00fablicas sobre drogas para a popula\u00e7\u00e3o do munic\u00edpio.<\/p>\n<\/p>\n<p><p style=\"font-weight: 400;\">A secret\u00e1ria executiva do Geed, Joice Batista, conduziu a reuni\u00e3o e falou da import\u00e2ncia do encontro, que orientou os conselheiros nomeados e que a partir da reuni\u00e3o poder\u00e3o come\u00e7ar a atuar na cidade. \u201cApresentamos as fun\u00e7\u00f5es do Geed e a import\u00e2ncia da forma\u00e7\u00e3o do conselho. Mostramos tamb\u00e9m como formar o plano de a\u00e7\u00e3o para criar pol\u00edticas p\u00fablicas voltadas para a preven\u00e7\u00e3o e combate \u00e0s drogas\u201d, contou.<\/p>\n<\/p>\n<p><p style=\"font-weight: 400;\">Joice Batista ainda anunciou que, em breve, ser\u00e1 oferecido aos conselheiros de todo o Estado um curso em educa\u00e7\u00e3o a dist\u00e2ncia (EaD), em parceria com a Pontif\u00edcia Universidade Cat\u00f3lica de Goi\u00e1s (PUC-GO), para capacita\u00e7\u00e3o em drogas. Atualmente existem 27 conselhos municipais ativos em Goi\u00e1s, e a meta \u00e9 ampliar esse n\u00famero.<\/p>\n<\/p>\n<p><p style=\"font-weight: 400;\">O promotor do MP em Catal\u00e3o, Fernando Gomes Rosa, \u00e9 membro acompanhante do Comppud e esteve presente na reuni\u00e3o. Segundo o promotor, a expectativa \u00e9 que, a partir de agora, a atua\u00e7\u00e3o dos membros nas pol\u00edticas municipais sobre drogas seja bastante efetiva e colaborativa para as demais entidades governamentais de Catal\u00e3o. \u201cNa cidade, temos algumas institui\u00e7\u00f5es voltadas para o p\u00fablico usu\u00e1rio de drogas, mas o conselho como uma organiza\u00e7\u00e3o parit\u00e1ria \u00e9 uma ideia nova, que integra a popula\u00e7\u00e3o na preven\u00e7\u00e3o e combate \u00e0s drogas\u201d, pontuou.<\/p>\n<\/p>\n<p><p style=\"font-weight: 400;\"><strong>Crian\u00e7as e adolescentes|<\/strong><\/p>\n<\/p>\n<p><p style=\"font-weight: 400;\">A conselheira tutelar Dorani Nascimento tamb\u00e9m \u00e9 membro do Comppud e disse estar ansiosa para as a\u00e7\u00f5es que ser\u00e3o desenvolvidas ap\u00f3s a capacita\u00e7\u00e3o. \u201cEstamos dispostos a trabalhar, e a capacita\u00e7\u00e3o nos proporciona conhecimento sobre aquilo que devemos fazer no conselho\u201d, frisou. Para Dorani, que j\u00e1 trabalha com crian\u00e7as e adolescentes, o consumo de \u00e1lcool e drogas atinge grande parte dos menores de idade, e o conselho municipal poder\u00e1 propor pol\u00edticas de preven\u00e7\u00e3o para esse p\u00fablico.<\/p>\n<\/p>\n<p><p style=\"font-weight: 400;\">O idealizador do Comppud de Catal\u00e3o, Fl\u00e1vio Pereira Jorge, comemorou a reuni\u00e3o, que considera um passo importante para a efetiva\u00e7\u00e3o do conselho no munic\u00edpio. \u201cTudo come\u00e7ou durante minha gest\u00e3o como presidente de bairro, em 2012, agora, a partir dessa capacita\u00e7\u00e3o, poderemos dar prosseguimento naquilo que \u00e9 a fun\u00e7\u00e3o de um conselho: propor pol\u00edticas de preven\u00e7\u00e3o \u00e0s drogas e tratamento aos usu\u00e1rios.\u201d<\/p>\n<\/p>\n<p><p style=\"font-weight: 400;\">Segundo ele, ser\u00e3o propostas capacita\u00e7\u00f5es para profissionais levarem preven\u00e7\u00e3o para as escolas, cl\u00ednicas e demais \u00e1reas de atendimento na cidade, agregando valor e tirando os estigmas da sociedade sobre o tema.<\/p>\n<\/p>\n<p style=\"font-weight: 400;\">\n<\/p>\n<p><p style=\"font-weight: 400;\"><em>Felipe Cordeiro, da Comunica\u00e7\u00e3o Setorial.<\/em><\/p>\n<\/p>\n<p><img fetchpriority=\"high\" decoding=\"async\" class=\"alignleft size-large wp-image-24602\" src=\"https:\/\/goias.gov.br\/saude\/wp-content\/uploads\/sites\/34\/images\/imagens_migradas\/2019\/04\/geed-catalao2-1024x683.jpg\" alt=\"\" width=\"1024\" height=\"683\" \/> <img decoding=\"async\" class=\"alignleft size-large wp-image-24601\" src=\"https:\/\/goias.gov.br\/saude\/wp-content\/uploads\/sites\/34\/images\/imagens_migradas\/2019\/04\/geed-catalao3-1024x683.jpg\" alt=\"\" width=\"1024\" height=\"683\" \/><\/p>\n","protected":false},"excerpt":{"rendered":"<p>Encontro reuniu os membros do Conselho Municipal de Pol\u00edticas P\u00fablicas sobre Drogas da cidade e do Minist\u00e9rio P\u00fablico Estadual A agenda do Grupo Executivo de Enfrentamento \u00e0s Drogas em Catal\u00e3o nessa quinta-feira, 26, contou tamb\u00e9m com uma reuni\u00e3o com os membros do Conselho Municipal de Pol\u00edticas P\u00fablicas sobre Drogas (Comppud) do munic\u00edpio e do Minist\u00e9rio [&hellip;]<\/p>\n","protected":false},"author":46,"featured_media":0,"comment_status":"closed","ping_status":"open","sticky":false,"template":"","format":"standard","meta":{"footnotes":""},"categories":[3],"tags":[],"class_list":["post-623","post","type-post","status-publish","format-standard","hentry","category-noticias"],"rttpg_featured_image_url":null,"rttpg_author":{"display_name":"cleybetsls","author_link":"https:\/\/goias.gov.br\/saude\/author\/cleybetsls\/"},"rttpg_comment":0,"rttpg_category":"<a href=\"https:\/\/goias.gov.br\/saude\/categoria\/noticias\/\" rel=\"category tag\">Not\u00edcias<\/a>","rttpg_excerpt":"Encontro reuniu os membros do Conselho Municipal de Pol\u00edticas P\u00fablicas sobre Drogas da cidade e do Minist\u00e9rio P\u00fablico Estadual A agenda do Grupo Executivo de Enfrentamento \u00e0s Drogas em Catal\u00e3o nessa quinta-feira, 26, contou tamb\u00e9m com uma reuni\u00e3o com os membros do Conselho Municipal de Pol\u00edticas P\u00fablicas sobre Drogas (Comppud) do munic\u00edpio e do Minist\u00e9rio&hellip;","_links":{"self":[{"href":"https:\/\/goias.gov.br\/saude\/wp-json\/wp\/v2\/posts\/623","targetHints":{"allow":["GET"]}}],"collection":[{"href":"https:\/\/goias.gov.br\/saude\/wp-json\/wp\/v2\/posts"}],"about":[{"href":"https:\/\/goias.gov.br\/saude\/wp-json\/wp\/v2\/types\/post"}],"author":[{"embeddable":true,"href":"https:\/\/goias.gov.br\/saude\/wp-json\/wp\/v2\/users\/46"}],"replies":[{"embeddable":true,"href":"https:\/\/goias.gov.br\/saude\/wp-json\/wp\/v2\/comments?post=623"}],"version-history":[{"count":0,"href":"https:\/\/goias.gov.br\/saude\/wp-json\/wp\/v2\/posts\/623\/revisions"}],"wp:attachment":[{"href":"https:\/\/goias.gov.br\/saude\/wp-json\/wp\/v2\/media?parent=623"}],"wp:term":[{"taxonomy":"category","embeddable":true,"href":"https:\/\/goias.gov.br\/saude\/wp-json\/wp\/v2\/categories?post=623"},{"taxonomy":"post_tag","embeddable":true,"href":"https:\/\/goias.gov.br\/saude\/wp-json\/wp\/v2\/tags?post=623"}],"curies":[{"name":"wp","href":"https:\/\/api.w.org\/{rel}","templated":true}]}}