

{"id":6193,"date":"2019-05-15T08:50:09","date_gmt":"2019-05-15T11:50:09","guid":{"rendered":"https:\/\/siteshom.goias.gov.br\/saude\/clipping-15052019-2\/"},"modified":"2019-05-15T08:50:09","modified_gmt":"2019-05-15T11:50:09","slug":"clipping-15052019-2","status":"publish","type":"post","link":"https:\/\/goias.gov.br\/saude\/clipping-15052019-2\/","title":{"rendered":"Clipping 15\/05\/2019"},"content":{"rendered":"<p>[default_list]<\/p>\n<ul>\n<li>O Popular &#8211; Secretaria e Santa Casa divergem sobre repasse<\/p>\n<p><a href=\"\/saude\/wp-content\/uploads\/sites\/34\/images\/imagens_migradas\/2019\/05\/pop3.png\">Clique na imagem<\/a><\/li>\n<\/p>\n<li>O Popular &#8211;\u00a0M\u00e9dico que chegou a cobrar at\u00e9 R$ 7,5 mil por cirurgia feita pelo SUS em Rio Verde \u00e9 denunciado<\/p>\n<p><a href=\"https:\/\/www.opopular.com.br\/noticias\/cidades\/m%C3%A9dico-que-chegou-a-cobrar-at%C3%A9-r-7-5-mil-por-cirurgia-feita-pelo-sus-em-rio-verde-%C3%A9-denunciado-1.1798848\">https:\/\/www.opopular.com.br\/noticias\/cidades\/m%C3%A9dico-que-chegou-a-cobrar-at%C3%A9-r-7-5-mil-por-cirurgia-feita-pelo-sus-em-rio-verde-%C3%A9-denunciado-1.1798848<\/a><\/li>\n<\/p>\n<li>Op\u00e7\u00e3o &#8211;\u00a0Vereadora aciona MP contra Iris e Mru\u00e9 por m\u00e1 gest\u00e3o na Sa\u00fade<\/p>\n<p><a href=\"https:\/\/www.jornalopcao.com.br\/ultimas-noticias\/vereadora-aciona-mp-contra-iris-e-mrue-por-ma-gestao-na-saude-184246\/\">https:\/\/www.jornalopcao.com.br\/ultimas-noticias\/vereadora-aciona-mp-contra-iris-e-mrue-por-ma-gestao-na-saude-184246\/\u00a0<\/a><\/li>\n<\/p>\n<li>Op\u00e7\u00e3o &#8211;\u00a0Projeto que institui ponto biom\u00e9trico para m\u00e9dicos na rede municipal de Sa\u00fade segue para <a href=\"https:\/\/www.jornalopcao.com.br\/ultimas-noticias\/projeto-que-institui-ponto-biometrico-para-medicos-na-rede-municipal-de-saude-segue-para-ccj-184255\/\">CCJ<\/a><\/p>\n<p><a href=\"https:\/\/www.jornalopcao.com.br\/ultimas-noticias\/projeto-que-institui-ponto-biometrico-para-medicos-na-rede-municipal-de-saude-segue-para-ccj-184255\/\">https:\/\/www.jornalopcao.com.br\/ultimas-noticias\/projeto-que-institui-ponto-biometrico-para-medicos-na-rede-municipal-de-saude-segue-para-ccj-184255\/<\/a><\/li>\n<\/p>\n<li>G1 &#8211;\u00a0MP denuncia m\u00e9dico por cobrar mais de R$ 1 mil por cirurgias feitas pelo SUS em Rio Verde<\/p>\n<p><a href=\"https:\/\/g1.globo.com\/go\/goias\/noticia\/2019\/05\/13\/professores-e-profissionais-da-area-de-seguranca-ja-podem-se-vacinar-contra-a-gripe-em-goias.ghtml\">https:\/\/g1.globo.com\/go\/goias\/noticia\/2019\/05\/13\/professores-e-profissionais-da-area-de-seguranca-ja-podem-se-vacinar-contra-a-gripe-em-goias.ghtml<\/a><\/li>\n<\/p>\n<li>A Reda\u00e7\u00e3o &#8211;\u00a0MP-GO pede afastamento de m\u00e9dico que cobrava por procedimentos do SUS<\/p>\n<p><a href=\"https:\/\/aredacao.com.br\/noticias\/119171\/mp-go-pede-afastamento-de-medico-que-cobrava-por-procedimentos-do-sus\">https:\/\/aredacao.com.br\/noticias\/119171\/mp-go-pede-afastamento-de-medico-que-cobrava-por-procedimentos-do-sus<\/a><\/li>\n<\/p>\n<li><\/li>\n<\/ul>\n<p>[\/default_list]<\/p>\n","protected":false},"excerpt":{"rendered":"<p>[default_list] O Popular &#8211; Secretaria e Santa Casa divergem sobre repasse Clique na imagem O Popular &#8211;\u00a0M\u00e9dico que chegou a cobrar at\u00e9 R$ 7,5 mil por cirurgia feita pelo SUS em Rio Verde \u00e9 denunciado https:\/\/www.opopular.com.br\/noticias\/cidades\/m%C3%A9dico-que-chegou-a-cobrar-at%C3%A9-r-7-5-mil-por-cirurgia-feita-pelo-sus-em-rio-verde-%C3%A9-denunciado-1.1798848 Op\u00e7\u00e3o &#8211;\u00a0Vereadora aciona MP contra Iris e Mru\u00e9 por m\u00e1 gest\u00e3o na Sa\u00fade https:\/\/www.jornalopcao.com.br\/ultimas-noticias\/vereadora-aciona-mp-contra-iris-e-mrue-por-ma-gestao-na-saude-184246\/\u00a0 Op\u00e7\u00e3o &#8211;\u00a0Projeto que institui ponto [&hellip;]<\/p>\n","protected":false},"author":46,"featured_media":0,"comment_status":"closed","ping_status":"open","sticky":false,"template":"","format":"standard","meta":{"footnotes":""},"categories":[10],"tags":[],"class_list":["post-6193","post","type-post","status-publish","format-standard","hentry","category-page"],"rttpg_featured_image_url":null,"rttpg_author":{"display_name":"cleybetsls","author_link":"https:\/\/goias.gov.br\/saude\/author\/cleybetsls\/"},"rttpg_comment":0,"rttpg_category":"<a href=\"https:\/\/goias.gov.br\/saude\/categoria\/page\/\" rel=\"category tag\">Outras p\u00e1ginas<\/a>","rttpg_excerpt":"[default_list] O Popular &#8211; Secretaria e Santa Casa divergem sobre repasse Clique na imagem O Popular &#8211;\u00a0M\u00e9dico que chegou a cobrar at\u00e9 R$ 7,5 mil por cirurgia feita pelo SUS em Rio Verde \u00e9 denunciado https:\/\/www.opopular.com.br\/noticias\/cidades\/m%C3%A9dico-que-chegou-a-cobrar-at%C3%A9-r-7-5-mil-por-cirurgia-feita-pelo-sus-em-rio-verde-%C3%A9-denunciado-1.1798848 Op\u00e7\u00e3o &#8211;\u00a0Vereadora aciona MP contra Iris e Mru\u00e9 por m\u00e1 gest\u00e3o na Sa\u00fade https:\/\/www.jornalopcao.com.br\/ultimas-noticias\/vereadora-aciona-mp-contra-iris-e-mrue-por-ma-gestao-na-saude-184246\/\u00a0 Op\u00e7\u00e3o &#8211;\u00a0Projeto que institui ponto&hellip;","_links":{"self":[{"href":"https:\/\/goias.gov.br\/saude\/wp-json\/wp\/v2\/posts\/6193","targetHints":{"allow":["GET"]}}],"collection":[{"href":"https:\/\/goias.gov.br\/saude\/wp-json\/wp\/v2\/posts"}],"about":[{"href":"https:\/\/goias.gov.br\/saude\/wp-json\/wp\/v2\/types\/post"}],"author":[{"embeddable":true,"href":"https:\/\/goias.gov.br\/saude\/wp-json\/wp\/v2\/users\/46"}],"replies":[{"embeddable":true,"href":"https:\/\/goias.gov.br\/saude\/wp-json\/wp\/v2\/comments?post=6193"}],"version-history":[{"count":0,"href":"https:\/\/goias.gov.br\/saude\/wp-json\/wp\/v2\/posts\/6193\/revisions"}],"wp:attachment":[{"href":"https:\/\/goias.gov.br\/saude\/wp-json\/wp\/v2\/media?parent=6193"}],"wp:term":[{"taxonomy":"category","embeddable":true,"href":"https:\/\/goias.gov.br\/saude\/wp-json\/wp\/v2\/categories?post=6193"},{"taxonomy":"post_tag","embeddable":true,"href":"https:\/\/goias.gov.br\/saude\/wp-json\/wp\/v2\/tags?post=6193"}],"curies":[{"name":"wp","href":"https:\/\/api.w.org\/{rel}","templated":true}]}}