

{"id":6192,"date":"2019-05-16T05:54:39","date_gmt":"2019-05-16T08:54:39","guid":{"rendered":"https:\/\/siteshom.goias.gov.br\/saude\/clipping-16052019\/"},"modified":"2019-05-16T05:54:39","modified_gmt":"2019-05-16T08:54:39","slug":"clipping-16052019","status":"publish","type":"post","link":"https:\/\/goias.gov.br\/saude\/clipping-16052019\/","title":{"rendered":"Clipping 16\/05\/2019"},"content":{"rendered":"<p>[default_list]<\/p>\n<ul>\n<li><strong>O Popular\u00a0 &#8211; No Brasil, taxa de infec\u00e7\u00f5es hospitalares atinge 14% das interna\u00e7\u00f5es<\/strong><\/p>\n<p>Link:<a href=\"https:\/\/www.opopular.com.br\/noticias\/cidades\/no-brasil-taxa-de-infec%C3%A7%C3%B5es-hospitalares-atinge-14-das-interna%C3%A7%C3%B5es-1.1798855\">\u00a0https:\/\/www.opopular.com.br\/noticias\/cidades\/no-brasil-taxa-de-infec%C3%A7%C3%B5es-hospitalares-atinge-14-das-interna%C3%A7%C3%B5es-1.1798855<\/a><\/li>\n<\/p>\n<li><strong>O Popular &#8211; M\u00e9dico que chegou a cobrar at\u00e9 R$ 7,5 mil por cirurgia feita pelo SUS em Rio Verde \u00e9 denunciado<\/strong><\/p>\n<p>Link:\u00a0<a href=\"https:\/\/www.opopular.com.br\/noticias\/cidades\/m%C3%A9dico-que-chegou-a-cobrar-at%C3%A9-r-7-5-mil-por-cirurgia-feita-pelo-sus-em-rio-verde-%C3%A9-denunciado-1.1798848\">https:\/\/www.opopular.com.br\/noticias\/cidades\/m%C3%A9dico-que-chegou-a-cobrar-at%C3%A9-r-7-5-mil-por-cirurgia-feita-pelo-sus-em-rio-verde-%C3%A9-denunciado-1.1798848<\/a><\/li>\n<\/p>\n<li><strong>O Popular &#8211; Dire\u00e7\u00e3o da Santa Casa promete retomar atendimento no pronto-socorro ainda nesta ter\u00e7a-feira (15)<\/strong><\/p>\n<p>Link:\u00a0<a href=\"https:\/\/www.opopular.com.br\/noticias\/cidades\/dire%C3%A7%C3%A3o-da-santa-casa-promete-retomar-atendimento-no-pronto-socorro-ainda-nesta-ter%C3%A7a-feira-15-1.1798841\">https:\/\/www.opopular.com.br\/noticias\/cidades\/dire%C3%A7%C3%A3o-da-santa-casa-promete-retomar-atendimento-no-pronto-socorro-ainda-nesta-ter%C3%A7a-feira-15-1.1798841<\/a><\/li>\n<\/p>\n<li><strong>Di\u00e1rio da Manh\u00e3 &#8211; No Brasil, taxa de infec\u00e7\u00e3o hospitalar atinge 14% das interna\u00e7\u00f5es<\/strong><\/p>\n<p>Link:\u00a0<a href=\"https:\/\/impresso.dm.com.br\/edicao\/20190516\/pagina\/2\">https:\/\/impresso.dm.com.br\/edicao\/20190516\/pagina\/2<\/a><\/li>\n<\/p>\n<li><strong><strong>Di\u00e1rio da Manh\u00e3 &#8211; Doe Sangue, Doe Vida<\/p>\n<p><\/strong><\/strong>Link:\u00a0<a href=\"https:\/\/impresso.dm.com.br\/edicao\/20190516\/pagina\/8\">https:\/\/impresso.dm.com.br\/edicao\/20190516\/pagina\/8<\/a><\/li>\n<\/p>\n<li><strong>Di\u00e1rio da Manh\u00e3 &#8211; Linha Cruzada<\/strong><\/p>\n<p>Link:\u00a0<a href=\"https:\/\/impresso.dm.com.br\/edicao\/20190516\/pagina\/11\">https:\/\/impresso.dm.com.br\/edicao\/20190516\/pagina\/11<\/a><\/li>\n<\/p>\n<li><strong>Di\u00e1rio da Manh\u00e3 &#8211; Lincoln entrega reforma de hospital de Santa Terezinha\u00a0\u00a0<\/strong><\/p>\n<p>Link:<a href=\"https:\/\/impresso.dm.com.br\/edicao\/20190516\/pagina\/7\">\u00a0https:\/\/impresso.dm.com.br\/edicao\/20190516\/pagina\/7<\/a><\/li>\n<\/p>\n<li><strong>O Hoje &#8211; Santa Casa buscar\u00e1 atrasos<\/p>\n<p><\/strong>Link:<a href=\"https:\/\/flip.ohoje.com\/public\/impresso\/4569\/4569.pdf\">\u00a0https:\/\/flip.ohoje.com\/public\/impresso\/4569\/4569.pdf<\/a> (P\u00e1gina 2)<\/li>\n<\/p>\n<li><strong><strong>O Hoje &#8211; Senado aprova fim de car\u00eancia de plano de sa\u00fade para emerg\u00eancia<\/p>\n<p><\/strong><\/strong>Link:<a href=\"https:\/\/flip.ohoje.com\/public\/impresso\/4569\/4569.pd\">\u00a0https:\/\/flip.ohoje.com\/public\/impresso\/4569\/4569.pd<\/a>f (P\u00e1gina 9)<strong><\/p>\n<p><\/strong><\/li>\n<\/p>\n<li><strong><strong>O Hoje &#8211;\u00a0<\/strong>Ara\u00fajo Jorge promove evento\/<\/p>\n<p><\/strong>Link:\u00a0<a href=\"https:\/\/flip.ohoje.com\/public\/impresso\/4569\/4569.pdf\">https:\/\/flip.ohoje.com\/public\/impresso\/4569\/4569.pdf<\/a> (P\u00e1gina 10)<\/li>\n<\/p>\n<li><strong>A Reda\u00e7\u00e3o &#8211; Mais de 33 milh\u00f5es de pessoas foram vacinadas contra a gripe no pa\u00eds<\/strong><\/p>\n<p>Link:\u00a0<a href=\"https:\/\/aredacao.com.br\/noticias\/119242\/mais-de-33-milhoes-de-pessoas-foram-vacinadas-contra-a-gripe-no-pais\">https:\/\/aredacao.com.br\/noticias\/119242\/mais-de-33-milhoes-de-pessoas-foram-vacinadas-contra-a-gripe-no-pais<\/a><\/li>\n<\/p>\n<li><strong>Mais Goi\u00e1s &#8211;\u00a0 Goi\u00e1s receber\u00e1 115 profissionais do Mais M\u00e9dicos<\/strong><\/p>\n<p>Link:\u00a0<a href=\"https:\/\/www.emaisgoias.com.br\/goias-recebera-115-profissionais-do-mais-medicos\/\">https:\/\/www.emaisgoias.com.br\/goias-recebera-115-profissionais-do-mais-medicos\/<\/a><\/li>\n<\/p>\n<li><strong>Simego &#8211; M\u00e9dicos vinculados \u00e0 AGIR aprovam proposta de Acordo Coletivo de Trabalho<\/strong><\/p>\n<p>Link:\u00a0<a href=\"https:\/\/www.simego.org.br\/Home\/noticias_in\/474\">https:\/\/www.simego.org.br\/Home\/noticias_in\/474<\/a><\/li>\n<\/p>\n<li><strong>Minist\u00e9rio P\u00fablico:\u00a0<b>MP integra evento de divulga\u00e7\u00e3o do Dia de Combate ao Abuso e Explora\u00e7\u00e3o Sexual, em Aruan\u00e3<\/b><\/strong><\/p>\n<p>Link:\u00a0<a href=\"https:\/\/www.mpgo.mp.br\/portal\/noticia\/mp-integra-evento-de-divulgacao-do-dia-de-combate-ao-abuso-e-exploracao-sexual-em-aruana#.XN1GKty1u60\">https:\/\/www.mpgo.mp.br\/portal\/noticia\/mp-integra-evento-de-divulgacao-do-dia-de-combate-ao-abuso-e-exploracao-sexual-em-aruana#.XN1GKty1u60<\/a><\/li>\n<\/p>\n<li><strong>Alego &#8211;\u00a0J\u00falio Pina defende esfor\u00e7o do Governo para investir nas \u00e1reas da Sa\u00fade e infraestrutura<\/p>\n<p><\/strong>Link:\u00a0<a href=\"https:\/\/portal.al.go.leg.br\/noticias\/ver\/id\/167899\/tipo\/geral\">https:\/\/portal.al.go.leg.br\/noticias\/ver\/id\/167899\/tipo\/geral<\/a><\/li>\n<\/p>\n<li><strong>Cremego &#8211;\u00a0Plen\u00e1ria tem\u00e1tica debate a publicidade e divulga\u00e7\u00e3o de assuntos m\u00e9dicos em Goi\u00e1s<\/strong><\/p>\n<p>Link:<a href=\"https:\/\/www.cremego.org.br\/index.php?option=com_content&amp;view=article&amp;id=27800;2019-05-17-20-24-17&amp;catid=3\">\u00a0https:\/\/www.cremego.org.br\/index.php?option=com_content&amp;view=article&amp;id=27800;2019-05-17-20-24-17&amp;catid=3<\/a><\/li>\n<\/p>\n<\/ul>\n<p>[\/default_list]<\/p>\n","protected":false},"excerpt":{"rendered":"<p>[default_list] O Popular\u00a0 &#8211; No Brasil, taxa de infec\u00e7\u00f5es hospitalares atinge 14% das interna\u00e7\u00f5es Link:\u00a0https:\/\/www.opopular.com.br\/noticias\/cidades\/no-brasil-taxa-de-infec%C3%A7%C3%B5es-hospitalares-atinge-14-das-interna%C3%A7%C3%B5es-1.1798855 O Popular &#8211; M\u00e9dico que chegou a cobrar at\u00e9 R$ 7,5 mil por cirurgia feita pelo SUS em Rio Verde \u00e9 denunciado Link:\u00a0https:\/\/www.opopular.com.br\/noticias\/cidades\/m%C3%A9dico-que-chegou-a-cobrar-at%C3%A9-r-7-5-mil-por-cirurgia-feita-pelo-sus-em-rio-verde-%C3%A9-denunciado-1.1798848 O Popular &#8211; Dire\u00e7\u00e3o da Santa Casa promete retomar atendimento no pronto-socorro ainda nesta ter\u00e7a-feira (15) Link:\u00a0https:\/\/www.opopular.com.br\/noticias\/cidades\/dire%C3%A7%C3%A3o-da-santa-casa-promete-retomar-atendimento-no-pronto-socorro-ainda-nesta-ter%C3%A7a-feira-15-1.1798841 [&hellip;]<\/p>\n","protected":false},"author":46,"featured_media":0,"comment_status":"closed","ping_status":"open","sticky":false,"template":"","format":"standard","meta":{"footnotes":""},"categories":[10],"tags":[],"class_list":["post-6192","post","type-post","status-publish","format-standard","hentry","category-page"],"rttpg_featured_image_url":null,"rttpg_author":{"display_name":"cleybetsls","author_link":"https:\/\/goias.gov.br\/saude\/author\/cleybetsls\/"},"rttpg_comment":0,"rttpg_category":"<a href=\"https:\/\/goias.gov.br\/saude\/categoria\/page\/\" rel=\"category tag\">Outras p\u00e1ginas<\/a>","rttpg_excerpt":"[default_list] O Popular\u00a0 &#8211; No Brasil, taxa de infec\u00e7\u00f5es hospitalares atinge 14% das interna\u00e7\u00f5es Link:\u00a0https:\/\/www.opopular.com.br\/noticias\/cidades\/no-brasil-taxa-de-infec%C3%A7%C3%B5es-hospitalares-atinge-14-das-interna%C3%A7%C3%B5es-1.1798855 O Popular &#8211; M\u00e9dico que chegou a cobrar at\u00e9 R$ 7,5 mil por cirurgia feita pelo SUS em Rio Verde \u00e9 denunciado Link:\u00a0https:\/\/www.opopular.com.br\/noticias\/cidades\/m%C3%A9dico-que-chegou-a-cobrar-at%C3%A9-r-7-5-mil-por-cirurgia-feita-pelo-sus-em-rio-verde-%C3%A9-denunciado-1.1798848 O Popular &#8211; Dire\u00e7\u00e3o da Santa Casa promete retomar atendimento no pronto-socorro ainda nesta ter\u00e7a-feira (15) Link:\u00a0https:\/\/www.opopular.com.br\/noticias\/cidades\/dire%C3%A7%C3%A3o-da-santa-casa-promete-retomar-atendimento-no-pronto-socorro-ainda-nesta-ter%C3%A7a-feira-15-1.1798841&hellip;","_links":{"self":[{"href":"https:\/\/goias.gov.br\/saude\/wp-json\/wp\/v2\/posts\/6192","targetHints":{"allow":["GET"]}}],"collection":[{"href":"https:\/\/goias.gov.br\/saude\/wp-json\/wp\/v2\/posts"}],"about":[{"href":"https:\/\/goias.gov.br\/saude\/wp-json\/wp\/v2\/types\/post"}],"author":[{"embeddable":true,"href":"https:\/\/goias.gov.br\/saude\/wp-json\/wp\/v2\/users\/46"}],"replies":[{"embeddable":true,"href":"https:\/\/goias.gov.br\/saude\/wp-json\/wp\/v2\/comments?post=6192"}],"version-history":[{"count":0,"href":"https:\/\/goias.gov.br\/saude\/wp-json\/wp\/v2\/posts\/6192\/revisions"}],"wp:attachment":[{"href":"https:\/\/goias.gov.br\/saude\/wp-json\/wp\/v2\/media?parent=6192"}],"wp:term":[{"taxonomy":"category","embeddable":true,"href":"https:\/\/goias.gov.br\/saude\/wp-json\/wp\/v2\/categories?post=6192"},{"taxonomy":"post_tag","embeddable":true,"href":"https:\/\/goias.gov.br\/saude\/wp-json\/wp\/v2\/tags?post=6192"}],"curies":[{"name":"wp","href":"https:\/\/api.w.org\/{rel}","templated":true}]}}