

{"id":6191,"date":"2019-05-17T05:27:29","date_gmt":"2019-05-17T08:27:29","guid":{"rendered":"https:\/\/siteshom.goias.gov.br\/saude\/clipping-17052019\/"},"modified":"2019-05-17T05:27:29","modified_gmt":"2019-05-17T08:27:29","slug":"clipping-17052019","status":"publish","type":"post","link":"https:\/\/goias.gov.br\/saude\/clipping-17052019\/","title":{"rendered":"Clipping 17\/05\/2019"},"content":{"rendered":"<p>[default_list]<\/p>\n<ul>\n<li><strong>O Popular &#8211; Duas mortes confirmadas<\/strong><\/p>\n<p>Link:<a href=\"https:\/\/www.opopular.com.br\/noticias\/cidades\/secretaria-municipal-de-sa%C3%BAde-confirma-duas-mortes-por-h1n1-em-goi%C3%A2nia-1.1799872\"> https:\/\/www.opopular.com.br\/noticias\/cidades\/secretaria-municipal-de-sa%C3%BAde-confirma-duas-mortes-por-h1n1-em-goi%C3%A2nia-1.1799872<\/a><\/p>\n<p><strong><a href=\"\/saude\/wp-content\/uploads\/sites\/34\/images\/imagens_migradas\/2019\/05\/pop1.png\">Clique aqui <\/a><\/strong>para ver a imagem<\/li>\n<\/p>\n<li><strong>Di\u00e1rio da Manh\u00e3 &#8211; H1N1 &#8211; Duas mortes s\u00e3o confirmadas em Goi\u00e2nia<\/strong><\/p>\n<p>Link:<a href=\"https:\/\/impresso.dm.com.br\/edicao\/20190517\/pagina\/3\">https:\/\/impresso.dm.com.br\/edicao\/20190517\/pagina\/3<\/a><\/p>\n<p><strong><a href=\"\/saude\/wp-content\/uploads\/sites\/34\/images\/imagens_migradas\/2019\/05\/dm1.png\">Clique aqui<\/a> <\/strong>para ver a imagem<\/li>\n<\/p>\n<li><strong><strong>Di\u00e1rio da Manh\u00e3 &#8211; Sa\u00fade de Aparecida amplia parcerias com Hospital S\u00edrio-Liban\u00eas<\/p>\n<p><\/strong><\/strong>Link:\u00a0<a href=\"https:\/\/impresso.dm.com.br\/edicao\/20190517\/pagina\/3\">https:\/\/impresso.dm.com.br\/edicao\/20190517\/pagina\/3<\/a><\/p>\n<p><strong><a href=\"\/saude\/wp-content\/uploads\/sites\/34\/images\/imagens_migradas\/2019\/05\/dm2.png\">Clique aqui<\/a> <\/strong>para ver a imagem<\/li>\n<\/p>\n<li><strong>Di\u00e1rio da Manh\u00e3 &#8211; Caf\u00e9 da Manh\u00e3 &#8211;\u00a0 Doen\u00e7a<\/strong><\/p>\n<p>Link:\u00a0<a href=\"https:\/\/impresso.dm.com.br\/edicao\/20190517\/pagina\/9\">https:\/\/impresso.dm.com.br\/edicao\/20190517\/pagina\/9<\/a><\/p>\n<p><a href=\"\/saude\/wp-content\/uploads\/sites\/34\/images\/imagens_migradas\/2019\/05\/dm3.png\"><strong>Clique aqui<\/strong><\/a> para ver a imagem<\/li>\n<\/p>\n<li><strong>Di\u00e1rio da Manh\u00e3 &#8211; &#8220;Sa\u00fade est\u00e1 quase 100% do que \u00e9 preciso, mas era um mar de lama&#8221;<\/strong><\/p>\n<p>Link:<a href=\"https:\/\/impresso.dm.com.br\/edicao\/20190517\/pagina\/11\">\u00a0https:\/\/impresso.dm.com.br\/edicao\/20190517\/pagina\/11<\/a><\/p>\n<p><a href=\"\/saude\/wp-content\/uploads\/sites\/34\/images\/imagens_migradas\/2019\/05\/dm4.png\"><strong>Clique aqui<\/strong><\/a> para ver a imagem<\/li>\n<\/p>\n<li><strong>O Hoje &#8211; Com duas mortes, procura por vacina pode aumentar<\/p>\n<p><\/strong>Link:<a href=\"https:\/\/flip.ohoje.com\/public\/impresso\/4570\/arquivos\/#_4570\/page\/10-11\">\u00a0https:\/\/flip.ohoje.com\/public\/impresso\/4570\/arquivos\/#_4570\/page\/10-11<\/a><\/p>\n<p><strong><a href=\"\/saude\/wp-content\/uploads\/sites\/34\/images\/imagens_migradas\/2019\/05\/hoje1.png\">Clique aqui<\/a> <\/strong>para ver a imagem<\/li>\n<\/p>\n<li><strong><strong>O Hoje &#8211; An\u00e1polis &#8211; Santa Casa retoma atendimento<\/p>\n<p><\/strong><\/strong>Link:\u00a0<a href=\"https:\/\/flip.ohoje.com\/public\/impresso\/4570\/arquivos\/#_4570\/page\/10-11\">https:\/\/flip.ohoje.com\/public\/impresso\/4570\/arquivos\/#_4570\/page\/10-11<\/a><\/p>\n<p><strong><a href=\"\/saude\/wp-content\/uploads\/sites\/34\/images\/imagens_migradas\/2019\/05\/hoje2.png\">Clique aqui<\/a><\/strong> para ver a imagem<\/li>\n<\/p>\n<li><strong><strong>O Hoje &#8211;\u00a0<\/strong>Unidades b\u00e1sicas de sa\u00fade devem ampliar hor\u00e1rio de atendimento<\/p>\n<p><\/strong>Link:<a href=\"https:\/\/flip.ohoje.com\/public\/impresso\/4570\/arquivos\/#_4570\/page\/10-11\">https:\/\/flip.ohoje.com\/public\/impresso\/4570\/arquivos\/#_4570\/page\/10-11<\/a><\/p>\n<p><strong><a href=\"\/saude\/wp-content\/uploads\/sites\/34\/images\/imagens_migradas\/2019\/05\/hoje3.png\">Clique aqui<\/a><\/strong> para ver a imagem<\/li>\n<\/p>\n<li><strong>O Hoje &#8211;\u00a0IGH abre inscri\u00e7\u00f5es para processo seletivo com 41 vagas de trabalho<\/p>\n<p><\/strong>Link:\u00a0<a href=\"https:\/\/ohoje.com\/noticia\/cidades\/n\/164850\/t\/igh-abre-inscricoes-para-processo-seletivo-com-41-vagas-de-trabalho\">https:\/\/ohoje.com\/noticia\/cidades\/n\/164850\/t\/igh-abre-inscricoes-para-processo-seletivo-com-41-vagas-de-trabalho<\/a><\/li>\n<\/p>\n<li><strong>Di\u00e1rio de Aparecida &#8211; Sa\u00fade amplia parcerias com Hospital S\u00edrio Liban\u00eas<\/strong><\/p>\n<p>Link:\u00a0<a href=\"https:\/\/view.publitas.com\/jornal-online\/jornal-diario-de-aparecida-2175\/page\/2-3\">https:\/\/view.publitas.com\/jornal-online\/jornal-diario-de-aparecida-2175\/page\/2-3<\/a><\/p>\n<p><strong><a href=\"\/saude\/wp-content\/uploads\/sites\/34\/images\/imagens_migradas\/2019\/05\/daparecida.png\">Clique aqui<\/a><\/strong> para ver a imagem<\/li>\n<\/p>\n<li><strong>Alego &#8211;\u00a0 Dia de combate a explora\u00e7\u00e3o sexual<\/strong><\/p>\n<p>Link:\u00a0<a href=\"https:\/\/portal.al.go.leg.br\/noticias\/ver\/id\/167899\/tipo\/geral\">https:\/\/portal.al.go.leg.br\/noticias\/ver\/id\/167899\/tipo\/geral<\/a><\/p>\n<p><strong><a href=\"\/saude\/wp-content\/uploads\/sites\/34\/images\/imagens_migradas\/2019\/05\/alego.png\">Clique aqui<\/a> <\/strong>para ver a imagem<\/li>\n<\/p>\n<li><strong>Alego &#8211; Projeto de lei quer liberar uso de maconha para fins medicinais<\/p>\n<p><\/strong>Link:\u00a0<a href=\"https:\/\/www.emaisgoias.com.br\/campanha-incentiva-doacao-de-leite-humano-em-goias\/\">https:\/\/www.emaisgoias.com.br\/campanha-incentiva-doacao-de-leite-humano-em-goias\/<\/a><\/p>\n<p><strong><a href=\"\/saude\/wp-content\/uploads\/sites\/34\/images\/imagens_migradas\/2019\/05\/alego1.png\">Clique aqui<\/a><\/strong> para ver a imagem<\/li>\n<\/p>\n<li><strong>Alego &#8211; Diego quer liberar uso de cannabis para fins medicinais<\/strong><\/p>\n<p>Link:\u00a0<a href=\"https:\/\/portal.al.go.leg.br\/noticias\/ver\/id\/168026\/tipo\/gabinete\">https:\/\/portal.al.go.leg.br\/noticias\/ver\/id\/168026\/tipo\/gabinete<\/a><\/p>\n<p><strong><a href=\"\/saude\/wp-content\/uploads\/sites\/34\/images\/imagens_migradas\/2019\/05\/alego-1.png\">Clique aqui<\/a> <\/strong>para ver a imagem<\/li>\n<\/p>\n<li><strong>Minist\u00e9rio P\u00fablico:\u00a0<b>MP-GO e parceiros lan\u00e7am nesta sexta-feira curso de forma\u00e7\u00e3o sobre enfrentamento \u00e0s drogas<\/b><\/strong><\/p>\n<p>Link:<a href=\"https:\/\/www.mpgo.mp.br\/portal\/noticia\/mp-go-e-parceiros-lancam-nesta-sexta-feira-curso-de-formacao-sobre-enfrentamento-as-drogas--3#.XN6ULNy1u60\">https:\/\/www.mpgo.mp.br\/portal\/noticia\/mp-go-e-parceiros-lancam-nesta-sexta-feira-curso-de-formacao-sobre-enfrentamento-as-drogas&#8211;3#.XN6ULNy1u60<\/a><\/p>\n<p><a href=\"\/saude\/wp-content\/uploads\/sites\/34\/images\/imagens_migradas\/2019\/05\/mp.png\"><strong>Clique aqui<\/strong><\/a> para ver a imagem<\/li>\n<\/p>\n<li><strong>Minist\u00e9rio P\u00fablico:\u00a0Promotoria de Cavalcante integra Semana de Combate ao Abuso Sexual Infantojuvenil<\/p>\n<p>Link:\u00a0<\/strong><a href=\"https:\/\/www.mpgo.mp.br\/portal\/noticia\/promotoria-de-cavalcante-integra-semana-de-combate-ao-abuso-sexual-infantojuvenil#.XOKxiFJKjRa\">https:\/\/www.mpgo.mp.br\/portal\/noticia\/promotoria-de-cavalcante-integra-semana-de-combate-ao-abuso-sexual-infantojuvenil#.XOKxiFJKjRa<\/a><\/p>\n<p><strong><a href=\"\/saude\/wp-content\/uploads\/sites\/34\/images\/imagens_migradas\/2019\/05\/mpgo.png\">Clique aqui<\/a> <\/strong>para ver a imagem<\/li>\n<\/p>\n<li><strong><strong>G1 Goi\u00e1s &#8211;\u00a0\u00a0<strong><b>Secretaria de Sa\u00fade confirma duas mortes por H1N1 em Goi\u00e2nia<\/b><\/strong><\/p>\n<p><\/strong><\/strong>Link:\u00a0<a href=\"https:\/\/portal.al.go.leg.br\/noticias\/ver\/id\/167899\/tipo\/geral\">https:\/\/portal.al.go.leg.br\/noticias\/ver\/id\/167899\/tipo\/geral<\/a>https:\/\/g1.globo.com\/go\/goias\/noticia\/2019\/05\/16\/secretaria-de-saude-confirma-duas-mortes-por-h1n1-em-goiania.ghtml<\/li>\n<\/p>\n<li><strong>Jornal Op\u00e7\u00e3o &#8211;\u00a0Duas mortes por H1N1 s\u00e3o confirmadas em Goi\u00e2nia<\/p>\n<p><\/strong>Link:\u00a0<a href=\"https:\/\/www.jornalopcao.com.br\/ultimas-noticias\/duas-mortes-por-h1n1-sao-confirmadas-em-goiania-184744\/\">https:\/\/www.jornalopcao.com.br\/ultimas-noticias\/duas-mortes-por-h1n1-sao-confirmadas-em-goiania-184744\/<\/a><\/li>\n<\/p>\n<li><strong>Jornal Op\u00e7\u00e3o &#8211;<\/strong>\u00a0<strong><b>Hint One Experience apresenta inova\u00e7\u00f5es tecnol\u00f3gicas na \u00e1rea de sa\u00fade<\/p>\n<p><\/b><\/strong>Link:<a href=\"https:\/\/www.jornalopcao.com.br\/ultimas-noticias\/hint-one-experience-apresenta-inovacoes-tecnologicas-na-area-de-saude-184681\/\">\u00a0https:\/\/www.jornalopcao.com.br\/ultimas-noticias\/hint-one-experience-apresenta-inovacoes-tecnologicas-na-area-de-saude-184681\/<\/a><\/li>\n<\/p>\n<li><strong><strong>A Reda\u00e7\u00e3o &#8211; Goi\u00e2nia sedia maior evento de inova\u00e7\u00e3o em Sa\u00fade do Centro-Oeste<\/p>\n<p><\/strong><\/strong>Link:<a href=\"https:\/\/aredacao.com.br\/negocios\/119263\/goiania-sedia-maior-evento-de-inovacao-em-saude-do-centro-oeste\">\u00a0https:\/\/aredacao.com.br\/negocios\/119263\/goiania-sedia-maior-evento-de-inovacao-em-saude-do-centro-oeste<\/a><\/li>\n<\/p>\n<li><strong>A Reda\u00e7\u00e3o &#8211;\u00a0Aparecida de Goi\u00e2nia e Hospital S\u00edrio-Liban\u00eas ampliam parcerias\u00a0<\/strong><\/p>\n<p>Link:\u00a0<a href=\"https:\/\/aredacao.com.br\/noticias\/119276\/aparecida-de-goiania-e-hospital-sirio-libanes-ampliam-parcerias\">https:\/\/aredacao.com.br\/noticias\/119276\/aparecida-de-goiania-e-hospital-sirio-libanes-ampliam-parcerias<\/a><\/li>\n<\/p>\n<li><strong>Mais Goi\u00e1s &#8211;\u00a0Goi\u00e2nia registra duas mortes por H1N1<\/strong><\/p>\n<p>Link:\u00a0<a href=\"https:\/\/www.emaisgoias.com.br\/goiania-registra-duas-mortes-por-h1n1\/\">https:\/\/www.emaisgoias.com.br\/goiania-registra-duas-mortes-por-h1n1\/<\/a><\/li>\n<\/p>\n<li><strong>Simego &#8211;\u00a0SIMEGO apresenta demandas da categoria para secret\u00e1rio de Estado da Sa\u00fade<\/p>\n<p><\/strong>Link:\u00a0<a href=\"https:\/\/www.simego.org.br\/Home\/noticias_in\/475\" target=\"_blank\" rel=\"noopener noreferrer\">https:\/\/www.simego.org.br\/Home\/noticias_in\/475<\/a><\/li>\n<\/p>\n<li><strong>Sindsa\u00fade &#8211;\u00a0Estado: Dieese apresenta estudo sobre as perdas salariais dos servidores da SES<\/strong><\/p>\n<p>Link:\u00a0<a href=\"https:\/\/www.sindsaude.com.br\/web\/estado-dieese-apresenta-estudo-sobre-as-perdas-salariais-dos-servidores-da-ses\/\">https:\/\/www.sindsaude.com.br\/web\/estado-dieese-apresenta-estudo-sobre-as-perdas-salariais-dos-servidores-da-ses\/<\/a><\/li>\n<\/p>\n<li><strong>Tribuna do Planalto &#8211; Dia Mundial da Hipertens\u00e3o alerta para doen\u00e7a em jovens adultos e adolescentes<\/p>\n<p><\/strong>Link:\u00a0<a href=\"https:\/\/tribunadoplanalto.com.br\/2019\/05\/17\/dia-mundial-da-hipertensao-alerta-para-doenca-em-jovens-adultos-e-adolescentes\/\">https:\/\/tribunadoplanalto.com.br\/2019\/05\/17\/dia-mundial-da-hipertensao-alerta-para-doenca-em-jovens-adultos-e-adolescentes\/<\/a><\/li>\n<\/p>\n<li><strong>Tribuna do Planalto &#8211;\u00a0 IGH realiza processo seletivo para preenchimento de 41 vagas<\/p>\n<p><\/strong><\/p>\n<p><div class=\"td-module-meta-info\">Link:\u00a0\u00a0<a href=\"https:\/\/tribunadoplanalto.com.br\/2019\/05\/17\/igh-realiza-processo-seletivo-para-preenchimento-de-41-vagas\/\">https:\/\/tribunadoplanalto.com.br\/2019\/05\/17\/igh-realiza-processo-seletivo-para-preenchimento-de-41-vagas\/<\/a><\/div>\n<\/li>\n<li><\/li>\n<\/ul>\n<p>[\/default_list]<\/p>\n","protected":false},"excerpt":{"rendered":"<p>[default_list] O Popular &#8211; Duas mortes confirmadas Link: https:\/\/www.opopular.com.br\/noticias\/cidades\/secretaria-municipal-de-sa%C3%BAde-confirma-duas-mortes-por-h1n1-em-goi%C3%A2nia-1.1799872 Clique aqui para ver a imagem Di\u00e1rio da Manh\u00e3 &#8211; H1N1 &#8211; Duas mortes s\u00e3o confirmadas em Goi\u00e2nia Link:https:\/\/impresso.dm.com.br\/edicao\/20190517\/pagina\/3 Clique aqui para ver a imagem Di\u00e1rio da Manh\u00e3 &#8211; Sa\u00fade de Aparecida amplia parcerias com Hospital S\u00edrio-Liban\u00eas Link:\u00a0https:\/\/impresso.dm.com.br\/edicao\/20190517\/pagina\/3 Clique aqui para ver a imagem Di\u00e1rio da [&hellip;]<\/p>\n","protected":false},"author":46,"featured_media":0,"comment_status":"closed","ping_status":"open","sticky":false,"template":"","format":"standard","meta":{"footnotes":""},"categories":[10],"tags":[],"class_list":["post-6191","post","type-post","status-publish","format-standard","hentry","category-page"],"rttpg_featured_image_url":null,"rttpg_author":{"display_name":"cleybetsls","author_link":"https:\/\/goias.gov.br\/saude\/author\/cleybetsls\/"},"rttpg_comment":0,"rttpg_category":"<a href=\"https:\/\/goias.gov.br\/saude\/categoria\/page\/\" rel=\"category tag\">Outras p\u00e1ginas<\/a>","rttpg_excerpt":"[default_list] O Popular &#8211; Duas mortes confirmadas Link: https:\/\/www.opopular.com.br\/noticias\/cidades\/secretaria-municipal-de-sa%C3%BAde-confirma-duas-mortes-por-h1n1-em-goi%C3%A2nia-1.1799872 Clique aqui para ver a imagem Di\u00e1rio da Manh\u00e3 &#8211; H1N1 &#8211; Duas mortes s\u00e3o confirmadas em Goi\u00e2nia Link:https:\/\/impresso.dm.com.br\/edicao\/20190517\/pagina\/3 Clique aqui para ver a imagem Di\u00e1rio da Manh\u00e3 &#8211; Sa\u00fade de Aparecida amplia parcerias com Hospital S\u00edrio-Liban\u00eas Link:\u00a0https:\/\/impresso.dm.com.br\/edicao\/20190517\/pagina\/3 Clique aqui para ver a imagem Di\u00e1rio da&hellip;","_links":{"self":[{"href":"https:\/\/goias.gov.br\/saude\/wp-json\/wp\/v2\/posts\/6191","targetHints":{"allow":["GET"]}}],"collection":[{"href":"https:\/\/goias.gov.br\/saude\/wp-json\/wp\/v2\/posts"}],"about":[{"href":"https:\/\/goias.gov.br\/saude\/wp-json\/wp\/v2\/types\/post"}],"author":[{"embeddable":true,"href":"https:\/\/goias.gov.br\/saude\/wp-json\/wp\/v2\/users\/46"}],"replies":[{"embeddable":true,"href":"https:\/\/goias.gov.br\/saude\/wp-json\/wp\/v2\/comments?post=6191"}],"version-history":[{"count":0,"href":"https:\/\/goias.gov.br\/saude\/wp-json\/wp\/v2\/posts\/6191\/revisions"}],"wp:attachment":[{"href":"https:\/\/goias.gov.br\/saude\/wp-json\/wp\/v2\/media?parent=6191"}],"wp:term":[{"taxonomy":"category","embeddable":true,"href":"https:\/\/goias.gov.br\/saude\/wp-json\/wp\/v2\/categories?post=6191"},{"taxonomy":"post_tag","embeddable":true,"href":"https:\/\/goias.gov.br\/saude\/wp-json\/wp\/v2\/tags?post=6191"}],"curies":[{"name":"wp","href":"https:\/\/api.w.org\/{rel}","templated":true}]}}