

{"id":6184,"date":"2019-05-25T16:51:00","date_gmt":"2019-05-25T19:51:00","guid":{"rendered":"https:\/\/siteshom.goias.gov.br\/saude\/clipping-24052019\/"},"modified":"2019-05-25T16:51:00","modified_gmt":"2019-05-25T19:51:00","slug":"clipping-24052019","status":"publish","type":"post","link":"https:\/\/goias.gov.br\/saude\/clipping-24052019\/","title":{"rendered":"Clipping 24\/05\/2019"},"content":{"rendered":"<p>[default_list]<\/p>\n<ul>\n<li><strong>O Popular\u00a0<\/strong> &#8211; HMI descumpre metas e SES decide reduzir repasses<\/p>\n<p><strong><a href=\"\/saude\/wp-content\/uploads\/sites\/34\/images\/imagens_migradas\/2019\/05\/24_05pop2.png\">Clique aqui<\/a> <\/strong>para ver a imagem<\/li>\n<\/p>\n<li><strong>O Popular<\/strong> &#8211; Motivos<\/p>\n<p><a href=\"\/saude\/wp-content\/uploads\/sites\/34\/images\/imagens_migradas\/2019\/05\/24_05pop3.png\"><strong>Clique aqui<\/strong> <\/a>para ver a imagem<\/li>\n<\/p>\n<li><strong>Di\u00e1rio da Manh\u00e3\u00a0<\/strong> &#8211;<\/p>\n<p><strong>Clique aqui<\/strong> para ver a imagem<\/li>\n<\/p>\n<li><b><b>Di\u00e1rio de Aparecida &#8211;\u00a0<\/b><\/b><a href=\"https:\/\/view.publitas.com\/jornal-online\/jornal-diario-de-aparecida-2180\/page\/2-3\" target=\"_blank\" rel=\"noopener noreferrer\">16\u00aa Prefeitura em A\u00e7\u00e3o inicia atendimentos<\/a><\/li>\n<li><b>Di\u00e1rio de Aparecida\u00a0<\/b>&#8211;\u00a0<a href=\"https:\/\/view.publitas.com\/jornal-online\/jornal-diario-de-aparecida-2180\/page\/16\" target=\"_blank\" rel=\"noopener noreferrer\">SMTA promove a\u00e7\u00f5es educativas em alus\u00e3o ao maio amarelo<\/a><\/li>\n<li><strong>G1 Goi\u00e1s<\/strong>\u00a0&#8211;\u00a0<a href=\"https:\/\/g1.globo.com\/go\/goias\/noticia\/2019\/05\/24\/dois-postos-de-vacinacao-em-goiania-estao-abertos-no-feriado-para-imunizar-contra-gripe.ghtml\">Dois postos de vacina\u00e7\u00e3o em Goi\u00e2nia est\u00e3o abertos no feriado para imunizar contra gripe<\/a><\/li>\n<li><strong>G1 Goi\u00e1s<\/strong>\u00a0&#8211;\u00a0\u00a0<a href=\"https:\/\/g1.globo.com\/go\/goias\/noticia\/2019\/05\/23\/mulher-esta-ha-2-anos-com-protese-quebrada-dentro-da-perna-e-nao-consegue-cirurgia-em-neropolis.ghtml\">Mulher est\u00e1 h\u00e1 2 anos com pr\u00f3tese quebrada na perna e n\u00e3o consegue cirurgia, em Ner\u00f3polis<\/a><\/li>\n<li><strong>Alego<\/strong> &#8211;\u00a0\u00a0<a href=\"https:\/\/portal.al.go.leg.br\/noticias\/ver\/id\/168228\/alego+promove+evento+em+homenagem+ao+dia+das+maes+do+hospital+araujo+jorge+\">Alego promove evento em homenagem ao Dia das M\u00e3es do Hospital Ara\u00fajo Jorge<\/a><\/li>\n<li><strong>Cremego<\/strong> &#8211;\u00a0<a href=\"https:\/\/www.cremego.org.br\/index.php?option=com_content&amp;view=article&amp;id=27801;2019-05-22-11-43-21&amp;catid=3\">Cremego n\u00e3o ter\u00e1 expediente<\/a><\/li>\n<\/ul>\n<p>[\/default_list]<\/p>\n","protected":false},"excerpt":{"rendered":"<p>[default_list] O Popular\u00a0 &#8211; HMI descumpre metas e SES decide reduzir repasses Clique aqui para ver a imagem O Popular &#8211; Motivos Clique aqui para ver a imagem Di\u00e1rio da Manh\u00e3\u00a0 &#8211; Clique aqui para ver a imagem Di\u00e1rio de Aparecida &#8211;\u00a016\u00aa Prefeitura em A\u00e7\u00e3o inicia atendimentos Di\u00e1rio de Aparecida\u00a0&#8211;\u00a0SMTA promove a\u00e7\u00f5es educativas em alus\u00e3o [&hellip;]<\/p>\n","protected":false},"author":46,"featured_media":0,"comment_status":"closed","ping_status":"open","sticky":false,"template":"","format":"standard","meta":{"footnotes":""},"categories":[10],"tags":[],"class_list":["post-6184","post","type-post","status-publish","format-standard","hentry","category-page"],"rttpg_featured_image_url":null,"rttpg_author":{"display_name":"cleybetsls","author_link":"https:\/\/goias.gov.br\/saude\/author\/cleybetsls\/"},"rttpg_comment":0,"rttpg_category":"<a href=\"https:\/\/goias.gov.br\/saude\/categoria\/page\/\" rel=\"category tag\">Outras p\u00e1ginas<\/a>","rttpg_excerpt":"[default_list] O Popular\u00a0 &#8211; HMI descumpre metas e SES decide reduzir repasses Clique aqui para ver a imagem O Popular &#8211; Motivos Clique aqui para ver a imagem Di\u00e1rio da Manh\u00e3\u00a0 &#8211; Clique aqui para ver a imagem Di\u00e1rio de Aparecida &#8211;\u00a016\u00aa Prefeitura em A\u00e7\u00e3o inicia atendimentos Di\u00e1rio de Aparecida\u00a0&#8211;\u00a0SMTA promove a\u00e7\u00f5es educativas em alus\u00e3o&hellip;","_links":{"self":[{"href":"https:\/\/goias.gov.br\/saude\/wp-json\/wp\/v2\/posts\/6184","targetHints":{"allow":["GET"]}}],"collection":[{"href":"https:\/\/goias.gov.br\/saude\/wp-json\/wp\/v2\/posts"}],"about":[{"href":"https:\/\/goias.gov.br\/saude\/wp-json\/wp\/v2\/types\/post"}],"author":[{"embeddable":true,"href":"https:\/\/goias.gov.br\/saude\/wp-json\/wp\/v2\/users\/46"}],"replies":[{"embeddable":true,"href":"https:\/\/goias.gov.br\/saude\/wp-json\/wp\/v2\/comments?post=6184"}],"version-history":[{"count":0,"href":"https:\/\/goias.gov.br\/saude\/wp-json\/wp\/v2\/posts\/6184\/revisions"}],"wp:attachment":[{"href":"https:\/\/goias.gov.br\/saude\/wp-json\/wp\/v2\/media?parent=6184"}],"wp:term":[{"taxonomy":"category","embeddable":true,"href":"https:\/\/goias.gov.br\/saude\/wp-json\/wp\/v2\/categories?post=6184"},{"taxonomy":"post_tag","embeddable":true,"href":"https:\/\/goias.gov.br\/saude\/wp-json\/wp\/v2\/tags?post=6184"}],"curies":[{"name":"wp","href":"https:\/\/api.w.org\/{rel}","templated":true}]}}