

{"id":617918,"date":"2025-11-30T21:35:08","date_gmt":"2025-12-01T00:35:08","guid":{"rendered":"https:\/\/goias.gov.br\/saude\/?p=617918"},"modified":"2025-11-30T21:35:08","modified_gmt":"2025-12-01T00:35:08","slug":"mutirao-contra-o-diabetes-faz-alerta-sobre-importancia-do-diagnostico-precoce","status":"publish","type":"post","link":"https:\/\/goias.gov.br\/saude\/mutirao-contra-o-diabetes-faz-alerta-sobre-importancia-do-diagnostico-precoce\/","title":{"rendered":"Mutir\u00e3o contra o Diabetes faz alerta sobre import\u00e2ncia do diagn\u00f3stico precoce"},"content":{"rendered":"\n<p class=\"has-text-align-center\"><strong>A\u00e7\u00e3o do programa Goi\u00e1s Social leva mais de 15 servi\u00e7os gratuitos para diab\u00e9ticos e popula\u00e7\u00e3o em geral, com foco em preven\u00e7\u00e3o, diagn\u00f3stico precoce e orienta\u00e7\u00e3o especializada<\/strong><\/p>\n\n\n\n<!--more-->\n\n\n<div class=\"wp-block-image\">\n<figure class=\"aligncenter size-large\"><img fetchpriority=\"high\" decoding=\"async\" width=\"1024\" height=\"685\" src=\"https:\/\/goias.gov.br\/saude\/wp-content\/uploads\/sites\/34\/2025\/11\/1000437145-1024x685.jpg\" alt=\"\" class=\"wp-image-617930\" srcset=\"https:\/\/goias.gov.br\/saude\/wp-content\/uploads\/sites\/34\/2025\/11\/1000437145-1024x685.jpg 1024w, https:\/\/goias.gov.br\/saude\/wp-content\/uploads\/sites\/34\/2025\/11\/1000437145-300x201.jpg 300w, https:\/\/goias.gov.br\/saude\/wp-content\/uploads\/sites\/34\/2025\/11\/1000437145-768x514.jpg 768w, https:\/\/goias.gov.br\/saude\/wp-content\/uploads\/sites\/34\/2025\/11\/1000437145-1536x1027.jpg 1536w, https:\/\/goias.gov.br\/saude\/wp-content\/uploads\/sites\/34\/2025\/11\/1000437145.jpg 1600w\" sizes=\"(max-width: 1024px) 100vw, 1024px\" \/><figcaption class=\"wp-element-caption\"><em>Cuidado com os p\u00e9s: avalia\u00e7\u00e3o do p\u00e9 diab\u00e9tico faz parte da preven\u00e7\u00e3o e do acompanhamento da doen\u00e7a<\/em><\/figcaption><\/figure>\n<\/div>\n\n\n<p>O Governo de Goi\u00e1s, por meio do Goi\u00e1s Social e da Secretaria de Estado da Sa\u00fade (SES-GO), realizou neste s\u00e1bado (29\/11) a campanha Goi\u00e1s Unido Contra o Diabetes, um dia de atendimentos gratuitos voltados a pessoas com diabetes e \u00e0 Feira da Sa\u00fade para a popula\u00e7\u00e3o em geral. A a\u00e7\u00e3o ocorreu na Pra\u00e7a C\u00edvica, em Goi\u00e2nia, das 8h \u00e0s 12h.<\/p>\n\n\n\n<p>Para o secret\u00e1rio de Estado da Sa\u00fade, Ras\u00edvel Santos, a mobiliza\u00e7\u00e3o refor\u00e7a os esfor\u00e7os do Governo de Goi\u00e1s para ampliar o cuidado e alertar a popula\u00e7\u00e3o sobre a import\u00e2ncia do diagn\u00f3stico precoce. \u201cO diabetes \u00e9 uma condi\u00e7\u00e3o cr\u00f4nica complexa e metade das pessoas que vivem com a doen\u00e7a desconhece o diagn\u00f3stico. A iniciativa fortalece o acesso aos servi\u00e7os de sa\u00fade, promove preven\u00e7\u00e3o e salva vidas\u201d, destacou.<\/p>\n\n\n\n<p>O secret\u00e1rio-adjunto da Sa\u00fade, S\u00e9rgio Vencio, ressaltou o car\u00e1ter educativo da a\u00e7\u00e3o.<\/p>\n\n\n\n<p>\u201cEsses eventos aproximam o atendimento da popula\u00e7\u00e3o e mostram que o cuidado cont\u00ednuo \u00e9 fundamental para evitar complica\u00e7\u00f5es. Informa\u00e7\u00e3o, acolhimento e acesso s\u00e3o pilares para melhorar a qualidade de vida de quem vive com diabetes\u201d, afirmou.<\/p>\n\n\n\n<p>O secret\u00e1rio-executivo de Pol\u00edticas Sociais do Goi\u00e1s Social, Alexandre Parrode, destacou a import\u00e2ncia da integra\u00e7\u00e3o entre servidores, parceiros e institui\u00e7\u00f5es.<br>\u201cEstamos aqui com uma grande estrutura, oferecendo exames, orienta\u00e7\u00f5es e atendimento completo. Como diz Gracinha Caiado, ningu\u00e9m faz nada sozinho\u201d, afirmou.<\/p>\n\n\n\n<p>Mais de 1.115 atendimentos e exames foram realizados durante o mutir\u00e3o, com a participa\u00e7\u00e3o de equipes do HGG\/Cead, HDS, HDT, CEAP-SOL, CEROF, HOA, al\u00e9m da Universidade Evang\u00e9lica de Goi\u00e1s, Pontif\u00edcia Universidade Cat\u00f3lica de Goi\u00e1s (PUC-GO) e Laborat\u00f3rio N\u00facleo.<\/p>\n\n\n\n<p>Os atendimentos para pessoas com diabetes foram realizados mediante apresenta\u00e7\u00e3o de documento pessoal e declara\u00e7\u00e3o da condi\u00e7\u00e3o e inclu\u00edram mapeamento de retina, avalia\u00e7\u00e3o do p\u00e9 diab\u00e9tico, 60 ecodopplers\/dopplers de membros inferiores, 31 ecodopplers\/dopplers de car\u00f3tidas, 76 eletrocardiogramas, 104 coletas laboratoriais. Tamb\u00e9m ocorreram avalia\u00e7\u00e3o nefrol\u00f3gica, antropometria, c\u00e1lculo do IMC, aferi\u00e7\u00e3o da press\u00e3o arterial e encaminhamento para tratamento especializado pela Regula\u00e7\u00e3o Estadual. Al\u00e9m disso, foram realizados 522 atendimentos em oftalmologia.<\/p>\n\n\n\n<p><strong>Atendimento \u00e0 popula\u00e7\u00e3o geral<\/strong><br>A Feira da Sa\u00fade, destinada \u00e0 popula\u00e7\u00e3o, realizou 322 atendimentos, oferecendo aferi\u00e7\u00e3o de glicemia e press\u00e3o arterial, orienta\u00e7\u00f5es nutricionais, oficinas educativas e outras atividades de promo\u00e7\u00e3o da sa\u00fade, refor\u00e7ando a preven\u00e7\u00e3o e a conscientiza\u00e7\u00e3o sobre cuidados essenciais.<\/p>\n\n\n\n<p>O subsecret\u00e1rio de Pol\u00edticas e A\u00e7\u00f5es em Sa\u00fade, Luciano de Carvalho, refor\u00e7ou a import\u00e2ncia da triagem ampla. \u201cOs pacientes passaram por uma linha completa de atendimento com equipe multiprofissional e diversos exames, incluindo fundo de olho, retinografia, avalia\u00e7\u00e3o dos p\u00e9s, antropometria, exames laboratoriais, eletrocardiograma e doppler. Muitos desconheciam a condi\u00e7\u00e3o ou complica\u00e7\u00f5es que poderiam levar \u00e0 amputa\u00e7\u00e3o ou cegueira\u201d, explicou.<\/p>\n\n\n\n<p>Para a auxiliar de escrit\u00f3rio Norneide Souza, atendida durante o mutir\u00e3o, a a\u00e7\u00e3o trouxe oportunidade e acolhimento. \u201cFui muito bem atendida e consegui fazer todos os exames que precisava em um s\u00f3 lugar, de forma r\u00e1pida. Esse tipo de a\u00e7\u00e3o ajuda quem n\u00e3o tem condi\u00e7\u00f5es de pagar. A sa\u00fade est\u00e1 excelente\u201d, relatou.<\/p>\n\n\n\n<p><strong>Servi\u00e7o<\/strong><br><em>Cen\u00e1rio do diabetes<\/em><\/p>\n\n\n\n<ul class=\"wp-block-list\">\n<li>Em Goi\u00e1s, cerca de 600 mil pessoas vivem com diabetes.<\/li>\n\n\n\n<li>No Brasil, o pa\u00eds ocupa o 6\u00ba lugar no ranking mundial da doen\u00e7a, com 16,6 milh\u00f5es de pessoas diagnosticadas.<\/li>\n\n\n\n<li>O diabetes tipo 2 representa 90% dos casos e est\u00e1 associado a sedentarismo, alimenta\u00e7\u00e3o inadequada e obesidade.<\/li>\n<\/ul>\n\n\n\n<p>Foto: Marco Monteiro<\/p>\n\n\n\n<p><strong>Secretaria de Estado da Sa\u00fade \u2013 Governo de Goi\u00e1s<\/strong><\/p>\n","protected":false},"excerpt":{"rendered":"<p>A\u00e7\u00e3o do programa Goi\u00e1s Social leva mais de 15 servi\u00e7os gratuitos para diab\u00e9ticos e popula\u00e7\u00e3o em geral<\/p>\n","protected":false},"author":164,"featured_media":617930,"comment_status":"closed","ping_status":"open","sticky":false,"template":"","format":"standard","meta":{"footnotes":""},"categories":[3],"tags":[493],"class_list":["post-617918","post","type-post","status-publish","format-standard","has-post-thumbnail","hentry","category-noticias","tag-goias-unido-contra-o-diabetes"],"rttpg_featured_image_url":{"full":["https:\/\/goias.gov.br\/saude\/wp-content\/uploads\/sites\/34\/2025\/11\/1000437145.jpg",1600,1070,false],"landscape":["https:\/\/goias.gov.br\/saude\/wp-content\/uploads\/sites\/34\/2025\/11\/1000437145.jpg",1600,1070,false],"portraits":["https:\/\/goias.gov.br\/saude\/wp-content\/uploads\/sites\/34\/2025\/11\/1000437145.jpg",1600,1070,false],"thumbnail":["https:\/\/goias.gov.br\/saude\/wp-content\/uploads\/sites\/34\/2025\/11\/1000437145-150x150.jpg",150,150,true],"medium":["https:\/\/goias.gov.br\/saude\/wp-content\/uploads\/sites\/34\/2025\/11\/1000437145-300x201.jpg",300,201,true],"large":["https:\/\/goias.gov.br\/saude\/wp-content\/uploads\/sites\/34\/2025\/11\/1000437145-1024x685.jpg",1024,685,true],"1536x1536":["https:\/\/goias.gov.br\/saude\/wp-content\/uploads\/sites\/34\/2025\/11\/1000437145-1536x1027.jpg",1536,1027,true],"2048x2048":["https:\/\/goias.gov.br\/saude\/wp-content\/uploads\/sites\/34\/2025\/11\/1000437145.jpg",1600,1070,false]},"rttpg_author":{"display_name":"isabelamelo","author_link":"https:\/\/goias.gov.br\/saude\/author\/isabelamelo\/"},"rttpg_comment":0,"rttpg_category":"<a href=\"https:\/\/goias.gov.br\/saude\/categoria\/noticias\/\" rel=\"category tag\">Not\u00edcias<\/a>","rttpg_excerpt":"A\u00e7\u00e3o do programa Goi\u00e1s Social leva mais de 15 servi\u00e7os gratuitos para diab\u00e9ticos e popula\u00e7\u00e3o em geral","_links":{"self":[{"href":"https:\/\/goias.gov.br\/saude\/wp-json\/wp\/v2\/posts\/617918","targetHints":{"allow":["GET"]}}],"collection":[{"href":"https:\/\/goias.gov.br\/saude\/wp-json\/wp\/v2\/posts"}],"about":[{"href":"https:\/\/goias.gov.br\/saude\/wp-json\/wp\/v2\/types\/post"}],"author":[{"embeddable":true,"href":"https:\/\/goias.gov.br\/saude\/wp-json\/wp\/v2\/users\/164"}],"replies":[{"embeddable":true,"href":"https:\/\/goias.gov.br\/saude\/wp-json\/wp\/v2\/comments?post=617918"}],"version-history":[{"count":1,"href":"https:\/\/goias.gov.br\/saude\/wp-json\/wp\/v2\/posts\/617918\/revisions"}],"predecessor-version":[{"id":617971,"href":"https:\/\/goias.gov.br\/saude\/wp-json\/wp\/v2\/posts\/617918\/revisions\/617971"}],"wp:featuredmedia":[{"embeddable":true,"href":"https:\/\/goias.gov.br\/saude\/wp-json\/wp\/v2\/media\/617930"}],"wp:attachment":[{"href":"https:\/\/goias.gov.br\/saude\/wp-json\/wp\/v2\/media?parent=617918"}],"wp:term":[{"taxonomy":"category","embeddable":true,"href":"https:\/\/goias.gov.br\/saude\/wp-json\/wp\/v2\/categories?post=617918"},{"taxonomy":"post_tag","embeddable":true,"href":"https:\/\/goias.gov.br\/saude\/wp-json\/wp\/v2\/tags?post=617918"}],"curies":[{"name":"wp","href":"https:\/\/api.w.org\/{rel}","templated":true}]}}