

{"id":6171,"date":"2019-06-05T04:32:10","date_gmt":"2019-06-05T07:32:10","guid":{"rendered":"https:\/\/siteshom.goias.gov.br\/saude\/clipping-05062019\/"},"modified":"2019-06-05T04:32:10","modified_gmt":"2019-06-05T07:32:10","slug":"clipping-05062019","status":"publish","type":"post","link":"https:\/\/goias.gov.br\/saude\/clipping-05062019\/","title":{"rendered":"Clipping 05\/06\/2019"},"content":{"rendered":"<p>[default_list]<\/p>\n<ul>\n<li><strong>O Popular &#8211;<\/strong>\u00a0<a href=\"https:\/\/www.opopular.com.br\/noticias\/cidades\/atrasos-em-repasses-por-parte-do-estado-travam-hdt-1.1813584\" target=\"_blank\" rel=\"noopener noreferrer\">Atrasos em repasses por parte do Estado travam HDT\u00a0<\/a><\/li>\n<li><strong><strong><strong><strong><strong><strong>Di\u00e1rio da Manh\u00e3 &#8211; <\/strong><\/strong><\/strong><\/strong><\/strong><\/strong><a href=\"https:\/\/impresso.dm.com.br\/edicao\/20190605\/pagina\/3\" target=\"_blank\" rel=\"noopener noreferrer\">Dobra o n\u00famero de pacientes na UPA de Senador Canedo<\/a><strong><strong><strong><strong><strong><strong><\/p>\n<p><\/strong><\/strong><\/strong><\/strong><\/strong>\u00a0<a href=\"\/saude\/wp-content\/uploads\/sites\/34\/images\/imagens_migradas\/2019\/06\/dm-1.png\" target=\"_blank\" rel=\"noopener noreferrer\">Clique aqui<\/a><\/strong> para ver a imagem<\/li>\n<\/p>\n<li><strong>Di\u00e1rio da Manh\u00e3 &#8211; Caf\u00e9 da Manha &#8211;\u00a0\u00a0<\/strong><a href=\"https:\/\/impresso.dm.com.br\/edicao\/20190605\/pagina\/8\">Inscri\u00e7\u00f5es \u00e0 acelerada de Sa\u00fade<\/a><\/p>\n<p><strong><a href=\"\/saude\/wp-content\/uploads\/sites\/34\/images\/imagens_migradas\/2019\/06\/dm2-2.png\">Clique aqui<\/a><\/strong> para ver a imagem<\/li>\n<\/p>\n<li><strong>O Hoje<\/strong> &#8211;\u00a0 <a href=\"https:\/\/flip.ohoje.com\/public\/impresso\/4589\/arquivos\/#_4589\/page\/2-3\" target=\"_blank\" rel=\"noopener noreferrer\">Naves discute obras de hospital<\/a><\/p>\n<p><strong><a href=\"\/saude\/wp-content\/uploads\/sites\/34\/images\/imagens_migradas\/2019\/06\/hoje.png\" target=\"_blank\" rel=\"noopener noreferrer\">Clique aqui <\/a><\/strong>para ver a imagem<\/li>\n<\/p>\n<li><strong>Alego<\/strong> &#8211; <a href=\"https:\/\/portal.al.go.leg.br\/noticias\/ver\/id\/168685\/tipo\/gabinete\" target=\"_blank\" rel=\"noopener noreferrer\">Wagner Neto quer a implanta\u00e7\u00e3o de uma policl\u00ednica em Itapuranga<\/a><\/p>\n<p><a href=\"\/saude\/wp-content\/uploads\/sites\/34\/images\/imagens_migradas\/2019\/06\/alego.png\" target=\"_blank\" rel=\"noopener noreferrer\"><strong>Clique aqui<\/strong> <\/a>para ver a imagem<\/li>\n<\/p>\n<li><strong>Jornal Op\u00e7\u00e3o<\/strong> &#8211;\u00a0<a href=\"https:\/\/www.jornalopcao.com.br\/ultimas-noticias\/hutrin-so-tem-atendido-casos-urgentissimos-e-prefeito-de-trindade-cobra-medidas-do-governo-188394\/\" target=\"_blank\" rel=\"noopener noreferrer\">Hutrin s\u00f3 tem atendido casos urgent\u00edssimos, e prefeito de Trindade cobra medidas do Governo<\/a><\/li>\n<li><strong>A Reda\u00e7\u00e3o<\/strong> &#8211;<a href=\"https:\/\/aredacao.com.br\/noticias\/120088\/janio-darrot-tenta-solucionar-impasses-no-hutrin-em-encontro-com-secretario\" target=\"_blank\" rel=\"noopener noreferrer\">\u00a0J\u00e2nio Darrot tenta solucionar impasses no Hutrin em encontro com secret\u00e1rio\u00a0<\/a><\/li>\n<li><strong>Di\u00e1rio de Goi\u00e1s<\/strong> &#8211; <a href=\"https:\/\/diariodegoias.com.br\/cidades\/119715-dobra-o-numero-de-pessoas-que-procuram-servicos-de-saude-em-senador-canedo\" target=\"_blank\" rel=\"noopener noreferrer\">Dobra o n\u00famero de pessoas que procuram servi\u00e7os de sa\u00fade em Senador Canedo<\/a><\/li>\n<li><strong>G1 Goi\u00e1s<\/strong> &#8211; <a href=\"https:\/\/g1.globo.com\/go\/goias\/noticia\/2019\/06\/05\/jovem-espera-ha-quatro-anos-por-cirurgia-para-corrigir-problema-no-nariz-e-conseguir-respirar-melhor-em-neropolis.ghtml\" target=\"_blank\" rel=\"noopener noreferrer\">Jovem espera h\u00e1 quatro anos por cirurgia para corrigir problema no nariz e conseguir respirar melhor, em Ner\u00f3polis<\/a><\/li>\n<\/ul>\n<p>[\/default_list]<\/p>\n","protected":false},"excerpt":{"rendered":"<p>[default_list] O Popular &#8211;\u00a0Atrasos em repasses por parte do Estado travam HDT\u00a0 Di\u00e1rio da Manh\u00e3 &#8211; Dobra o n\u00famero de pacientes na UPA de Senador Canedo \u00a0Clique aqui para ver a imagem Di\u00e1rio da Manh\u00e3 &#8211; Caf\u00e9 da Manha &#8211;\u00a0\u00a0Inscri\u00e7\u00f5es \u00e0 acelerada de Sa\u00fade Clique aqui para ver a imagem O Hoje &#8211;\u00a0 Naves discute [&hellip;]<\/p>\n","protected":false},"author":46,"featured_media":0,"comment_status":"closed","ping_status":"open","sticky":false,"template":"","format":"standard","meta":{"footnotes":""},"categories":[10],"tags":[],"class_list":["post-6171","post","type-post","status-publish","format-standard","hentry","category-page"],"rttpg_featured_image_url":null,"rttpg_author":{"display_name":"cleybetsls","author_link":"https:\/\/goias.gov.br\/saude\/author\/cleybetsls\/"},"rttpg_comment":0,"rttpg_category":"<a href=\"https:\/\/goias.gov.br\/saude\/categoria\/page\/\" rel=\"category tag\">Outras p\u00e1ginas<\/a>","rttpg_excerpt":"[default_list] O Popular &#8211;\u00a0Atrasos em repasses por parte do Estado travam HDT\u00a0 Di\u00e1rio da Manh\u00e3 &#8211; Dobra o n\u00famero de pacientes na UPA de Senador Canedo \u00a0Clique aqui para ver a imagem Di\u00e1rio da Manh\u00e3 &#8211; Caf\u00e9 da Manha &#8211;\u00a0\u00a0Inscri\u00e7\u00f5es \u00e0 acelerada de Sa\u00fade Clique aqui para ver a imagem O Hoje &#8211;\u00a0 Naves discute&hellip;","_links":{"self":[{"href":"https:\/\/goias.gov.br\/saude\/wp-json\/wp\/v2\/posts\/6171","targetHints":{"allow":["GET"]}}],"collection":[{"href":"https:\/\/goias.gov.br\/saude\/wp-json\/wp\/v2\/posts"}],"about":[{"href":"https:\/\/goias.gov.br\/saude\/wp-json\/wp\/v2\/types\/post"}],"author":[{"embeddable":true,"href":"https:\/\/goias.gov.br\/saude\/wp-json\/wp\/v2\/users\/46"}],"replies":[{"embeddable":true,"href":"https:\/\/goias.gov.br\/saude\/wp-json\/wp\/v2\/comments?post=6171"}],"version-history":[{"count":0,"href":"https:\/\/goias.gov.br\/saude\/wp-json\/wp\/v2\/posts\/6171\/revisions"}],"wp:attachment":[{"href":"https:\/\/goias.gov.br\/saude\/wp-json\/wp\/v2\/media?parent=6171"}],"wp:term":[{"taxonomy":"category","embeddable":true,"href":"https:\/\/goias.gov.br\/saude\/wp-json\/wp\/v2\/categories?post=6171"},{"taxonomy":"post_tag","embeddable":true,"href":"https:\/\/goias.gov.br\/saude\/wp-json\/wp\/v2\/tags?post=6171"}],"curies":[{"name":"wp","href":"https:\/\/api.w.org\/{rel}","templated":true}]}}