

{"id":6167,"date":"2019-06-10T04:24:02","date_gmt":"2019-06-10T07:24:02","guid":{"rendered":"https:\/\/siteshom.goias.gov.br\/saude\/clipping-08062019\/"},"modified":"2019-06-10T04:24:02","modified_gmt":"2019-06-10T07:24:02","slug":"clipping-08062019","status":"publish","type":"post","link":"https:\/\/goias.gov.br\/saude\/clipping-08062019\/","title":{"rendered":"Clipping 08\/06\/2019"},"content":{"rendered":"<p>[default_list]<\/p>\n<ul>\n<li><strong>TV Anhanguera JA 2<\/strong> &#8211;\u00a0<a href=\"https:\/\/globoplay.globo.com\/v\/7673846\/programa\/\" target=\"_blank\" rel=\"noopener noreferrer\">Secretaria de Sa\u00fade confirma novas mortes por causa da dengue<\/a><\/li>\n<li><strong>G1 Goi\u00e1s<\/strong> &#8211;\u00a0<a href=\"https:\/\/g1.globo.com\/go\/goias\/noticia\/2019\/06\/07\/pessoas-que-tiveram-membros-amputados-ganham-ensaio-fotografico-no-hugo-em-goiania.ghtml\" target=\"_blank\" rel=\"noopener noreferrer\">Pessoas que tiveram membros amputados ganham ensaio fotogr\u00e1fico no Hugo, em Goi\u00e2na<\/a><\/li>\n<li><strong>G1 Goi\u00e1s<\/strong> &#8211;\u00a0<a href=\"https:\/\/g1.globo.com\/go\/goias\/noticia\/2019\/06\/07\/goias-tem-21-mortes-por-dengue-confirmadas-neste-ano-diz-saude.ghtml\" target=\"_blank\" rel=\"noopener noreferrer\">Goi\u00e1s tem 21 mortes por dengue confirmadas neste ano, diz Sa\u00fade<\/a><\/li>\n<li><strong>Gazeta do Estado<\/strong> &#8211; <a href=\"https:\/\/gazetadoestado.com.br\/artigo\/linha-de-reposicao-randon-laymark-mkt-randon-implementos\" target=\"_blank\" rel=\"noopener noreferrer\">Caiado vai a Bras\u00edlia interceder por fortalecimento da Vila\u00a0S\u00e3o Cottolengo<\/a><\/li>\n<li><strong>O Popular<\/strong> &#8211;\u00a0<a href=\"https:\/\/www.opopular.com.br\/noticias\/cidades\/goi%C3%A1s-t%C3%AAm-21-mortes-por-dengue-e-51-%C3%B3bitos-em-investiga%C3%A7%C3%A3o-em-2019-1.1815778\" target=\"_blank\" rel=\"noopener noreferrer\">Goi\u00e1s t\u00eam 21 mortes por dengue e 51 \u00f3bitos em investiga\u00e7\u00e3o em 2019<\/a><\/li>\n<\/ul>\n<p>[\/default_list]<\/p>\n","protected":false},"excerpt":{"rendered":"<p>[default_list] TV Anhanguera JA 2 &#8211;\u00a0Secretaria de Sa\u00fade confirma novas mortes por causa da dengue G1 Goi\u00e1s &#8211;\u00a0Pessoas que tiveram membros amputados ganham ensaio fotogr\u00e1fico no Hugo, em Goi\u00e2na G1 Goi\u00e1s &#8211;\u00a0Goi\u00e1s tem 21 mortes por dengue confirmadas neste ano, diz Sa\u00fade Gazeta do Estado &#8211; Caiado vai a Bras\u00edlia interceder por fortalecimento da Vila\u00a0S\u00e3o [&hellip;]<\/p>\n","protected":false},"author":46,"featured_media":0,"comment_status":"closed","ping_status":"open","sticky":false,"template":"","format":"standard","meta":{"footnotes":""},"categories":[10],"tags":[],"class_list":["post-6167","post","type-post","status-publish","format-standard","hentry","category-page"],"rttpg_featured_image_url":null,"rttpg_author":{"display_name":"cleybetsls","author_link":"https:\/\/goias.gov.br\/saude\/author\/cleybetsls\/"},"rttpg_comment":0,"rttpg_category":"<a href=\"https:\/\/goias.gov.br\/saude\/categoria\/page\/\" rel=\"category tag\">Outras p\u00e1ginas<\/a>","rttpg_excerpt":"[default_list] TV Anhanguera JA 2 &#8211;\u00a0Secretaria de Sa\u00fade confirma novas mortes por causa da dengue G1 Goi\u00e1s &#8211;\u00a0Pessoas que tiveram membros amputados ganham ensaio fotogr\u00e1fico no Hugo, em Goi\u00e2na G1 Goi\u00e1s &#8211;\u00a0Goi\u00e1s tem 21 mortes por dengue confirmadas neste ano, diz Sa\u00fade Gazeta do Estado &#8211; Caiado vai a Bras\u00edlia interceder por fortalecimento da Vila\u00a0S\u00e3o&hellip;","_links":{"self":[{"href":"https:\/\/goias.gov.br\/saude\/wp-json\/wp\/v2\/posts\/6167","targetHints":{"allow":["GET"]}}],"collection":[{"href":"https:\/\/goias.gov.br\/saude\/wp-json\/wp\/v2\/posts"}],"about":[{"href":"https:\/\/goias.gov.br\/saude\/wp-json\/wp\/v2\/types\/post"}],"author":[{"embeddable":true,"href":"https:\/\/goias.gov.br\/saude\/wp-json\/wp\/v2\/users\/46"}],"replies":[{"embeddable":true,"href":"https:\/\/goias.gov.br\/saude\/wp-json\/wp\/v2\/comments?post=6167"}],"version-history":[{"count":0,"href":"https:\/\/goias.gov.br\/saude\/wp-json\/wp\/v2\/posts\/6167\/revisions"}],"wp:attachment":[{"href":"https:\/\/goias.gov.br\/saude\/wp-json\/wp\/v2\/media?parent=6167"}],"wp:term":[{"taxonomy":"category","embeddable":true,"href":"https:\/\/goias.gov.br\/saude\/wp-json\/wp\/v2\/categories?post=6167"},{"taxonomy":"post_tag","embeddable":true,"href":"https:\/\/goias.gov.br\/saude\/wp-json\/wp\/v2\/tags?post=6167"}],"curies":[{"name":"wp","href":"https:\/\/api.w.org\/{rel}","templated":true}]}}