

{"id":6166,"date":"2019-06-10T05:42:58","date_gmt":"2019-06-10T08:42:58","guid":{"rendered":"https:\/\/siteshom.goias.gov.br\/saude\/clipping-10062019\/"},"modified":"2019-06-10T05:42:58","modified_gmt":"2019-06-10T08:42:58","slug":"clipping-10062019","status":"publish","type":"post","link":"https:\/\/goias.gov.br\/saude\/clipping-10062019\/","title":{"rendered":"Clipping 10\/06\/2019"},"content":{"rendered":"<p>[default_list]<\/p>\n<ul>\n<li><strong>O Popular<\/strong> &#8211; <a href=\"https:\/\/www.opopular.com.br\/noticias\/opiniao\/editorial-1.145048\/quest%C3%A3o-de-prioridade-1.1817263\" target=\"_blank\" rel=\"noopener noreferrer\">Quest\u00e3o de Prioridade<\/a><\/p>\n<p><a href=\"\/saude\/wp-content\/uploads\/sites\/34\/images\/imagens_migradas\/2019\/06\/popular.png\" target=\"_blank\" rel=\"noopener noreferrer\">Clique aqui<\/a> para ver a imagem<\/li>\n<\/p>\n<li><strong>O Popular<\/strong> &#8211; <a href=\"https:\/\/www.opopular.com.br\/noticias\/politica\/conv%C3%AAnios-cancelados-afetam-saneamento-1.1817254\" target=\"_blank\" rel=\"noopener noreferrer\">Conv\u00eanios cancelados afetam saneamento<\/a><\/p>\n<p><a href=\"https:\/\/www.opopular.com.br\/noticias\/politica\/conv%C3%AAnios-cancelados-afetam-saneamento-1.1817254\" target=\"_blank\" rel=\"noopener noreferrer\">Clique aqui<\/a> para ver a imagem<\/li>\n<\/p>\n<li><strong>O Popular<\/strong> &#8211;\u00a0<a href=\"https:\/\/www.opopular.com.br\/noticias\/magazine\/crian%C3%A7as-acima-do-peso-t%C3%AAm-mais-chances-de-se-tornarem-adultos-obesos-dizem-especialistas-1.1816105\" target=\"_blank\" rel=\"noopener noreferrer\">Crian\u00e7as acima do peso t\u00eam mais chances de se tornarem adultos obesos, dizem especialistas<\/p>\n<p><\/a><a href=\"\/saude\/wp-content\/uploads\/sites\/34\/images\/imagens_migradas\/2019\/06\/popular1.png\" target=\"_blank\" rel=\"noopener noreferrer\">Clique aqui<\/a> para ver a imagem<\/li>\n<\/p>\n<li><strong>O Popular<\/strong> &#8211;\u00a0<a href=\"https:\/\/www.opopular.com.br\/noticias\/cidades\/nanoc%C3%A1psulas-ativadas-por-calor-podem-ajudar-no-tratamento-do-c%C3%A2ncer-1.1817161\" target=\"_blank\" rel=\"noopener noreferrer\">Nanoc\u00e1psulas ativadas por calor podem ajudar no tratamento do c\u00e2ncer<\/a><\/li>\n<li><strong>O Hoje<\/strong> &#8211; <a href=\"https:\/\/flip.ohoje.com\/public\/impresso\/4594\/arquivos\/#_4594\/page\/2-3\" target=\"_blank\" rel=\"noopener noreferrer\">Auto estima<\/a><\/p>\n<p><a href=\"\/saude\/wp-content\/uploads\/sites\/34\/images\/imagens_migradas\/2019\/06\/ohoje-1.png\" target=\"_blank\" rel=\"noopener noreferrer\">Clique aqui<\/a> para ver a imagem<\/li>\n<\/p>\n<li><strong>O Hoje<\/strong> &#8211; <a href=\"https:\/\/flip.ohoje.com\/public\/impresso\/4594\/arquivos\/#_4594\/page\/10-11\" target=\"_blank\" rel=\"noopener noreferrer\">Proibi\u00e7\u00e3o de fumar em p\u00fablico salvou vida de 15 mil crian\u00e7as<\/a><\/p>\n<p><a href=\"\/saude\/wp-content\/uploads\/sites\/34\/images\/imagens_migradas\/2019\/06\/ohoje2-1.png\" target=\"_blank\" rel=\"noopener noreferrer\">Clique aqui<\/a> para ver a imagem<\/li>\n<\/p>\n<li><strong>Di\u00e1rio da Manh\u00e3<\/strong> &#8211;\u00a0<a href=\"https:\/\/impresso.dm.com.br\/edicao\/20190610\/pagina\/3\" target=\"_blank\" rel=\"noopener noreferrer\">Nanotecnologia contra o c\u00e2ncer<\/a><\/p>\n<p><a href=\"\/saude\/wp-content\/uploads\/sites\/34\/images\/imagens_migradas\/2019\/06\/dm-4.png\" target=\"_blank\" rel=\"noopener noreferrer\">Clique aqui<\/a> para ver a imagem<\/li>\n<\/p>\n<li><strong>Di\u00e1rio da Manh\u00e3<\/strong> &#8211;\u00a0<a href=\"https:\/\/impresso.dm.com.br\/edicao\/20190610\/pagina\/10\" target=\"_blank\" rel=\"noopener noreferrer\">Calil quer equipara\u00e7\u00e3o de direitos a doentes renais<\/a><\/p>\n<p><a href=\"\/saude\/wp-content\/uploads\/sites\/34\/images\/imagens_migradas\/2019\/06\/dm2-3.png\" target=\"_blank\" rel=\"noopener noreferrer\">Clique aqui <\/a>para ver a imagem<\/li>\n<\/p>\n<li><strong>Di\u00e1rio da Manh\u00e3<\/strong> &#8211; <a href=\"https:\/\/impresso.dm.com.br\/edicao\/20190610\/pagina\/10\" target=\"_blank\" rel=\"noopener noreferrer\">Caf\u00e9 da Manh\u00e3 &#8211; Empregos<\/a><\/p>\n<p><a href=\"\/saude\/wp-content\/uploads\/sites\/34\/images\/imagens_migradas\/2019\/06\/dm3.png\" target=\"_blank\" rel=\"noopener noreferrer\">Clique aqui<\/a> para ver a imagem<\/li>\n<\/p>\n<li><strong>Di\u00e1rio da Manh\u00e3<\/strong> &#8211;\u00a0<a href=\"https:\/\/impresso.dm.com.br\/edicao\/20190610\/pagina\/10\" target=\"_blank\" rel=\"noopener noreferrer\">Caf\u00e9 da Manh\u00e3 &#8211; Dermatologia<\/a><\/p>\n<p><a href=\"\/saude\/wp-content\/uploads\/sites\/34\/images\/imagens_migradas\/2019\/06\/dm4.png\" target=\"_blank\" rel=\"noopener noreferrer\">Clique aqui<\/a> para ver a imagem<\/li>\n<\/p>\n<li><strong>Di\u00e1rio da Manh\u00e3<\/strong> &#8211;\u00a0<a href=\"https:\/\/impresso.dm.com.br\/edicao\/20190610\/pagina\/10\" target=\"_blank\" rel=\"noopener noreferrer\">Caf\u00e9 da Manh\u00e3 &#8211; Volunt\u00e1rios<\/a><\/p>\n<p><a href=\"\/saude\/wp-content\/uploads\/sites\/34\/images\/imagens_migradas\/2019\/06\/dm5.png\" target=\"_blank\" rel=\"noopener noreferrer\">Clique aqui<\/a> para ver a imagem<\/li>\n<\/p>\n<li><strong>Di\u00e1rio da Manh\u00e3<\/strong> &#8211;\u00a0<a href=\"https:\/\/impresso.dm.com.br\/edicao\/20190610\/pagina\/10\" target=\"_blank\" rel=\"noopener noreferrer\">Caf\u00e9 da Manh\u00e3 &#8211; De Gra\u00e7a<\/a><\/p>\n<p><a href=\"\/saude\/wp-content\/uploads\/sites\/34\/images\/imagens_migradas\/2019\/06\/dm6.png\" target=\"_blank\" rel=\"noopener noreferrer\">Clique aqui<\/a> para ver a imagem<\/li>\n<\/p>\n<li><strong>Di\u00e1rio da Manh\u00e3<\/strong> &#8211; <a href=\"https:\/\/impresso.dm.com.br\/edicao\/20190610\/pagina\/13\" target=\"_blank\" rel=\"noopener noreferrer\">Fio Direto &#8211; Dislexia<\/a><\/p>\n<p><a href=\"\/saude\/wp-content\/uploads\/sites\/34\/images\/imagens_migradas\/2019\/06\/dm7.png\" target=\"_blank\" rel=\"noopener noreferrer\">Clique aqui<\/a> para ver a imagem<\/li>\n<\/p>\n<li><strong>Di\u00e1rio da Manh\u00e3<\/strong> &#8211;\u00a0 <a href=\"https:\/\/impresso.dm.com.br\/edicao\/20190610\/pagina\/21\" target=\"_blank\" rel=\"noopener noreferrer\">O autismo e a Nata\u00e7\u00e3o<\/a><\/p>\n<p><a href=\"\/saude\/wp-content\/uploads\/sites\/34\/images\/imagens_migradas\/2019\/06\/dm9.png\" target=\"_blank\" rel=\"noopener noreferrer\">Clique aqui<\/a> para ver a imagem<\/li>\n<\/p>\n<li><strong>Di\u00e1rio da Manh\u00e3<\/strong> &#8211; <a href=\"https:\/\/impresso.dm.com.br\/edicao\/20190610\/pagina\/21\" target=\"_blank\" rel=\"noopener noreferrer\">C\u00e2ncer, terr\u00edvel enfermidade<\/a><\/p>\n<p><a href=\"\/saude\/wp-content\/uploads\/sites\/34\/images\/imagens_migradas\/2019\/06\/dm10.png\" target=\"_blank\" rel=\"noopener noreferrer\">Clique aqui<\/a> para ver a imagem<\/li>\n<\/p>\n<li><strong>Di\u00e1rio de Aparecida<\/strong> &#8211;\u00a0<a href=\"https:\/\/view.publitas.com\/jornal-online\/jornal-diario-de-aparecida-2191\/page\/2-3\" target=\"_blank\" rel=\"noopener noreferrer\">Ala infantil do HMAP completa um m\u00eas de funcionamento<\/a><\/p>\n<p><a href=\"\/saude\/wp-content\/uploads\/sites\/34\/images\/imagens_migradas\/2019\/06\/da-4.png\" target=\"_blank\" rel=\"noopener noreferrer\">Clique aqui<\/a> para ver a imagem<\/li>\n<\/p>\n<li><strong>Alego<\/strong> &#8211;\u00a0<a href=\"https:\/\/portal.al.go.leg.br\/noticias\/ver\/id\/168001\/tipo\/geral\" target=\"_blank\" rel=\"noopener noreferrer\">Adriana Accorsi prop\u00f5e sistema de informa\u00e7\u00f5es de viol\u00eancia contra o idoso<\/a><\/p>\n<p><a href=\"\/saude\/wp-content\/uploads\/sites\/34\/images\/imagens_migradas\/2019\/06\/alego-3.png\" target=\"_blank\" rel=\"noopener noreferrer\">Clique aqui<\/a> para ver a imagem<\/li>\n<\/p>\n<li><strong>Alego<\/strong> &#8211;\u00a0<a href=\"https:\/\/portal.al.go.leg.br\/noticias\/ver\/id\/168820\/tipo\/geral\" target=\"_blank\" rel=\"noopener noreferrer\">Wagner Neto apresenta projeto que cria programa para incentivar pr\u00e1tica de exerc\u00edcios f\u00edsicos<\/a><\/p>\n<p><a href=\"\/saude\/wp-content\/uploads\/sites\/34\/images\/imagens_migradas\/2019\/06\/alego1.png\" target=\"_blank\" rel=\"noopener noreferrer\">Clique aqui<\/a> para ver a imagem<\/li>\n<\/p>\n<li><strong>Jornal Op\u00e7\u00e3o<\/strong> &#8211;\u00a0<a href=\"https:\/\/www.jornalopcao.com.br\/ultimas-noticias\/a-oms-ja-afirmou-a-cadeirinha-salva-vidas-de-criancas-diz-deputada-189464\/\" target=\"_blank\" rel=\"noopener noreferrer\">A OMS j\u00e1 afirmou que a cadeirinha salva vidas de crian\u00e7as\u201d, diz deputada<\/a><\/li>\n<li><strong>A Reda\u00e7\u00e3o<\/strong> &#8211;\u00a0<a href=\"https:\/\/aredacao.com.br\/noticias\/120221\/tempo-de-espera-na-regulacao-estadual-de-saude-e-de-no-maximo-3h36-min\" target=\"_blank\" rel=\"noopener noreferrer\">Tempo de espera na regula\u00e7\u00e3o estadual de sa\u00fade \u00e9 de no m\u00e1ximo 3h36 min<\/a><\/li>\n<li><strong>A Reda\u00e7\u00e3o<\/strong> &#8211; <a href=\"https:\/\/aredacao.com.br\/noticias\/120231\/ans-suspende-a-venda-de-51-planos-de-saude-no-pais\" target=\"_blank\" rel=\"noopener noreferrer\">ANS suspende a venda de 51 planos de sa\u00fade no Pa\u00eds<\/a><\/li>\n<li><strong>Gazeta do Estado<\/strong> &#8211;\u00a0<a href=\"https:\/\/gazetadoestado.com.br\/artigo\/tempo-para-regulacao-de-saude-em-goias-e-18-vezes-menor\" target=\"_blank\" rel=\"noopener noreferrer\">Tempo para regula\u00e7\u00e3o de Sa\u00fade em Goi\u00e1s \u00e9 18 vezes menor<\/a><\/li>\n<li><strong>SIMEGO<\/strong> &#8211;\u00a0<a href=\"https:\/\/www.simego.org.br\/Home\/noticias_in\/486\" target=\"_blank\" rel=\"noopener noreferrer\">SIMEGO se re\u00fane com m\u00e9dicos de Senador Canedo<\/a><\/li>\n<\/ul>\n<p>[\/default_list]<\/p>\n","protected":false},"excerpt":{"rendered":"<p>[default_list] O Popular &#8211; Quest\u00e3o de Prioridade Clique aqui para ver a imagem O Popular &#8211; Conv\u00eanios cancelados afetam saneamento Clique aqui para ver a imagem O Popular &#8211;\u00a0Crian\u00e7as acima do peso t\u00eam mais chances de se tornarem adultos obesos, dizem especialistas Clique aqui para ver a imagem O Popular &#8211;\u00a0Nanoc\u00e1psulas ativadas por calor podem [&hellip;]<\/p>\n","protected":false},"author":46,"featured_media":0,"comment_status":"closed","ping_status":"open","sticky":false,"template":"","format":"standard","meta":{"footnotes":""},"categories":[10],"tags":[],"class_list":["post-6166","post","type-post","status-publish","format-standard","hentry","category-page"],"rttpg_featured_image_url":null,"rttpg_author":{"display_name":"cleybetsls","author_link":"https:\/\/goias.gov.br\/saude\/author\/cleybetsls\/"},"rttpg_comment":0,"rttpg_category":"<a href=\"https:\/\/goias.gov.br\/saude\/categoria\/page\/\" rel=\"category tag\">Outras p\u00e1ginas<\/a>","rttpg_excerpt":"[default_list] O Popular &#8211; Quest\u00e3o de Prioridade Clique aqui para ver a imagem O Popular &#8211; Conv\u00eanios cancelados afetam saneamento Clique aqui para ver a imagem O Popular &#8211;\u00a0Crian\u00e7as acima do peso t\u00eam mais chances de se tornarem adultos obesos, dizem especialistas Clique aqui para ver a imagem O Popular &#8211;\u00a0Nanoc\u00e1psulas ativadas por calor podem&hellip;","_links":{"self":[{"href":"https:\/\/goias.gov.br\/saude\/wp-json\/wp\/v2\/posts\/6166","targetHints":{"allow":["GET"]}}],"collection":[{"href":"https:\/\/goias.gov.br\/saude\/wp-json\/wp\/v2\/posts"}],"about":[{"href":"https:\/\/goias.gov.br\/saude\/wp-json\/wp\/v2\/types\/post"}],"author":[{"embeddable":true,"href":"https:\/\/goias.gov.br\/saude\/wp-json\/wp\/v2\/users\/46"}],"replies":[{"embeddable":true,"href":"https:\/\/goias.gov.br\/saude\/wp-json\/wp\/v2\/comments?post=6166"}],"version-history":[{"count":0,"href":"https:\/\/goias.gov.br\/saude\/wp-json\/wp\/v2\/posts\/6166\/revisions"}],"wp:attachment":[{"href":"https:\/\/goias.gov.br\/saude\/wp-json\/wp\/v2\/media?parent=6166"}],"wp:term":[{"taxonomy":"category","embeddable":true,"href":"https:\/\/goias.gov.br\/saude\/wp-json\/wp\/v2\/categories?post=6166"},{"taxonomy":"post_tag","embeddable":true,"href":"https:\/\/goias.gov.br\/saude\/wp-json\/wp\/v2\/tags?post=6166"}],"curies":[{"name":"wp","href":"https:\/\/api.w.org\/{rel}","templated":true}]}}