

{"id":610007,"date":"2025-11-19T19:00:06","date_gmt":"2025-11-19T22:00:06","guid":{"rendered":"https:\/\/goias.gov.br\/saude\/?p=610007"},"modified":"2025-12-02T08:25:07","modified_gmt":"2025-12-02T11:25:07","slug":"caiado-premia-municipios-com-melhor-desempenho-em-vacinacao-e-lanca-programa-respira-goias","status":"publish","type":"post","link":"https:\/\/goias.gov.br\/saude\/caiado-premia-municipios-com-melhor-desempenho-em-vacinacao-e-lanca-programa-respira-goias\/","title":{"rendered":"Governo premia munic\u00edpios com melhor desempenho em vacina\u00e7\u00e3o e lan\u00e7a programa Respira Goi\u00e1s"},"content":{"rendered":"\n<p class=\"has-text-align-center\"><strong>Com R$ 2,2 milh\u00f5es distribu\u00eddos a cidades l\u00edderes em imuniza\u00e7\u00e3o, Estado tamb\u00e9m apresentou iniciativa voltada \u00e0 preven\u00e7\u00e3o e diagn\u00f3stico de doen\u00e7as respirat\u00f3rias<\/strong><\/p>\n\n\n\n<!--more-->\n\n\n\n<figure class=\"wp-block-image size-large\"><img fetchpriority=\"high\" decoding=\"async\" width=\"1024\" height=\"683\" src=\"https:\/\/goias.gov.br\/saude\/wp-content\/uploads\/sites\/34\/2025\/11\/Premio-e-Respira-1024x683.jpeg\" alt=\"\" class=\"wp-image-610008\" srcset=\"https:\/\/goias.gov.br\/saude\/wp-content\/uploads\/sites\/34\/2025\/11\/Premio-e-Respira-1024x683.jpeg 1024w, https:\/\/goias.gov.br\/saude\/wp-content\/uploads\/sites\/34\/2025\/11\/Premio-e-Respira-300x200.jpeg 300w, https:\/\/goias.gov.br\/saude\/wp-content\/uploads\/sites\/34\/2025\/11\/Premio-e-Respira-768x512.jpeg 768w, https:\/\/goias.gov.br\/saude\/wp-content\/uploads\/sites\/34\/2025\/11\/Premio-e-Respira.jpeg 1280w\" sizes=\"(max-width: 1024px) 100vw, 1024px\" \/><figcaption class=\"wp-element-caption\"><em>Governo de Goi\u00e1s entrega trof\u00e9u e R$ 2,2 milh\u00f5es no pr\u00eamio Z\u00e9 Gotinha aos munic\u00edpios campe\u00f5es em imuniza\u00e7\u00e3o no Estado<\/em><\/figcaption><\/figure>\n\n\n\n<p>O Governo de Goi\u00e1s entregou, nesta quarta-feira (19\/11), o trof\u00e9u do 2\u00ba Pr\u00eamio Z\u00e9 Gotinha do Cerrado, realizado em Goi\u00e2nia. A iniciativa reconhece os munic\u00edpios goianos que obtiveram os melhores resultados na vacina\u00e7\u00e3o contra doen\u00e7as graves, como febre amarela e tr\u00edplice viral. A ocasi\u00e3o tamb\u00e9m marcou o lan\u00e7amento do Programa Respira Goi\u00e1s, voltado ao fortalecimento da aten\u00e7\u00e3o prim\u00e1ria no cuidado \u00e0s doen\u00e7as respirat\u00f3rias.<\/p>\n\n\n\n<p>O governador Ronaldo Caiado, que tamb\u00e9m \u00e9 m\u00e9dico, refor\u00e7ou que durante todos os seus mandatos trabalhou para sensibilizar a popula\u00e7\u00e3o sobre a import\u00e2ncia da imuniza\u00e7\u00e3o. \u201cAs vacinas est\u00e3o \u00e0 disposi\u00e7\u00e3o. O que pe\u00e7o \u00e9 que as pessoas reflitam, analisem bem. Tenham esse compromisso preventivo e se vacinem\u201d, pontuou.&nbsp;<\/p>\n\n\n\n<p>Ao explicar que as pessoas n\u00e3o podem ser levadas por informa\u00e7\u00f5es duvidosas, Caiado parabenizou os munic\u00edpios l\u00edderes em vacina\u00e7\u00e3o no Estado e destacou a import\u00e2ncia de adotar estrat\u00e9gias para alavancar a imuniza\u00e7\u00e3o.&nbsp; \u201cEste pr\u00eamio mostra a capacita\u00e7\u00e3o e o envolvimento da \u00e1rea social e da sa\u00fade nos munic\u00edpios para levar prote\u00e7\u00e3o a todos. N\u00f3s estamos salvando vidas\u201d, enfatizou Caiado, que durante a cerim\u00f4nia foi homenageado como &#8220;governador amigo da vacina e defensor da vida&#8221;.<\/p>\n\n\n\n<p>A premia\u00e7\u00e3o distribuiu trof\u00e9us e mais de R$ 2,2 milh\u00f5es aos primeiros lugares no ranking, o que refor\u00e7a o compromisso do Estado com a preven\u00e7\u00e3o e a sa\u00fade p\u00fablica goiana. O investimento tamb\u00e9m visa incentivar os munic\u00edpios a desenvolverem estrat\u00e9gias exitosas e garantir que mais crian\u00e7as estejam protegidas contra doen\u00e7as graves.<\/p>\n\n\n\n<p>Tr\u00eas munic\u00edpios foram contemplados na categoria ouro: Montividiu, Vian\u00f3polis e Goian\u00e1polis, que receberam R$ 237 mil cada. J\u00e1 outros 47 na mesma modalidade, com o pr\u00eamio de R$ 33 mil cada. Al\u00e9m disso, outras 48 cidades receberam o reconhecimento nas categorias ouro, prata e bronze, mas sem premia\u00e7\u00e3o em recursos financeiros.<\/p>\n\n\n\n<p>Os munic\u00edpios premiados j\u00e1 est\u00e3o com os recursos em caixa. \u201cNosso governador sempre incentivou a vacina\u00e7\u00e3o. Nunca foi contra a ci\u00eancia, como m\u00e9dico que \u00e9, ele sabe da import\u00e2ncia de a gente cuidar das doen\u00e7as imunopreven\u00edveis. \u00c9 dessa forma que reduzimos interna\u00e7\u00f5es, complica\u00e7\u00f5es e mortes. Estamos a favor da preven\u00e7\u00e3o\u201d, afirmou o secret\u00e1rio estadual de Sa\u00fade, Ras\u00edvel Reis.<\/p>\n\n\n\n<p>De acordo com balan\u00e7o parcial da Secretaria Estadual da Sa\u00fade (SES-GO), Goi\u00e1s registrou crescimento de 59,63% na cobertura vacinal em 2025, com 5.096.987 doses aplicadas entre janeiro e outubro, contra 3.193.063 doses no mesmo per\u00edodo de 2024. \u201cTivemos uma melhora significativa. E reconhecemos o esfor\u00e7o dos munic\u00edpios goianos. Sabemos que n\u00e3o \u00e9 f\u00e1cil trabalhar estrat\u00e9gias inovadoras, mas temos visto que \u00e9 poss\u00edvel sim, dando prioridade\u201d, afirmou a subsecret\u00e1ria de Vigil\u00e2ncia e Sa\u00fade da SES, Fl\u00favia Amorim.<\/p>\n\n\n\n<p><strong>Respira Goi\u00e1s<\/strong><\/p>\n\n\n\n<p>No mesmo evento, o governo lan\u00e7ou o Programa Respira Goi\u00e1s, iniciativa da SES-GO em parceria com a Universidade Federal de Goi\u00e1s (UFG) e os munic\u00edpios. O programa tem como objetivo fortalecer a aten\u00e7\u00e3o prim\u00e1ria no cuidado \u00e0s doen\u00e7as respirat\u00f3rias cr\u00f4nicas e infecciosas, como Doen\u00e7a Pulmonar Obstrutiva Cr\u00f4nica (DPOC), Asma e Tuberculose.<\/p>\n\n\n\n<p>Entre as a\u00e7\u00f5es previstas est\u00e3o capacita\u00e7\u00f5es cont\u00ednuas para profissionais, protocolos cl\u00ednicos padronizados, cuidados especializados e amplia\u00e7\u00e3o do acesso a exames diagn\u00f3sticos, como espirometria, radiografia de t\u00f3rax e exame de escarro para tuberculose. Com isso, o programa busca qualificar diagn\u00f3sticos, melhorar a qualidade de vida da popula\u00e7\u00e3o e reduzir complica\u00e7\u00f5es associadas \u00e0s doen\u00e7as respirat\u00f3rias.&nbsp;<\/p>\n\n\n\n<p>\u201cO programa vem para melhorar e aumentar o diagn\u00f3stico, oferecendo o tratamento correto. \u00c9 um projeto que n\u00e3o para aqui, ele vai ser perene para que a gente continue sempre fazendo capacita\u00e7\u00f5es\u201d, sublinha Marcelo Rabahi, coordenador do Respira Goi\u00e1s e professor titular da faculdade de medicina da UFG.<\/p>\n\n\n\n<p>&#8220;S\u00f3 temos a agradecer a confian\u00e7a e parceria com a Universidade em projetos estrat\u00e9gicos como esse.&nbsp; Cumprimos a miss\u00e3o junto com o Estado de Goi\u00e1s e com isso quem se beneficia \u00e9 o povo de Goi\u00e1s&#8221;, sublinhou a reitora da UFG, Angelita Pereira de Lima.<\/p>\n\n\n\n<p>Foto: Walter Folador<\/p>\n\n\n\n<p>Secretaria de Comunica\u00e7\u00e3o &#8211; Governo de Goi\u00e1s<\/p>\n","protected":false},"excerpt":{"rendered":"<p>Com R$ 2,2 milh\u00f5es distribu\u00eddos a cidades l\u00edderes em imuniza\u00e7\u00e3o, Estado tamb\u00e9m apresentou iniciativa voltada \u00e0 preven\u00e7\u00e3o e diagn\u00f3stico de doen\u00e7as respirat\u00f3rias<\/p>\n","protected":false},"author":24,"featured_media":610009,"comment_status":"closed","ping_status":"open","sticky":false,"template":"","format":"standard","meta":{"footnotes":""},"categories":[3],"tags":[251],"class_list":["post-610007","post","type-post","status-publish","format-standard","has-post-thumbnail","hentry","category-noticias","tag-atencao-a-saude"],"rttpg_featured_image_url":{"full":["https:\/\/goias.gov.br\/saude\/wp-content\/uploads\/sites\/34\/2025\/11\/Premio-e-Respira-1.jpeg",1280,854,false],"landscape":["https:\/\/goias.gov.br\/saude\/wp-content\/uploads\/sites\/34\/2025\/11\/Premio-e-Respira-1.jpeg",1280,854,false],"portraits":["https:\/\/goias.gov.br\/saude\/wp-content\/uploads\/sites\/34\/2025\/11\/Premio-e-Respira-1.jpeg",1280,854,false],"thumbnail":["https:\/\/goias.gov.br\/saude\/wp-content\/uploads\/sites\/34\/2025\/11\/Premio-e-Respira-1-150x150.jpeg",150,150,true],"medium":["https:\/\/goias.gov.br\/saude\/wp-content\/uploads\/sites\/34\/2025\/11\/Premio-e-Respira-1-300x200.jpeg",300,200,true],"large":["https:\/\/goias.gov.br\/saude\/wp-content\/uploads\/sites\/34\/2025\/11\/Premio-e-Respira-1-1024x683.jpeg",1024,683,true],"1536x1536":["https:\/\/goias.gov.br\/saude\/wp-content\/uploads\/sites\/34\/2025\/11\/Premio-e-Respira-1.jpeg",1280,854,false],"2048x2048":["https:\/\/goias.gov.br\/saude\/wp-content\/uploads\/sites\/34\/2025\/11\/Premio-e-Respira-1.jpeg",1280,854,false]},"rttpg_author":{"display_name":"karinesantos","author_link":"https:\/\/goias.gov.br\/saude\/author\/karinesantos\/"},"rttpg_comment":0,"rttpg_category":"<a href=\"https:\/\/goias.gov.br\/saude\/categoria\/noticias\/\" rel=\"category tag\">Not\u00edcias<\/a>","rttpg_excerpt":"Com R$ 2,2 milh\u00f5es distribu\u00eddos a cidades l\u00edderes em imuniza\u00e7\u00e3o, Estado tamb\u00e9m apresentou iniciativa voltada \u00e0 preven\u00e7\u00e3o e diagn\u00f3stico de doen\u00e7as respirat\u00f3rias","_links":{"self":[{"href":"https:\/\/goias.gov.br\/saude\/wp-json\/wp\/v2\/posts\/610007","targetHints":{"allow":["GET"]}}],"collection":[{"href":"https:\/\/goias.gov.br\/saude\/wp-json\/wp\/v2\/posts"}],"about":[{"href":"https:\/\/goias.gov.br\/saude\/wp-json\/wp\/v2\/types\/post"}],"author":[{"embeddable":true,"href":"https:\/\/goias.gov.br\/saude\/wp-json\/wp\/v2\/users\/24"}],"replies":[{"embeddable":true,"href":"https:\/\/goias.gov.br\/saude\/wp-json\/wp\/v2\/comments?post=610007"}],"version-history":[{"count":2,"href":"https:\/\/goias.gov.br\/saude\/wp-json\/wp\/v2\/posts\/610007\/revisions"}],"predecessor-version":[{"id":621423,"href":"https:\/\/goias.gov.br\/saude\/wp-json\/wp\/v2\/posts\/610007\/revisions\/621423"}],"wp:featuredmedia":[{"embeddable":true,"href":"https:\/\/goias.gov.br\/saude\/wp-json\/wp\/v2\/media\/610009"}],"wp:attachment":[{"href":"https:\/\/goias.gov.br\/saude\/wp-json\/wp\/v2\/media?parent=610007"}],"wp:term":[{"taxonomy":"category","embeddable":true,"href":"https:\/\/goias.gov.br\/saude\/wp-json\/wp\/v2\/categories?post=610007"},{"taxonomy":"post_tag","embeddable":true,"href":"https:\/\/goias.gov.br\/saude\/wp-json\/wp\/v2\/tags?post=610007"}],"curies":[{"name":"wp","href":"https:\/\/api.w.org\/{rel}","templated":true}]}}