

{"id":606523,"date":"2025-11-14T14:30:00","date_gmt":"2025-11-14T17:30:00","guid":{"rendered":"https:\/\/goias.gov.br\/saude\/?p=606523"},"modified":"2025-11-14T16:12:43","modified_gmt":"2025-11-14T19:12:43","slug":"ses-go-realiza-mais-de-1-200-atendimentos-no-goias-social-em-novo-gama","status":"publish","type":"post","link":"https:\/\/goias.gov.br\/saude\/ses-go-realiza-mais-de-1-200-atendimentos-no-goias-social-em-novo-gama\/","title":{"rendered":"SES-GO realiza mais de 1.200 atendimentos no Goi\u00e1s Social em Novo Gama"},"content":{"rendered":"\n<p class=\"has-text-align-center\"><strong>Atendimentos da SES, em parceria com o Cerof, contemplaram consultas em oftalmologia, vacina\u00e7\u00e3o, mamografias, triagem de c\u00e2ncer de pele e distribui\u00e7\u00e3o de insumos de preven\u00e7\u00e3o<\/strong><\/p>\n\n\n\n<!--more-->\n\n\n\n<figure class=\"wp-block-image size-large\"><img fetchpriority=\"high\" decoding=\"async\" width=\"768\" height=\"1024\" src=\"https:\/\/goias.gov.br\/saude\/wp-content\/uploads\/sites\/34\/2025\/11\/141125-goias-social-768x1024.jpeg\" alt=\"\" class=\"wp-image-606544\" srcset=\"https:\/\/goias.gov.br\/saude\/wp-content\/uploads\/sites\/34\/2025\/11\/141125-goias-social-768x1024.jpeg 768w, https:\/\/goias.gov.br\/saude\/wp-content\/uploads\/sites\/34\/2025\/11\/141125-goias-social-225x300.jpeg 225w, https:\/\/goias.gov.br\/saude\/wp-content\/uploads\/sites\/34\/2025\/11\/141125-goias-social-1152x1536.jpeg 1152w, https:\/\/goias.gov.br\/saude\/wp-content\/uploads\/sites\/34\/2025\/11\/141125-goias-social.jpeg 1200w\" sizes=\"(max-width: 768px) 100vw, 768px\" \/><figcaption class=\"wp-element-caption\"><em>Servi\u00e7os de sa\u00fade oferecidos \u00e0 popula\u00e7\u00e3o durante o Goi\u00e1s Social em Novo Gama<\/em><\/figcaption><\/figure>\n\n\n\n<p>A Secretaria de Estado da Sa\u00fade de Goi\u00e1s (SES\u2011GO) participou, nos dias 11 e 12 de novembro de 2025, de mais uma edi\u00e7\u00e3o do programa Goi\u00e1s Social, realizada em Novo Gama (GO), e levou uma s\u00e9rie de servi\u00e7os gratuitos \u00e0 popula\u00e7\u00e3o do munic\u00edpio e de cidades vizinhas. Ao todo, foram registrados 1.273 atendimentos de sa\u00fade realizados pela SES\u2011GO, contemplando consultas, exames, a\u00e7\u00f5es de preven\u00e7\u00e3o e assist\u00eancia especializada.<\/p>\n\n\n\n<p>A \u00e1rea de oftalmologia foi o servi\u00e7o com maior procura, registrando 1.007 atendimentos. Entre os encaminhamentos se destacaram casos de glaucoma, pter\u00edgio, catarata , retina e c\u00f3rnea, al\u00e9m de atendimentos em pl\u00e1stica ocular, estrabismo, laser, oftalmopediatria, neuroftalmologia e vis\u00e3o subnormal.<\/p>\n\n\n\n<p>As a\u00e7\u00f5es de vacina\u00e7\u00e3o e rastreamento completaram o atendimento: foram aplicadas 125 doses de vacinas, realizados 101 exames de mamografia e feitas 40 triagens dermatol\u00f3gicas, com 7 casos rastreados para acompanhamento de c\u00e2ncer de pele. A SES\u2011GO tamb\u00e9m distribuiu 8.640 preservativos masculinos, 200 femininos, 4.000 g\u00e9is lubrificantes e 174 autotestes para ISTs.<\/p>\n\n\n\n<p>A participa\u00e7\u00e3o da ag\u00eancia IQUEGO consolidou a parceria, com 415 aferi\u00e7\u00f5es de press\u00e3o arterial e 415 testes de glicemia, totalizando 830 exames realizados.<\/p>\n\n\n\n<p>No \u00e2mbito municipal, a Secretaria Municipal de Sa\u00fade de Novo Gama contribuiu com 818 atendimentos, incluindo 58 consultas com cl\u00ednico geral, 80 testes r\u00e1pidos, 74 doses de vacina, 300 emiss\u00f5es de Cart\u00e3o SUS, 540 atendimentos de regula\u00e7\u00e3o (126 pacientes regulados), 150 atendimentos de sa\u00fade bucal e 30 coletas de exame citopatol\u00f3gico (Papanicolau). Houve tamb\u00e9m apoio de fisioterapeuta \u00e0 equipe da OVG.<\/p>\n\n\n\n<p>A coordenadora de Processos Administrativos da Ger\u00eancia das Regionais da SES, T\u00e2nia Gl\u00e1ucia Moreira dos Santos, destacou que os resultados em Novo Gama refor\u00e7am o alcance do programa e o compromisso do Estado com a sa\u00fade p\u00fablica: &#8220;Esse ano, o Goi\u00e1s Social percorreu v\u00e1rios cantos do Estado. A popula\u00e7\u00e3o se beneficiou com atendimento em v\u00e1rios servi\u00e7os com a vantagem do acesso em um \u00fanico lugar. Isso \u00e9 dar dignidade \u00e0 popula\u00e7\u00e3o, cumprir o seu dever e por fim regionalizar a assist\u00eancia \u00e0 sa\u00fade&#8221;, concluiu.<\/p>\n\n\n\n<p>Com servi\u00e7os que abrangem desde a preven\u00e7\u00e3o at\u00e9 o diagn\u00f3stico precoce e o cuidado especializado, a presen\u00e7a da SES\u2011GO no Goi\u00e1s Social em Novo Gama reafirma o compromisso do Governo de Goi\u00e1s em ampliar o acesso aos servi\u00e7os de sa\u00fade e fortalecer a rede de cuidado em todas as regi\u00f5es do Estado.<\/p>\n\n\n\n<p>Lara Eduarda (Texto) T\u00e2nia Glaucia (Foto)<br>Comunica\u00e7\u00e3o Setorial SES-GO<\/p>\n","protected":false},"excerpt":{"rendered":"<p>Atendimentos da SES, em parceria com o Cerof, contemplaram consultas em oftalmologia, vacina\u00e7\u00e3o, mamografias, triagem de c\u00e2ncer de pele e distribui\u00e7\u00e3o de insumos de preven\u00e7\u00e3o<\/p>\n","protected":false},"author":165,"featured_media":606544,"comment_status":"closed","ping_status":"open","sticky":false,"template":"","format":"standard","meta":{"footnotes":""},"categories":[3],"tags":[366],"class_list":["post-606523","post","type-post","status-publish","format-standard","has-post-thumbnail","hentry","category-noticias","tag-goias-social"],"rttpg_featured_image_url":{"full":["https:\/\/goias.gov.br\/saude\/wp-content\/uploads\/sites\/34\/2025\/11\/141125-goias-social.jpeg",1200,1600,false],"landscape":["https:\/\/goias.gov.br\/saude\/wp-content\/uploads\/sites\/34\/2025\/11\/141125-goias-social.jpeg",1200,1600,false],"portraits":["https:\/\/goias.gov.br\/saude\/wp-content\/uploads\/sites\/34\/2025\/11\/141125-goias-social.jpeg",1200,1600,false],"thumbnail":["https:\/\/goias.gov.br\/saude\/wp-content\/uploads\/sites\/34\/2025\/11\/141125-goias-social-150x150.jpeg",150,150,true],"medium":["https:\/\/goias.gov.br\/saude\/wp-content\/uploads\/sites\/34\/2025\/11\/141125-goias-social-225x300.jpeg",225,300,true],"large":["https:\/\/goias.gov.br\/saude\/wp-content\/uploads\/sites\/34\/2025\/11\/141125-goias-social-768x1024.jpeg",768,1024,true],"1536x1536":["https:\/\/goias.gov.br\/saude\/wp-content\/uploads\/sites\/34\/2025\/11\/141125-goias-social-1152x1536.jpeg",1152,1536,true],"2048x2048":["https:\/\/goias.gov.br\/saude\/wp-content\/uploads\/sites\/34\/2025\/11\/141125-goias-social.jpeg",1200,1600,false]},"rttpg_author":{"display_name":"ricardocruz","author_link":"https:\/\/goias.gov.br\/saude\/author\/ricardocruz\/"},"rttpg_comment":0,"rttpg_category":"<a href=\"https:\/\/goias.gov.br\/saude\/categoria\/noticias\/\" rel=\"category tag\">Not\u00edcias<\/a>","rttpg_excerpt":"Atendimentos da SES, em parceria com o Cerof, contemplaram consultas em oftalmologia, vacina\u00e7\u00e3o, mamografias, triagem de c\u00e2ncer de pele e distribui\u00e7\u00e3o de insumos de preven\u00e7\u00e3o","_links":{"self":[{"href":"https:\/\/goias.gov.br\/saude\/wp-json\/wp\/v2\/posts\/606523","targetHints":{"allow":["GET"]}}],"collection":[{"href":"https:\/\/goias.gov.br\/saude\/wp-json\/wp\/v2\/posts"}],"about":[{"href":"https:\/\/goias.gov.br\/saude\/wp-json\/wp\/v2\/types\/post"}],"author":[{"embeddable":true,"href":"https:\/\/goias.gov.br\/saude\/wp-json\/wp\/v2\/users\/165"}],"replies":[{"embeddable":true,"href":"https:\/\/goias.gov.br\/saude\/wp-json\/wp\/v2\/comments?post=606523"}],"version-history":[{"count":1,"href":"https:\/\/goias.gov.br\/saude\/wp-json\/wp\/v2\/posts\/606523\/revisions"}],"predecessor-version":[{"id":606565,"href":"https:\/\/goias.gov.br\/saude\/wp-json\/wp\/v2\/posts\/606523\/revisions\/606565"}],"wp:featuredmedia":[{"embeddable":true,"href":"https:\/\/goias.gov.br\/saude\/wp-json\/wp\/v2\/media\/606544"}],"wp:attachment":[{"href":"https:\/\/goias.gov.br\/saude\/wp-json\/wp\/v2\/media?parent=606523"}],"wp:term":[{"taxonomy":"category","embeddable":true,"href":"https:\/\/goias.gov.br\/saude\/wp-json\/wp\/v2\/categories?post=606523"},{"taxonomy":"post_tag","embeddable":true,"href":"https:\/\/goias.gov.br\/saude\/wp-json\/wp\/v2\/tags?post=606523"}],"curies":[{"name":"wp","href":"https:\/\/api.w.org\/{rel}","templated":true}]}}