

{"id":603386,"date":"2025-11-11T16:06:38","date_gmt":"2025-11-11T19:06:38","guid":{"rendered":"https:\/\/goias.gov.br\/saude\/?p=603386"},"modified":"2025-11-11T16:06:38","modified_gmt":"2025-11-11T19:06:38","slug":"acao-alusiva-ao-dia-mundial-do-diabetes-promove-prevencao-para-servidores-da-ses","status":"publish","type":"post","link":"https:\/\/goias.gov.br\/saude\/acao-alusiva-ao-dia-mundial-do-diabetes-promove-prevencao-para-servidores-da-ses\/","title":{"rendered":"A\u00e7\u00e3o alusiva ao Dia Mundial do Diabetes promove preven\u00e7\u00e3o para servidores da SES"},"content":{"rendered":"\n<p class=\"has-text-align-center\"><strong>Objetivo \u00e9 alertar popula\u00e7\u00e3o sobre necessidade de diagn\u00f3stico precoce e tratamento da doen\u00e7a<\/strong><\/p>\n\n\n\n<!--more-->\n\n\n\n<figure class=\"wp-block-image size-full\"><img fetchpriority=\"high\" decoding=\"async\" width=\"768\" height=\"512\" src=\"https:\/\/goias.gov.br\/saude\/wp-content\/uploads\/sites\/34\/2025\/11\/Diabetes.jpeg\" alt=\"\" class=\"wp-image-603387\" srcset=\"https:\/\/goias.gov.br\/saude\/wp-content\/uploads\/sites\/34\/2025\/11\/Diabetes.jpeg 768w, https:\/\/goias.gov.br\/saude\/wp-content\/uploads\/sites\/34\/2025\/11\/Diabetes-300x200.jpeg 300w\" sizes=\"(max-width: 768px) 100vw, 768px\" \/><figcaption class=\"wp-element-caption\"><em>Medida de controle da alimenta\u00e7\u00e3o, realiza\u00e7\u00e3o de exames peri\u00f3dicos e acompanhamento com equipe de sa\u00fade multidisciplinar regular s\u00e3o fundamentais para controle da doen\u00e7a<\/em><\/figcaption><\/figure>\n\n\n\n<p>Os servidores da sede da Secretaria de Estado da Sa\u00fade de Goi\u00e1s ter\u00e3o acesso a uma a\u00e7\u00e3o de preven\u00e7\u00e3o, alusiva ao Dia Mundial do Diabetes, no p\u00e1tio da SES\/GO, na manh\u00e3 de sexta-feira (14\/11). Na ocasi\u00e3o, ser\u00e3o oferecidos servi\u00e7os como aferi\u00e7\u00e3o de press\u00e3o arterial, teste de glicemia, exposi\u00e7\u00e3o da caixa nutricional e orienta\u00e7\u00f5es, triagem para o risco de diabetes, avalia\u00e7\u00e3o de peso, altura, circunfer\u00eancia abdominal, IMC, auriculoterapia e atividade corporal, com a equipe Projeto Ativamente SES.<\/p>\n\n\n\n<p>A a\u00e7\u00e3o \u00e9 organizada pelo Grupo Operacional de Cr\u00f4nicas do Estado de Goi\u00e1s, da Ger\u00eancia de Vigil\u00e2ncia Epidemiol\u00f3gica de Doen\u00e7as n\u00e3o Transmiss\u00edveis e Promo\u00e7\u00e3o da Sa\u00fade\/ Superintend\u00eancia de Vigil\u00e2ncia em Sa\u00fade\/Secretaria de Estado da Sa\u00fade de Goi\u00e1s (GVEDNTPS\/ SUVISA\/ SES-GO), em parceria com a Superintend\u00eancia de Pol\u00edticas e Aten\u00e7\u00e3o \u00e0 Sa\u00fade atrav\u00e9s da Ger\u00eancia de Aten\u00e7\u00e3o Prim\u00e1ria.<\/p>\n\n\n\n<p>O Dia 14 de novembro foi definido como o Dia Mundial do Diabetes, com o objetivo de alertar a popula\u00e7\u00e3o sobre a necessidade de diagn\u00f3stico precoce e tratamento da doen\u00e7a. O diabetes mellitus (DM) \u00e9 uma doen\u00e7a cr\u00f4nica n\u00e3o transmiss\u00edvel caracterizada pela presen\u00e7a de hiperglicemia (n\u00edveis elevados de a\u00e7\u00facar no sangue). O DM tipo 2 (DM2), respons\u00e1vel por 90% dos casos, \u00e9 causado por uma redu\u00e7\u00e3o na produ\u00e7\u00e3o e\/ou a\u00e7\u00e3o inadequada da insulina produzida no organismo. \u00c9 mais frequente em adultos e est\u00e1 relacionado \u00e0 predisposi\u00e7\u00e3o gen\u00e9tica, fatores de risco como o sobrepeso e obesidade, inatividade f\u00edsica e alimenta\u00e7\u00e3o n\u00e3o saud\u00e1vel.<\/p>\n\n\n\n<p>No ano de 2025, a campanha &#8220;Novembro Diabetes Azul&#8221; enfatiza a inclus\u00e3o e o respeito no ambiente de trabalho, promovendo o bem-estar de pessoas com diabetes atrav\u00e9s de a\u00e7\u00f5es que promovam inclus\u00e3o e acolhimento.\u00a0<\/p>\n\n\n\n<p><strong>Preval\u00eancia<\/strong><\/p>\n\n\n\n<p>O Diabetes \u00e9 uma doen\u00e7a de preval\u00eancia crescente, atingindo, atualmente, cerca de 10% da popula\u00e7\u00e3o mundial. Estima-se que quase a metade desses indiv\u00edduos ainda n\u00e3o tenha tido esse diagn\u00f3stico. No mundo, em 2024, eram 588,7 milh\u00f5es de indiv\u00edduos vivendo com diabetes e a estimativa \u00e9 que esse n\u00famero atinja 852,5 milh\u00f5es de pessoas at\u00e9 2050, entre a popula\u00e7\u00e3o de 20-79 anos.<\/p>\n\n\n\n<p>O Brasil est\u00e1 na 6\u00aa posi\u00e7\u00e3o entre os pa\u00edses, com 16,6 milh\u00f5es de indiv\u00edduos com diabetes, com perspectiva de 24 milh\u00f5es para 2050, segundo a Federa\u00e7\u00e3o Internacional de Diabetes (IDF, 2025). Em n\u00edvel nacional, estimativas de 2021, da IDF, falam que cerca de 30% das pessoas desconheciam ter o diagn\u00f3stico, e 50% dos indiv\u00edduos identificados com diabetes n\u00e3o sabiam que tinham o diagn\u00f3stico. Para o Diabetes tipo 1 (DM tipo 1) mundialmente existem 9,2 milh\u00f5es pessoas com o diagn\u00f3stico de todas as idades, e com mais de 20 anos, 1,8 milh\u00e3o de pessoas. Nacionalmente, 99.000 de pessoas com DM tipo 1 de 0-19 anos, e num total 499.000 de todas as idades (IDF, 2025).<\/p>\n\n\n\n<p>No Brasil, a preval\u00eancia do diabetes entre os indiv\u00edduos maiores de 18 anos vem oscilando nos \u00faltimos anos, com aumento progressivo desde 2019 e atingindo 10,2% da popula\u00e7\u00e3o no ano de 2023, de acordo com o Vigitel (Sistema de Vigil\u00e2ncia de Fatores de Risco de Doen\u00e7as Cr\u00f4nicas por Inqu\u00e9rito Telef\u00f4nico), que avalia nas 26 capitais dos estados do Brasil e mais o Distrito Federal. Em Goi\u00e2nia, segundo o Vigitel, os valores variavam em torno de 7,0% na \u00faltima d\u00e9cada, mas houve aumento para 8,8% em 2023.<\/p>\n\n\n\n<p>No Vigitel Goi\u00e1s 2023, o primeiro inqu\u00e9rito realizado pela SES-GO, com representatividade para o Estado de Goi\u00e1s e as cinco macrorregi\u00f5es, a frequ\u00eancia de adultos que referiram o diagn\u00f3stico m\u00e9dico de diabetes em Goi\u00e1s entre os indiv\u00edduos maiores que 18 anos, foi 6,4%. Para o Vigitel Goi\u00e1s 2025, essa preval\u00eancia foi para 9,3%, com 8,3% para o sexo masculino e 10,2% para o feminino (dados preliminares). <\/p>\n\n\n\n<p>A tend\u00eancia \u00e9 de aumento de preval\u00eancia, conforme o aumento da idade, e diminui\u00e7\u00e3o conforme mais anos de escolaridade da popula\u00e7\u00e3o estudada. Segundo o Centralizador Estadual de dados do Estado de Goi\u00e1s, existem 624.552 indiv\u00edduos com DM identificados na rede SUS do estado de Goi\u00e1s, que corresponde a cerca de 8,41% da popula\u00e7\u00e3o (Metabase, 2025).<\/p>\n\n\n\n<p><strong>Complica\u00e7\u00f5es<\/strong><\/p>\n\n\n\n<p>\u00a0O DM leva a risco aumentado de mortalidade cardiovascular e morbidade por causar complica\u00e7\u00f5es agudas e cr\u00f4nicas. As complica\u00e7\u00f5es agudas s\u00e3o inerentes a uma descompensa\u00e7\u00e3o do diabetes em si, s\u00e3o graves, amea\u00e7am a vida e demandam tratamento hospitalar, na maioria das vezes em ambiente de terapia intensiva. S\u00e3o caracterizadas pela presen\u00e7a de hiperglicemia associada a manifesta\u00e7\u00f5es sist\u00eamicas como a acidose metab\u00f3lica (no caso da cetoacidose diab\u00e9tica), desidrata\u00e7\u00e3o grave e altera\u00e7\u00e3o do n\u00edvel de consci\u00eancia (no caso do estado hiperosmolar n\u00e3o-cet\u00f3tico, tamb\u00e9m chamado de coma hiperosmolar).<\/p>\n\n\n\n<p>As complica\u00e7\u00f5es cr\u00f4nicas podem ocorrer ap\u00f3s anos de dura\u00e7\u00e3o de diabetes, com mais frequ\u00eancia nos casos com controle inadequado, podem levar a les\u00f5es em diferentes \u00f3rg\u00e3os e sistemas e s\u00e3o divididas em micro e macrovasculares. As complica\u00e7\u00f5es microvasculares mais frequentes s\u00e3o a retinopatia diab\u00e9tica, nefropatia diab\u00e9tica e neuropatia diab\u00e9tica. As complica\u00e7\u00f5es macrovasculares se referem ao comprometimento de grandes art\u00e9rias, como as coron\u00e1rias, que levam ao infarto agudo do mioc\u00e1rdio, as do sistema nervoso central, que podem levar ao acidente vascular encef\u00e1lico e as art\u00e9rias perif\u00e9ricas, que podem levar a oclus\u00e3o arterial perif\u00e9rica, sendo mais frequentes nos membros inferiores. Existem ainda complica\u00e7\u00f5es combinadas, como o p\u00e9 diab\u00e9tico que,  em geral, ocorre pela doen\u00e7a arterial perif\u00e9rica associada \u00e0 neuropatia diab\u00e9tica.<\/p>\n\n\n\n<p>A taxa de interna\u00e7\u00e3o por DM no estado vem caindo desde o ano de 2012 a um ritmo m\u00e9dio de 3,19% a cada ano. Nos anos de 2016, 2017 e 2018 os n\u00fameros foram os mais baixos da s\u00e9rie hist\u00f3rica e de 2020 a 2022 houve discreto aumento da taxa, provavelmente relacionado \u00e0 pandemia.&nbsp; A tend\u00eancia de queda apareceu novamente no ano de 2023. Os idosos tiveram as maiores taxas de interna\u00e7\u00e3o, que foram mais frequentemente relacionadas \u00e0s complica\u00e7\u00f5es cr\u00f4nicas. A complica\u00e7\u00e3o do DM que mais frequentemente esteve relacionada a interna\u00e7\u00f5es em Goi\u00e1s foram as doen\u00e7as circulat\u00f3rias perif\u00e9ricas no ano de 2022 (Boletim Epidemiol\u00f3gico- Interna\u00e7\u00f5es Hospitalares por Diabetes no ano de 2022, 2024).<\/p>\n\n\n\n<p>Estima-se que aproximadamente 6,7 milh\u00f5es de adultos (20-79 anos) tenham morrido no mundo como resultado de diabetes ou suas complica\u00e7\u00f5es em 2021, correspondendo a 12,2% de mortes globais por todas as causas nessa faixa et\u00e1ria, e aproximadamente, um ter\u00e7o das mortes por diabetes ocorrem em pessoas com idade ativa, abaixo de 60 anos (IDF, 2021). Segundo o estudo The Global Burden of Disease Study (2019), o Diabetes passou do ano de 2009 para 2019, de 7\u00ba lugar entre mortes\/100.000 habitantes em ambos os sexos, para o 6\u00ba lugar, com 33,6% (% de mudan\u00e7a). Segundo estudo de Malta et. al (2019), a taxa de mortalidade espec\u00edfica para diabetes por 100.000 habitantes, nacionalmente, passou do ano de 1992 para 2019, de 12,8 para 30,2 demonstrando aumento da taxa de mortalidade.<\/p>\n\n\n\n<p>A taxa de mortalidade prematura por diabetes no estado de Goi\u00e1s foi de 26,45 \u00f3bitos a cada 100.000 habitantes no ano de 2024, com aumento de 2023-2024, anterior h\u00e1 um per\u00edodo de estabilidade, a n\u00e3o ser em 2020 e 2021, per\u00edodo correspondente \u00e0 pandemia, em que esses valores foram mais elevados, conforme s\u00e9rie hist\u00f3rica e tem proje\u00e7\u00e3o de estabilidade para os pr\u00f3ximos anos (Tabela 2). Importante ressaltar que esses valores subestimam o real impacto do diabetes na morbimortalidade da popula\u00e7\u00e3o, uma vez que a maior causa de mortalidade nestes indiv\u00edduos vem das doen\u00e7as cardiovasculares. Al\u00e9m disso, as complica\u00e7\u00f5es cr\u00f4nicas do DM est\u00e3o relacionadas a preju\u00edzos na capacidade laboral e na qualidade de vida dos indiv\u00edduos com esse diagn\u00f3stico e a elevados custos para a gest\u00e3o p\u00fablica.<\/p>\n\n\n\n<p><strong>Diagn\u00f3stico precoce<\/strong><\/p>\n\n\n\n<p>Visando a redu\u00e7\u00e3o das complica\u00e7\u00f5es do DM, o diagn\u00f3stico precoce e bom controle s\u00e3o recomendados. Para o rastreamento do DM \u00e9 indicado que os exames de avalia\u00e7\u00e3o da glicemia sejam feitos por todos os indiv\u00edduos que tenham sintomas de hiperglicemia como aumento do volume de urina, boca seca, perda de peso n\u00e3o intencional, turva\u00e7\u00e3o visual e fraqueza, entre outros. Para indiv\u00edduos assintom\u00e1ticos, segundo a Sociedade Brasileira de Diabetes, a triagem \u00e9 recomendada nas seguintes situa\u00e7\u00f5es:<\/p>\n\n\n\n<p>Quem deve fazer o exame para saber se tem diabetes:<\/p>\n\n\n\n<p>&nbsp;&nbsp;&nbsp; \u2022 Qualquer pessoa que tenha os sintomas de diabetes<\/p>\n\n\n\n<p>&nbsp;&nbsp;&nbsp; \u2022 Idade \u2265 35 anos<\/p>\n\n\n\n<p>&nbsp;&nbsp;&nbsp; \u2022 Com diagn\u00f3stico de HIV\/AIDS, pancreatite e doen\u00e7as associadas ao diabetes<\/p>\n\n\n\n<p>&nbsp;&nbsp;&nbsp; \u2022 Pr\u00e9-diabetes em exame pr\u00e9vio<\/p>\n\n\n\n<p>&nbsp;&nbsp;&nbsp; \u2022 Hist\u00f3ria pr\u00e9via de diabetes gestacional ou rec\u00e9m-nascido com peso \u2265 4,5 kg<\/p>\n\n\n\n<p>&nbsp;&nbsp;&nbsp; \u2022 Indiv\u00edduos em uso de medicamentos que induzem hiperglicemia (corticoides, por exemplo)<\/p>\n\n\n\n<p>&nbsp;&nbsp;&nbsp; \u2022 Pessoas abaixo de 35 anos com sobrepeso ou obesidade e um, ou mais dos fatores de risco:<\/p>\n\n\n\n<p>&nbsp;&nbsp;&nbsp; \u2022 Hist\u00f3ria familiar de DM2 em parentes de primeiro grau (pais ou irm\u00e3os)<\/p>\n\n\n\n<p>&nbsp;&nbsp;&nbsp; \u2022 Hist\u00f3ria de doen\u00e7a cardiovascular<\/p>\n\n\n\n<p>&nbsp;&nbsp;&nbsp; \u2022 Hipertens\u00e3o arterial<\/p>\n\n\n\n<p>&nbsp;&nbsp;&nbsp; \u2022 HDL baixo (\u201cbom colesterol\u201d)<\/p>\n\n\n\n<p>&nbsp;&nbsp;&nbsp; \u2022 Triglicer\u00eddeos alto<\/p>\n\n\n\n<p>&nbsp;&nbsp;&nbsp; \u2022 Com o diagn\u00f3stico de S\u00edndrome de ov\u00e1rios polic\u00edsticos<\/p>\n\n\n\n<p>&nbsp;&nbsp;&nbsp; \u2022 Acantose nigricans&nbsp;(manchas escuras e negras nas dobras como pesco\u00e7o, axilas e virilha)<\/p>\n\n\n\n<p>&nbsp;&nbsp;&nbsp; \u2022 Sedentarismo<\/p>\n\n\n\n<p>Para um bom controle do DM \u00e9 necess\u00e1rio acompanhamento regular com profissionais de sa\u00fade, medidas n\u00e3o-farmacol\u00f3gicas e medidas farmacol\u00f3gicas, em alguns casos. Dentre as medidas n\u00e3o- farmacol\u00f3gicas, as mais importantes s\u00e3o a pr\u00e1tica regular de atividade f\u00edsica, manuten\u00e7\u00e3o de uma dieta balanceada (controle de carboidratos, uso rotineiro de verduras, legumes, carnes magras e alimentos ricos em fibras, evitando a\u00e7\u00facares, frituras e alimentos ultraprocessados), cessa\u00e7\u00e3o do tabagismo e do uso excessivo de \u00e1lcool. H\u00e1 v\u00e1rias op\u00e7\u00f5es de medicamentos orais e injet\u00e1veis para o tratamento do diabetes, e seu uso deve sempre seguir a prescri\u00e7\u00e3o m\u00e9dica.<\/p>\n\n\n\n<p>A ades\u00e3o a essas medidas, a realiza\u00e7\u00e3o de exames peri\u00f3dicos e o acompanhamento com a equipe de sa\u00fade multidisciplinar regularmente s\u00e3o fundamentais para o controle da doen\u00e7a.<\/p>\n\n\n\n<p>Foto: Freepik<\/p>\n\n\n\n<p>Secretaria de Estado da Sa\u00fade de Goi\u00e1s<\/p>\n","protected":false},"excerpt":{"rendered":"<p>Objetivo \u00e9 alertar popula\u00e7\u00e3o sobre necessidade de diagn\u00f3stico precoce e tratamento da doen\u00e7a<\/p>\n","protected":false},"author":24,"featured_media":603388,"comment_status":"closed","ping_status":"open","sticky":false,"template":"","format":"standard","meta":{"footnotes":""},"categories":[3],"tags":[251],"class_list":["post-603386","post","type-post","status-publish","format-standard","has-post-thumbnail","hentry","category-noticias","tag-atencao-a-saude"],"rttpg_featured_image_url":{"full":["https:\/\/goias.gov.br\/saude\/wp-content\/uploads\/sites\/34\/2025\/11\/Diabetes-1.jpeg",768,512,false],"landscape":["https:\/\/goias.gov.br\/saude\/wp-content\/uploads\/sites\/34\/2025\/11\/Diabetes-1.jpeg",768,512,false],"portraits":["https:\/\/goias.gov.br\/saude\/wp-content\/uploads\/sites\/34\/2025\/11\/Diabetes-1.jpeg",768,512,false],"thumbnail":["https:\/\/goias.gov.br\/saude\/wp-content\/uploads\/sites\/34\/2025\/11\/Diabetes-1-150x150.jpeg",150,150,true],"medium":["https:\/\/goias.gov.br\/saude\/wp-content\/uploads\/sites\/34\/2025\/11\/Diabetes-1-300x200.jpeg",300,200,true],"large":["https:\/\/goias.gov.br\/saude\/wp-content\/uploads\/sites\/34\/2025\/11\/Diabetes-1.jpeg",768,512,false],"1536x1536":["https:\/\/goias.gov.br\/saude\/wp-content\/uploads\/sites\/34\/2025\/11\/Diabetes-1.jpeg",768,512,false],"2048x2048":["https:\/\/goias.gov.br\/saude\/wp-content\/uploads\/sites\/34\/2025\/11\/Diabetes-1.jpeg",768,512,false]},"rttpg_author":{"display_name":"karinesantos","author_link":"https:\/\/goias.gov.br\/saude\/author\/karinesantos\/"},"rttpg_comment":0,"rttpg_category":"<a href=\"https:\/\/goias.gov.br\/saude\/categoria\/noticias\/\" rel=\"category tag\">Not\u00edcias<\/a>","rttpg_excerpt":"Objetivo \u00e9 alertar popula\u00e7\u00e3o sobre necessidade de diagn\u00f3stico precoce e tratamento da doen\u00e7a","_links":{"self":[{"href":"https:\/\/goias.gov.br\/saude\/wp-json\/wp\/v2\/posts\/603386","targetHints":{"allow":["GET"]}}],"collection":[{"href":"https:\/\/goias.gov.br\/saude\/wp-json\/wp\/v2\/posts"}],"about":[{"href":"https:\/\/goias.gov.br\/saude\/wp-json\/wp\/v2\/types\/post"}],"author":[{"embeddable":true,"href":"https:\/\/goias.gov.br\/saude\/wp-json\/wp\/v2\/users\/24"}],"replies":[{"embeddable":true,"href":"https:\/\/goias.gov.br\/saude\/wp-json\/wp\/v2\/comments?post=603386"}],"version-history":[{"count":1,"href":"https:\/\/goias.gov.br\/saude\/wp-json\/wp\/v2\/posts\/603386\/revisions"}],"predecessor-version":[{"id":603389,"href":"https:\/\/goias.gov.br\/saude\/wp-json\/wp\/v2\/posts\/603386\/revisions\/603389"}],"wp:featuredmedia":[{"embeddable":true,"href":"https:\/\/goias.gov.br\/saude\/wp-json\/wp\/v2\/media\/603388"}],"wp:attachment":[{"href":"https:\/\/goias.gov.br\/saude\/wp-json\/wp\/v2\/media?parent=603386"}],"wp:term":[{"taxonomy":"category","embeddable":true,"href":"https:\/\/goias.gov.br\/saude\/wp-json\/wp\/v2\/categories?post=603386"},{"taxonomy":"post_tag","embeddable":true,"href":"https:\/\/goias.gov.br\/saude\/wp-json\/wp\/v2\/tags?post=603386"}],"curies":[{"name":"wp","href":"https:\/\/api.w.org\/{rel}","templated":true}]}}