

{"id":600259,"date":"2025-11-09T19:54:31","date_gmt":"2025-11-09T22:54:31","guid":{"rendered":"https:\/\/goias.gov.br\/saude\/?p=600259"},"modified":"2025-11-09T19:54:31","modified_gmt":"2025-11-09T22:54:31","slug":"ses-leva-atendimentos-de-saude-no-goias-social-de-planaltina","status":"publish","type":"post","link":"https:\/\/goias.gov.br\/saude\/ses-leva-atendimentos-de-saude-no-goias-social-de-planaltina\/","title":{"rendered":"SES leva atendimentos de sa\u00fade no Goi\u00e1s Social de Planaltina"},"content":{"rendered":"\n<p class=\"has-text-align-center\"><strong>A a\u00e7\u00e3o do Governo de Goi\u00e1s, por meio da Secretaria de Estado da Sa\u00fade, levou atendimentos m\u00e9dicos, exames, vacinas e servi\u00e7os gratuitos \u00e0 popula\u00e7\u00e3o nos dias 6 e 7 de novembro<\/strong><\/p>\n\n\n\n<!--more-->\n\n\n\n<figure class=\"wp-block-image size-large\"><img fetchpriority=\"high\" decoding=\"async\" width=\"768\" height=\"1024\" src=\"https:\/\/goias.gov.br\/saude\/wp-content\/uploads\/sites\/34\/2025\/11\/IMG-20251109-WA0009-768x1024.jpg\" alt=\"\" class=\"wp-image-600299\" srcset=\"https:\/\/goias.gov.br\/saude\/wp-content\/uploads\/sites\/34\/2025\/11\/IMG-20251109-WA0009-768x1024.jpg 768w, https:\/\/goias.gov.br\/saude\/wp-content\/uploads\/sites\/34\/2025\/11\/IMG-20251109-WA0009-225x300.jpg 225w, https:\/\/goias.gov.br\/saude\/wp-content\/uploads\/sites\/34\/2025\/11\/IMG-20251109-WA0009-1152x1536.jpg 1152w, https:\/\/goias.gov.br\/saude\/wp-content\/uploads\/sites\/34\/2025\/11\/IMG-20251109-WA0009.jpg 1200w\" sizes=\"(max-width: 768px) 100vw, 768px\" \/><figcaption class=\"wp-element-caption\"><em>Planaltina recebe atendimentos de sa\u00fade no Goi\u00e1s Social<\/em><\/figcaption><\/figure>\n\n\n\n<p>O Governo de Goi\u00e1s realizou mais uma edi\u00e7\u00e3o do Goi\u00e1s Social, desta vez em Planaltina, nos dias 6 e 7 de novembro, com ampla participa\u00e7\u00e3o da Secretaria de Estado da Sa\u00fade (SES-GO). A iniciativa ofertou 2.754 atendimentos de sa\u00fade entre consultas, exames, vacinas e a\u00e7\u00f5es preventivas.<\/p>\n\n\n\n<p>Na \u00e1rea de oftalmologia, foram realizados 1.010 atendimentos, com 548 \u00f3culos entregues e 328 encaminhamentos, sendo: glaucoma (82), retina (59), catarata (55) e pter\u00edgio (44).<\/p>\n\n\n\n<p>A carreta de mamografia realizou 100 exames de mamografia e 38 atendimentos dermatol\u00f3gicos, com 4 casos rastreados de c\u00e2ncer de pele. J\u00e1 a equipe da IQUEGO, que tamb\u00e9m esteve presente em mais uma edi\u00e7\u00e3o, realizou 406 testes de glicemia e 406 aferi\u00e7\u00f5es de press\u00e3o arterial.<\/p>\n\n\n\n<p>As a\u00e7\u00f5es de imuniza\u00e7\u00e3o somaram 230 doses de vacinas aplicadas, contemplando crian\u00e7as, adolescentes, adultos e gestantes. No \u00e2mbito municipal, foram realizados 60 exames preventivos de colo de \u00fatero, 524 testes r\u00e1pidos (HIV, s\u00edfilis e hepatites B e C) e distribu\u00eddos 3 mil preservativos.<\/p>\n\n\n\n<p>\u201c\u00c9 uma satisfa\u00e7\u00e3o poder levar todos esses atendimentos aos moradores de todas as regi\u00f5es do Estado. Esta edi\u00e7\u00e3o aqui no entorno de Bras\u00edlia, que \u00e9 uma regi\u00e3o carente de acessos tamb\u00e9m \u00e0 sa\u00fade, s\u00f3 refor\u00e7ou o compromisso do Governo de Goi\u00e1, por meio da SES, com o cuidado integral \u00e0 sa\u00fade e a promo\u00e7\u00e3o do bem-estar da popula\u00e7\u00e3o\u201d, afirmou T\u00e2nia Gl\u00e1ucia, T\u00e2nia Gl\u00e1ucia Moreira dos Santos &#8211; Coordenadora de Processos Administrativos da Ger\u00eancia das Regionais de Sa\u00fade e ponto focal dos servi\u00e7os de sa\u00fade do Programa Goi\u00e1s Social.<\/p>\n\n\n\n<p>Yara Galv\u00e3o (Texto) Regionais (Foto)<\/p>\n\n\n\n<p>Comunica\u00e7\u00e3o Setorial SES-GO<\/p>\n","protected":false},"excerpt":{"rendered":"<p>A a\u00e7\u00e3o do Governo de Goi\u00e1s, por meio da Secretaria de Estado da Sa\u00fade, levou atendimentos m\u00e9dicos, exames, vacinas e servi\u00e7os gratuitos \u00e0 popula\u00e7\u00e3o nos dias 6 e 7 de novembro<\/p>\n","protected":false},"author":165,"featured_media":600299,"comment_status":"closed","ping_status":"open","sticky":false,"template":"","format":"standard","meta":{"footnotes":""},"categories":[3],"tags":[366],"class_list":["post-600259","post","type-post","status-publish","format-standard","has-post-thumbnail","hentry","category-noticias","tag-goias-social"],"rttpg_featured_image_url":{"full":["https:\/\/goias.gov.br\/saude\/wp-content\/uploads\/sites\/34\/2025\/11\/IMG-20251109-WA0009.jpg",1200,1600,false],"landscape":["https:\/\/goias.gov.br\/saude\/wp-content\/uploads\/sites\/34\/2025\/11\/IMG-20251109-WA0009.jpg",1200,1600,false],"portraits":["https:\/\/goias.gov.br\/saude\/wp-content\/uploads\/sites\/34\/2025\/11\/IMG-20251109-WA0009.jpg",1200,1600,false],"thumbnail":["https:\/\/goias.gov.br\/saude\/wp-content\/uploads\/sites\/34\/2025\/11\/IMG-20251109-WA0009-150x150.jpg",150,150,true],"medium":["https:\/\/goias.gov.br\/saude\/wp-content\/uploads\/sites\/34\/2025\/11\/IMG-20251109-WA0009-225x300.jpg",225,300,true],"large":["https:\/\/goias.gov.br\/saude\/wp-content\/uploads\/sites\/34\/2025\/11\/IMG-20251109-WA0009-768x1024.jpg",768,1024,true],"1536x1536":["https:\/\/goias.gov.br\/saude\/wp-content\/uploads\/sites\/34\/2025\/11\/IMG-20251109-WA0009-1152x1536.jpg",1152,1536,true],"2048x2048":["https:\/\/goias.gov.br\/saude\/wp-content\/uploads\/sites\/34\/2025\/11\/IMG-20251109-WA0009.jpg",1200,1600,false]},"rttpg_author":{"display_name":"ricardocruz","author_link":"https:\/\/goias.gov.br\/saude\/author\/ricardocruz\/"},"rttpg_comment":0,"rttpg_category":"<a href=\"https:\/\/goias.gov.br\/saude\/categoria\/noticias\/\" rel=\"category tag\">Not\u00edcias<\/a>","rttpg_excerpt":"A a\u00e7\u00e3o do Governo de Goi\u00e1s, por meio da Secretaria de Estado da Sa\u00fade, levou atendimentos m\u00e9dicos, exames, vacinas e servi\u00e7os gratuitos \u00e0 popula\u00e7\u00e3o nos dias 6 e 7 de novembro","_links":{"self":[{"href":"https:\/\/goias.gov.br\/saude\/wp-json\/wp\/v2\/posts\/600259","targetHints":{"allow":["GET"]}}],"collection":[{"href":"https:\/\/goias.gov.br\/saude\/wp-json\/wp\/v2\/posts"}],"about":[{"href":"https:\/\/goias.gov.br\/saude\/wp-json\/wp\/v2\/types\/post"}],"author":[{"embeddable":true,"href":"https:\/\/goias.gov.br\/saude\/wp-json\/wp\/v2\/users\/165"}],"replies":[{"embeddable":true,"href":"https:\/\/goias.gov.br\/saude\/wp-json\/wp\/v2\/comments?post=600259"}],"version-history":[{"count":1,"href":"https:\/\/goias.gov.br\/saude\/wp-json\/wp\/v2\/posts\/600259\/revisions"}],"predecessor-version":[{"id":600316,"href":"https:\/\/goias.gov.br\/saude\/wp-json\/wp\/v2\/posts\/600259\/revisions\/600316"}],"wp:featuredmedia":[{"embeddable":true,"href":"https:\/\/goias.gov.br\/saude\/wp-json\/wp\/v2\/media\/600299"}],"wp:attachment":[{"href":"https:\/\/goias.gov.br\/saude\/wp-json\/wp\/v2\/media?parent=600259"}],"wp:term":[{"taxonomy":"category","embeddable":true,"href":"https:\/\/goias.gov.br\/saude\/wp-json\/wp\/v2\/categories?post=600259"},{"taxonomy":"post_tag","embeddable":true,"href":"https:\/\/goias.gov.br\/saude\/wp-json\/wp\/v2\/tags?post=600259"}],"curies":[{"name":"wp","href":"https:\/\/api.w.org\/{rel}","templated":true}]}}