

{"id":59965,"date":"2024-07-11T14:24:39","date_gmt":"2024-07-11T17:24:39","guid":{"rendered":"https:\/\/goias.gov.br\/saude\/?p=59965"},"modified":"2024-07-11T14:24:39","modified_gmt":"2024-07-11T17:24:39","slug":"cavalcante-desenvolve-praticas-corporais-com-acoes-de-sustentabilidade","status":"publish","type":"post","link":"https:\/\/goias.gov.br\/saude\/cavalcante-desenvolve-praticas-corporais-com-acoes-de-sustentabilidade\/","title":{"rendered":"Cavalcante desenvolve pr\u00e1ticas corporais com a\u00e7\u00f5es de sustentabilidade"},"content":{"rendered":"\n<p class=\"has-text-align-center\"><strong>Projeto \u00e9 resultante do investimento da SES-GO em capacita\u00e7\u00e3o de servidores e cofinanciamento para as a\u00e7\u00f5es. Al\u00e9m de Cavalcante, foram beneficiados S\u00e3o Domingos, Posse, Iaciara, Simol\u00e2ndia e Nova Roma<\/strong><\/p>\n\n\n\n<!--more-->\n\n\n\n<figure class=\"wp-block-image size-full\"><img fetchpriority=\"high\" decoding=\"async\" width=\"1600\" height=\"1200\" src=\"https:\/\/goias.gov.br\/saude\/wp-content\/uploads\/sites\/34\/2024\/07\/110724-cavalcante-praticas-integrativas.jpeg\" alt=\"\" class=\"wp-image-59994\"\/><figcaption class=\"wp-element-caption\"><em>Moradores de Cavalcante integram grupo para a realiza\u00e7\u00e3o de atividades corporais e a\u00e7\u00f5es sustent\u00e1veis<\/em><\/figcaption><\/figure>\n\n\n\n<p>Profissionais de Sa\u00fade de Cavalcante, na Macrorregi\u00e3o Nordeste do Estado, est\u00e3o desenvolvendo um trabalho inovador, que associa a realiza\u00e7\u00e3o de pr\u00e1ticas corporais com a\u00e7\u00f5es de sustentabilidade em diferentes pontos do munic\u00edpio. Tais atividades est\u00e3o sendo coordenadas por servidores da Academia da Sa\u00fade e do Centro de Aten\u00e7\u00e3o Psicossocial (Caps) e beneficiam v\u00e1rios moradores, incluindo quilombolas.<\/p>\n\n\n\n<p>A realiza\u00e7\u00e3o dessas a\u00e7\u00f5es \u00e9 resultado do cofinanciamento feito pela Secretaria de Estado da Sa\u00fade de Goi\u00e1s (SES-GO). O coordenador de Promo\u00e7\u00e3o da Sa\u00fade da Superintend\u00eancia de Vigil\u00e2ncia em Sa\u00fade da SES-GO, Hamilton Jos\u00e9 Amorim Rezende, informa que a Pasta promoveu a atualiza\u00e7\u00e3o profissional dos servidores, os motivou a desenvolver a\u00e7\u00f5es intersetoriais e fez investimentos voltados ao desenvolvimento das pr\u00e1ticas corporais interligadas \u00e0s a\u00e7\u00f5es de desenvolvimento sustent\u00e1vel.<\/p>\n\n\n\n<p>Hamilton Amorim ressalta que foram contemplados seis munic\u00edpios da Macrorregi\u00e3o Nordeste. Al\u00e9m de Cavalcante, receberam o incentivo da SES-GO os munic\u00edpios de S\u00e3o Domingos, Posse, Iaciara, Simol\u00e2ndia e Nova Roma. \u201cOs profissionais de Cavalcante compreenderam a proposta e avan\u00e7aram no desenvolvimento das atividades intersetoriais\u201d, afian\u00e7ou.<\/p>\n\n\n\n<p>Dois grupos de moradores de Cavalcante \u00e9 coordenado pela professora de dan\u00e7a Luana Lorena Oliveira Furtado, a Lu\u00e1. Ela desenvolve atividades corporais e de sustentabilidade com pessoas que frequentam a Academia da Sa\u00fade e com pacientes do Centro de Apoio Psicossocial (Caps). Entre as a\u00e7\u00f5es realizadas ao ar livre destacam-se as aulas de dan\u00e7a, alongamento, rodas de conversa, caminhadas e produ\u00e7\u00e3o de lixeiras a serem instaladas \u00e0s margens do Rio das Almas. \u201cEssas a\u00e7\u00f5es est\u00e3o proporcionando resultados positivos como o bem-viver e melhoria da auto estima\u201d, enfatiza.<\/p>\n\n\n\n<p>Maria Jos\u00e9 Silva (texto)\/ Comunica\u00e7\u00e3o Setorial da SES-GO<br>Foto \u2013 Secretaria Municipal da Sa\u00fade de Cavalcante<\/p>\n","protected":false},"excerpt":{"rendered":"<p>Projeto \u00e9 resultante do investimento da SES-GO em capacita\u00e7\u00e3o de servidores e cofinanciamento para as a\u00e7\u00f5es. Al\u00e9m de Cavalcante, foram beneficiados S\u00e3o Domingos, Posse, Iaciara, Simol\u00e2ndia e Nova Roma<\/p>\n","protected":false},"author":165,"featured_media":59994,"comment_status":"closed","ping_status":"open","sticky":false,"template":"","format":"standard","meta":{"footnotes":""},"categories":[3],"tags":[248],"class_list":["post-59965","post","type-post","status-publish","format-standard","has-post-thumbnail","hentry","category-noticias","tag-vigilancia-em-saude"],"rttpg_featured_image_url":{"full":["https:\/\/goias.gov.br\/saude\/wp-content\/uploads\/sites\/34\/2024\/07\/110724-cavalcante-praticas-integrativas.jpeg",1600,1200,false],"landscape":["https:\/\/goias.gov.br\/saude\/wp-content\/uploads\/sites\/34\/2024\/07\/110724-cavalcante-praticas-integrativas.jpeg",1600,1200,false],"portraits":["https:\/\/goias.gov.br\/saude\/wp-content\/uploads\/sites\/34\/2024\/07\/110724-cavalcante-praticas-integrativas.jpeg",1600,1200,false],"thumbnail":["https:\/\/goias.gov.br\/saude\/wp-content\/uploads\/sites\/34\/2024\/07\/110724-cavalcante-praticas-integrativas.jpeg",150,113,false],"medium":["https:\/\/goias.gov.br\/saude\/wp-content\/uploads\/sites\/34\/2024\/07\/110724-cavalcante-praticas-integrativas.jpeg",300,225,false],"large":["https:\/\/goias.gov.br\/saude\/wp-content\/uploads\/sites\/34\/2024\/07\/110724-cavalcante-praticas-integrativas.jpeg",1024,768,false],"1536x1536":["https:\/\/goias.gov.br\/saude\/wp-content\/uploads\/sites\/34\/2024\/07\/110724-cavalcante-praticas-integrativas.jpeg",1536,1152,false],"2048x2048":["https:\/\/goias.gov.br\/saude\/wp-content\/uploads\/sites\/34\/2024\/07\/110724-cavalcante-praticas-integrativas.jpeg",1600,1200,false]},"rttpg_author":{"display_name":"ricardocruz","author_link":"https:\/\/goias.gov.br\/saude\/author\/ricardocruz\/"},"rttpg_comment":0,"rttpg_category":"<a href=\"https:\/\/goias.gov.br\/saude\/categoria\/noticias\/\" rel=\"category tag\">Not\u00edcias<\/a>","rttpg_excerpt":"Projeto \u00e9 resultante do investimento da SES-GO em capacita\u00e7\u00e3o de servidores e cofinanciamento para as a\u00e7\u00f5es. Al\u00e9m de Cavalcante, foram beneficiados S\u00e3o Domingos, Posse, Iaciara, Simol\u00e2ndia e Nova Roma","_links":{"self":[{"href":"https:\/\/goias.gov.br\/saude\/wp-json\/wp\/v2\/posts\/59965","targetHints":{"allow":["GET"]}}],"collection":[{"href":"https:\/\/goias.gov.br\/saude\/wp-json\/wp\/v2\/posts"}],"about":[{"href":"https:\/\/goias.gov.br\/saude\/wp-json\/wp\/v2\/types\/post"}],"author":[{"embeddable":true,"href":"https:\/\/goias.gov.br\/saude\/wp-json\/wp\/v2\/users\/165"}],"replies":[{"embeddable":true,"href":"https:\/\/goias.gov.br\/saude\/wp-json\/wp\/v2\/comments?post=59965"}],"version-history":[{"count":1,"href":"https:\/\/goias.gov.br\/saude\/wp-json\/wp\/v2\/posts\/59965\/revisions"}],"predecessor-version":[{"id":60014,"href":"https:\/\/goias.gov.br\/saude\/wp-json\/wp\/v2\/posts\/59965\/revisions\/60014"}],"wp:featuredmedia":[{"embeddable":true,"href":"https:\/\/goias.gov.br\/saude\/wp-json\/wp\/v2\/media\/59994"}],"wp:attachment":[{"href":"https:\/\/goias.gov.br\/saude\/wp-json\/wp\/v2\/media?parent=59965"}],"wp:term":[{"taxonomy":"category","embeddable":true,"href":"https:\/\/goias.gov.br\/saude\/wp-json\/wp\/v2\/categories?post=59965"},{"taxonomy":"post_tag","embeddable":true,"href":"https:\/\/goias.gov.br\/saude\/wp-json\/wp\/v2\/tags?post=59965"}],"curies":[{"name":"wp","href":"https:\/\/api.w.org\/{rel}","templated":true}]}}