

{"id":598780,"date":"2025-11-05T13:11:14","date_gmt":"2025-11-05T16:11:14","guid":{"rendered":"https:\/\/goias.gov.br\/saude\/?p=598780"},"modified":"2025-11-07T13:22:54","modified_gmt":"2025-11-07T16:22:54","slug":"saude-apresenta-os-bons-resultados-na-assembleia-legislativa-05-11-2025","status":"publish","type":"post","link":"https:\/\/goias.gov.br\/saude\/saude-apresenta-os-bons-resultados-na-assembleia-legislativa-05-11-2025\/","title":{"rendered":"Sa\u00fade apresenta os bons resultados na Assembleia Legislativa &#8211; 05\/11\/2025"},"content":{"rendered":"\n<p>Fotos \u2013 Iron Braz<\/p>\n\n\n\n<!--more-->\n\n\n\n<figure class=\"wp-block-gallery has-nested-images columns-default is-cropped wp-block-gallery-1 is-layout-flex wp-block-gallery-is-layout-flex\">\n<figure data-wp-context=\"{&quot;imageId&quot;:&quot;69ef770d1a52e&quot;}\" data-wp-interactive=\"core\/image\" data-wp-key=\"69ef770d1a52e\" class=\"wp-block-image size-large wp-lightbox-container\"><img fetchpriority=\"high\" decoding=\"async\" width=\"1024\" height=\"682\" data-wp-class--hide=\"state.isContentHidden\" data-wp-class--show=\"state.isContentVisible\" data-wp-init=\"callbacks.setButtonStyles\" data-wp-on--click=\"actions.showLightbox\" data-wp-on--load=\"callbacks.setButtonStyles\" data-wp-on-window--resize=\"callbacks.setButtonStyles\" data-id=\"598882\" src=\"https:\/\/goias.gov.br\/saude\/wp-content\/uploads\/sites\/34\/2025\/11\/0510-Apresentacao-SES-ALEGO1-1024x682.jpeg\" alt=\"\" class=\"wp-image-598882\" srcset=\"https:\/\/goias.gov.br\/saude\/wp-content\/uploads\/sites\/34\/2025\/11\/0510-Apresentacao-SES-ALEGO1-1024x682.jpeg 1024w, https:\/\/goias.gov.br\/saude\/wp-content\/uploads\/sites\/34\/2025\/11\/0510-Apresentacao-SES-ALEGO1-300x200.jpeg 300w, https:\/\/goias.gov.br\/saude\/wp-content\/uploads\/sites\/34\/2025\/11\/0510-Apresentacao-SES-ALEGO1-768x512.jpeg 768w, https:\/\/goias.gov.br\/saude\/wp-content\/uploads\/sites\/34\/2025\/11\/0510-Apresentacao-SES-ALEGO1.jpeg 1280w\" sizes=\"(max-width: 1024px) 100vw, 1024px\" \/><button\n\t\t\tclass=\"lightbox-trigger\"\n\t\t\ttype=\"button\"\n\t\t\taria-haspopup=\"dialog\"\n\t\t\taria-label=\"Ampliar\"\n\t\t\tdata-wp-init=\"callbacks.initTriggerButton\"\n\t\t\tdata-wp-on--click=\"actions.showLightbox\"\n\t\t\tdata-wp-style--right=\"state.imageButtonRight\"\n\t\t\tdata-wp-style--top=\"state.imageButtonTop\"\n\t\t>\n\t\t\t<svg xmlns=\"http:\/\/www.w3.org\/2000\/svg\" width=\"12\" height=\"12\" fill=\"none\" viewBox=\"0 0 12 12\">\n\t\t\t\t<path fill=\"#fff\" d=\"M2 0a2 2 0 0 0-2 2v2h1.5V2a.5.5 0 0 1 .5-.5h2V0H2Zm2 10.5H2a.5.5 0 0 1-.5-.5V8H0v2a2 2 0 0 0 2 2h2v-1.5ZM8 12v-1.5h2a.5.5 0 0 0 .5-.5V8H12v2a2 2 0 0 1-2 2H8Zm2-12a2 2 0 0 1 2 2v2h-1.5V2a.5.5 0 0 0-.5-.5H8V0h2Z\" \/>\n\t\t\t<\/svg>\n\t\t<\/button><figcaption class=\"wp-element-caption\"><mark>O secret\u00e1rio Ras\u00edvel Santos apresentou na Assembleia Legislativa as a\u00e7\u00f5es e investimentos feitos na sa\u00fade<\/mark><\/figcaption><\/figure>\n\n\n\n<figure data-wp-context=\"{&quot;imageId&quot;:&quot;69ef770d1e787&quot;}\" data-wp-interactive=\"core\/image\" data-wp-key=\"69ef770d1e787\" class=\"wp-block-image size-large wp-lightbox-container\"><img decoding=\"async\" width=\"1024\" height=\"682\" data-wp-class--hide=\"state.isContentHidden\" data-wp-class--show=\"state.isContentVisible\" data-wp-init=\"callbacks.setButtonStyles\" data-wp-on--click=\"actions.showLightbox\" data-wp-on--load=\"callbacks.setButtonStyles\" data-wp-on-window--resize=\"callbacks.setButtonStyles\" data-id=\"598884\" src=\"https:\/\/goias.gov.br\/saude\/wp-content\/uploads\/sites\/34\/2025\/11\/0510-Apresentacao-SES-ALEGO2-1024x682.jpeg\" alt=\"\" class=\"wp-image-598884\" srcset=\"https:\/\/goias.gov.br\/saude\/wp-content\/uploads\/sites\/34\/2025\/11\/0510-Apresentacao-SES-ALEGO2-1024x682.jpeg 1024w, https:\/\/goias.gov.br\/saude\/wp-content\/uploads\/sites\/34\/2025\/11\/0510-Apresentacao-SES-ALEGO2-300x200.jpeg 300w, https:\/\/goias.gov.br\/saude\/wp-content\/uploads\/sites\/34\/2025\/11\/0510-Apresentacao-SES-ALEGO2-768x512.jpeg 768w, https:\/\/goias.gov.br\/saude\/wp-content\/uploads\/sites\/34\/2025\/11\/0510-Apresentacao-SES-ALEGO2.jpeg 1280w\" sizes=\"(max-width: 1024px) 100vw, 1024px\" \/><button\n\t\t\tclass=\"lightbox-trigger\"\n\t\t\ttype=\"button\"\n\t\t\taria-haspopup=\"dialog\"\n\t\t\taria-label=\"Ampliar\"\n\t\t\tdata-wp-init=\"callbacks.initTriggerButton\"\n\t\t\tdata-wp-on--click=\"actions.showLightbox\"\n\t\t\tdata-wp-style--right=\"state.imageButtonRight\"\n\t\t\tdata-wp-style--top=\"state.imageButtonTop\"\n\t\t>\n\t\t\t<svg xmlns=\"http:\/\/www.w3.org\/2000\/svg\" width=\"12\" height=\"12\" fill=\"none\" viewBox=\"0 0 12 12\">\n\t\t\t\t<path fill=\"#fff\" d=\"M2 0a2 2 0 0 0-2 2v2h1.5V2a.5.5 0 0 1 .5-.5h2V0H2Zm2 10.5H2a.5.5 0 0 1-.5-.5V8H0v2a2 2 0 0 0 2 2h2v-1.5ZM8 12v-1.5h2a.5.5 0 0 0 .5-.5V8H12v2a2 2 0 0 1-2 2H8Zm2-12a2 2 0 0 1 2 2v2h-1.5V2a.5.5 0 0 0-.5-.5H8V0h2Z\" \/>\n\t\t\t<\/svg>\n\t\t<\/button><figcaption class=\"wp-element-caption\"><mark>A apresenta\u00e7\u00e3o contemplou a presta\u00e7\u00e3o de contas do relat\u00f3rio quadrimestral de 2025<\/mark><\/figcaption><\/figure>\n\n\n\n<figure class=\"wp-block-image size-large\"><img decoding=\"async\" width=\"1024\" height=\"682\" data-id=\"598886\" src=\"https:\/\/goias.gov.br\/saude\/wp-content\/uploads\/sites\/34\/2025\/11\/0510-Apresentacao-SES-ALEGO3-1024x682.jpeg\" alt=\"\" class=\"wp-image-598886\" srcset=\"https:\/\/goias.gov.br\/saude\/wp-content\/uploads\/sites\/34\/2025\/11\/0510-Apresentacao-SES-ALEGO3-1024x682.jpeg 1024w, https:\/\/goias.gov.br\/saude\/wp-content\/uploads\/sites\/34\/2025\/11\/0510-Apresentacao-SES-ALEGO3-300x200.jpeg 300w, https:\/\/goias.gov.br\/saude\/wp-content\/uploads\/sites\/34\/2025\/11\/0510-Apresentacao-SES-ALEGO3-768x512.jpeg 768w, https:\/\/goias.gov.br\/saude\/wp-content\/uploads\/sites\/34\/2025\/11\/0510-Apresentacao-SES-ALEGO3.jpeg 1280w\" sizes=\"(max-width: 1024px) 100vw, 1024px\" \/><figcaption class=\"wp-element-caption\"><mark>O secret\u00e1rio destacou que a sa\u00fade p\u00fablica goiana vive um momento de efici\u00eancia, transpar\u00eancia e amplia\u00e7\u00e3o do acesso<\/mark><\/figcaption><\/figure>\n\n\n\n<figure data-wp-context=\"{&quot;imageId&quot;:&quot;69ef770d21988&quot;}\" data-wp-interactive=\"core\/image\" data-wp-key=\"69ef770d21988\" class=\"wp-block-image size-large wp-lightbox-container\"><img loading=\"lazy\" decoding=\"async\" width=\"1024\" height=\"682\" data-wp-class--hide=\"state.isContentHidden\" data-wp-class--show=\"state.isContentVisible\" data-wp-init=\"callbacks.setButtonStyles\" data-wp-on--click=\"actions.showLightbox\" data-wp-on--load=\"callbacks.setButtonStyles\" data-wp-on-window--resize=\"callbacks.setButtonStyles\" data-id=\"598883\" src=\"https:\/\/goias.gov.br\/saude\/wp-content\/uploads\/sites\/34\/2025\/11\/0510-Apresentacao-SES-ALEGO4-1024x682.jpeg\" alt=\"\" class=\"wp-image-598883\" srcset=\"https:\/\/goias.gov.br\/saude\/wp-content\/uploads\/sites\/34\/2025\/11\/0510-Apresentacao-SES-ALEGO4-1024x682.jpeg 1024w, https:\/\/goias.gov.br\/saude\/wp-content\/uploads\/sites\/34\/2025\/11\/0510-Apresentacao-SES-ALEGO4-300x200.jpeg 300w, https:\/\/goias.gov.br\/saude\/wp-content\/uploads\/sites\/34\/2025\/11\/0510-Apresentacao-SES-ALEGO4-768x512.jpeg 768w, https:\/\/goias.gov.br\/saude\/wp-content\/uploads\/sites\/34\/2025\/11\/0510-Apresentacao-SES-ALEGO4.jpeg 1280w\" sizes=\"(max-width: 1024px) 100vw, 1024px\" \/><button\n\t\t\tclass=\"lightbox-trigger\"\n\t\t\ttype=\"button\"\n\t\t\taria-haspopup=\"dialog\"\n\t\t\taria-label=\"Ampliar\"\n\t\t\tdata-wp-init=\"callbacks.initTriggerButton\"\n\t\t\tdata-wp-on--click=\"actions.showLightbox\"\n\t\t\tdata-wp-style--right=\"state.imageButtonRight\"\n\t\t\tdata-wp-style--top=\"state.imageButtonTop\"\n\t\t>\n\t\t\t<svg xmlns=\"http:\/\/www.w3.org\/2000\/svg\" width=\"12\" height=\"12\" fill=\"none\" viewBox=\"0 0 12 12\">\n\t\t\t\t<path fill=\"#fff\" d=\"M2 0a2 2 0 0 0-2 2v2h1.5V2a.5.5 0 0 1 .5-.5h2V0H2Zm2 10.5H2a.5.5 0 0 1-.5-.5V8H0v2a2 2 0 0 0 2 2h2v-1.5ZM8 12v-1.5h2a.5.5 0 0 0 .5-.5V8H12v2a2 2 0 0 1-2 2H8Zm2-12a2 2 0 0 1 2 2v2h-1.5V2a.5.5 0 0 0-.5-.5H8V0h2Z\" \/>\n\t\t\t<\/svg>\n\t\t<\/button><figcaption class=\"wp-element-caption\"><mark>Ras\u00edvel Santos informou que houve redu\u00e7\u00e3o da taxa de mortalidade prematura por diabetes, c\u00e2ncer, doen\u00e7a respirat\u00f3rias e cardiovasculares<\/mark><\/figcaption><\/figure>\n\n\n\n<figure data-wp-context=\"{&quot;imageId&quot;:&quot;69ef770d24835&quot;}\" data-wp-interactive=\"core\/image\" data-wp-key=\"69ef770d24835\" class=\"wp-block-image size-large wp-lightbox-container\"><img loading=\"lazy\" decoding=\"async\" width=\"1024\" height=\"682\" data-wp-class--hide=\"state.isContentHidden\" data-wp-class--show=\"state.isContentVisible\" data-wp-init=\"callbacks.setButtonStyles\" data-wp-on--click=\"actions.showLightbox\" data-wp-on--load=\"callbacks.setButtonStyles\" data-wp-on-window--resize=\"callbacks.setButtonStyles\" data-id=\"598887\" src=\"https:\/\/goias.gov.br\/saude\/wp-content\/uploads\/sites\/34\/2025\/11\/0510-Apresentacao-SES-ALEGO5-1024x682.jpeg\" alt=\"\" class=\"wp-image-598887\" srcset=\"https:\/\/goias.gov.br\/saude\/wp-content\/uploads\/sites\/34\/2025\/11\/0510-Apresentacao-SES-ALEGO5-1024x682.jpeg 1024w, https:\/\/goias.gov.br\/saude\/wp-content\/uploads\/sites\/34\/2025\/11\/0510-Apresentacao-SES-ALEGO5-300x200.jpeg 300w, https:\/\/goias.gov.br\/saude\/wp-content\/uploads\/sites\/34\/2025\/11\/0510-Apresentacao-SES-ALEGO5-768x512.jpeg 768w, https:\/\/goias.gov.br\/saude\/wp-content\/uploads\/sites\/34\/2025\/11\/0510-Apresentacao-SES-ALEGO5.jpeg 1280w\" sizes=\"(max-width: 1024px) 100vw, 1024px\" \/><button\n\t\t\tclass=\"lightbox-trigger\"\n\t\t\ttype=\"button\"\n\t\t\taria-haspopup=\"dialog\"\n\t\t\taria-label=\"Ampliar\"\n\t\t\tdata-wp-init=\"callbacks.initTriggerButton\"\n\t\t\tdata-wp-on--click=\"actions.showLightbox\"\n\t\t\tdata-wp-style--right=\"state.imageButtonRight\"\n\t\t\tdata-wp-style--top=\"state.imageButtonTop\"\n\t\t>\n\t\t\t<svg xmlns=\"http:\/\/www.w3.org\/2000\/svg\" width=\"12\" height=\"12\" fill=\"none\" viewBox=\"0 0 12 12\">\n\t\t\t\t<path fill=\"#fff\" d=\"M2 0a2 2 0 0 0-2 2v2h1.5V2a.5.5 0 0 1 .5-.5h2V0H2Zm2 10.5H2a.5.5 0 0 1-.5-.5V8H0v2a2 2 0 0 0 2 2h2v-1.5ZM8 12v-1.5h2a.5.5 0 0 0 .5-.5V8H12v2a2 2 0 0 1-2 2H8Zm2-12a2 2 0 0 1 2 2v2h-1.5V2a.5.5 0 0 0-.5-.5H8V0h2Z\" \/>\n\t\t\t<\/svg>\n\t\t<\/button><figcaption class=\"wp-element-caption\"><mark>O gestor pontuou que o Estado \u00e9 refer\u00eancia nacional em inova\u00e7\u00e3o com o Projeto de Identifica\u00e7\u00e3o Neonatal<\/mark><\/figcaption><\/figure>\n\n\n\n<figure data-wp-context=\"{&quot;imageId&quot;:&quot;69ef770d28081&quot;}\" data-wp-interactive=\"core\/image\" data-wp-key=\"69ef770d28081\" class=\"wp-block-image size-large wp-lightbox-container\"><img loading=\"lazy\" decoding=\"async\" width=\"1024\" height=\"682\" data-wp-class--hide=\"state.isContentHidden\" data-wp-class--show=\"state.isContentVisible\" data-wp-init=\"callbacks.setButtonStyles\" data-wp-on--click=\"actions.showLightbox\" data-wp-on--load=\"callbacks.setButtonStyles\" data-wp-on-window--resize=\"callbacks.setButtonStyles\" data-id=\"598885\" src=\"https:\/\/goias.gov.br\/saude\/wp-content\/uploads\/sites\/34\/2025\/11\/0510-Apresentacao-SES-ALEGO6-1024x682.jpeg\" alt=\"\" class=\"wp-image-598885\" srcset=\"https:\/\/goias.gov.br\/saude\/wp-content\/uploads\/sites\/34\/2025\/11\/0510-Apresentacao-SES-ALEGO6-1024x682.jpeg 1024w, https:\/\/goias.gov.br\/saude\/wp-content\/uploads\/sites\/34\/2025\/11\/0510-Apresentacao-SES-ALEGO6-300x200.jpeg 300w, https:\/\/goias.gov.br\/saude\/wp-content\/uploads\/sites\/34\/2025\/11\/0510-Apresentacao-SES-ALEGO6-768x512.jpeg 768w, https:\/\/goias.gov.br\/saude\/wp-content\/uploads\/sites\/34\/2025\/11\/0510-Apresentacao-SES-ALEGO6.jpeg 1280w\" sizes=\"(max-width: 1024px) 100vw, 1024px\" \/><button\n\t\t\tclass=\"lightbox-trigger\"\n\t\t\ttype=\"button\"\n\t\t\taria-haspopup=\"dialog\"\n\t\t\taria-label=\"Ampliar\"\n\t\t\tdata-wp-init=\"callbacks.initTriggerButton\"\n\t\t\tdata-wp-on--click=\"actions.showLightbox\"\n\t\t\tdata-wp-style--right=\"state.imageButtonRight\"\n\t\t\tdata-wp-style--top=\"state.imageButtonTop\"\n\t\t>\n\t\t\t<svg xmlns=\"http:\/\/www.w3.org\/2000\/svg\" width=\"12\" height=\"12\" fill=\"none\" viewBox=\"0 0 12 12\">\n\t\t\t\t<path fill=\"#fff\" d=\"M2 0a2 2 0 0 0-2 2v2h1.5V2a.5.5 0 0 1 .5-.5h2V0H2Zm2 10.5H2a.5.5 0 0 1-.5-.5V8H0v2a2 2 0 0 0 2 2h2v-1.5ZM8 12v-1.5h2a.5.5 0 0 0 .5-.5V8H12v2a2 2 0 0 1-2 2H8Zm2-12a2 2 0 0 1 2 2v2h-1.5V2a.5.5 0 0 0-.5-.5H8V0h2Z\" \/>\n\t\t\t<\/svg>\n\t\t<\/button><figcaption class=\"wp-element-caption\"><mark>O titular da SES-GO destacou o trabalho de auditoria e controle, que garante transpar\u00eancia na aplica\u00e7\u00e3o dos recursos p\u00fablicos<\/mark><\/figcaption><\/figure>\n<\/figure>\n\n\n\n<p><\/p>\n","protected":false},"excerpt":{"rendered":"<p>Fotos \u2013 Iron Braz<\/p>\n","protected":false},"author":513,"featured_media":598884,"comment_status":"closed","ping_status":"open","sticky":false,"template":"","format":"standard","meta":{"footnotes":""},"categories":[98],"tags":[169],"class_list":["post-598780","post","type-post","status-publish","format-standard","has-post-thumbnail","hentry","category-galeria-de-fotos","tag-galeria-de-fotos"],"rttpg_featured_image_url":{"full":["https:\/\/goias.gov.br\/saude\/wp-content\/uploads\/sites\/34\/2025\/11\/0510-Apresentacao-SES-ALEGO2.jpeg",1280,853,false],"landscape":["https:\/\/goias.gov.br\/saude\/wp-content\/uploads\/sites\/34\/2025\/11\/0510-Apresentacao-SES-ALEGO2.jpeg",1280,853,false],"portraits":["https:\/\/goias.gov.br\/saude\/wp-content\/uploads\/sites\/34\/2025\/11\/0510-Apresentacao-SES-ALEGO2.jpeg",1280,853,false],"thumbnail":["https:\/\/goias.gov.br\/saude\/wp-content\/uploads\/sites\/34\/2025\/11\/0510-Apresentacao-SES-ALEGO2-150x150.jpeg",150,150,true],"medium":["https:\/\/goias.gov.br\/saude\/wp-content\/uploads\/sites\/34\/2025\/11\/0510-Apresentacao-SES-ALEGO2-300x200.jpeg",300,200,true],"large":["https:\/\/goias.gov.br\/saude\/wp-content\/uploads\/sites\/34\/2025\/11\/0510-Apresentacao-SES-ALEGO2-1024x682.jpeg",1024,682,true],"1536x1536":["https:\/\/goias.gov.br\/saude\/wp-content\/uploads\/sites\/34\/2025\/11\/0510-Apresentacao-SES-ALEGO2.jpeg",1280,853,false],"2048x2048":["https:\/\/goias.gov.br\/saude\/wp-content\/uploads\/sites\/34\/2025\/11\/0510-Apresentacao-SES-ALEGO2.jpeg",1280,853,false]},"rttpg_author":{"display_name":"eudinelima","author_link":"https:\/\/goias.gov.br\/saude\/author\/eudinelima\/"},"rttpg_comment":0,"rttpg_category":"<a href=\"https:\/\/goias.gov.br\/saude\/categoria\/galeria-de-fotos\/\" rel=\"category tag\">galeria de fotos<\/a>","rttpg_excerpt":"Fotos \u2013 Iron Braz","_links":{"self":[{"href":"https:\/\/goias.gov.br\/saude\/wp-json\/wp\/v2\/posts\/598780","targetHints":{"allow":["GET"]}}],"collection":[{"href":"https:\/\/goias.gov.br\/saude\/wp-json\/wp\/v2\/posts"}],"about":[{"href":"https:\/\/goias.gov.br\/saude\/wp-json\/wp\/v2\/types\/post"}],"author":[{"embeddable":true,"href":"https:\/\/goias.gov.br\/saude\/wp-json\/wp\/v2\/users\/513"}],"replies":[{"embeddable":true,"href":"https:\/\/goias.gov.br\/saude\/wp-json\/wp\/v2\/comments?post=598780"}],"version-history":[{"count":1,"href":"https:\/\/goias.gov.br\/saude\/wp-json\/wp\/v2\/posts\/598780\/revisions"}],"predecessor-version":[{"id":598982,"href":"https:\/\/goias.gov.br\/saude\/wp-json\/wp\/v2\/posts\/598780\/revisions\/598982"}],"wp:featuredmedia":[{"embeddable":true,"href":"https:\/\/goias.gov.br\/saude\/wp-json\/wp\/v2\/media\/598884"}],"wp:attachment":[{"href":"https:\/\/goias.gov.br\/saude\/wp-json\/wp\/v2\/media?parent=598780"}],"wp:term":[{"taxonomy":"category","embeddable":true,"href":"https:\/\/goias.gov.br\/saude\/wp-json\/wp\/v2\/categories?post=598780"},{"taxonomy":"post_tag","embeddable":true,"href":"https:\/\/goias.gov.br\/saude\/wp-json\/wp\/v2\/tags?post=598780"}],"curies":[{"name":"wp","href":"https:\/\/api.w.org\/{rel}","templated":true}]}}