

{"id":5604,"date":"2016-12-03T13:43:55","date_gmt":"2016-12-03T15:43:55","guid":{"rendered":"https:\/\/siteshom.goias.gov.br\/saude\/mais-saude-para-goias\/"},"modified":"2024-01-17T11:15:09","modified_gmt":"2024-01-17T14:15:09","slug":"mais-saude-para-goias","status":"publish","type":"post","link":"https:\/\/goias.gov.br\/saude\/mais-saude-para-goias\/","title":{"rendered":"Mais Sa\u00fade para Goi\u00e1s"},"content":{"rendered":"<p>[last_news categoria_select=&#8221;mais-saude&#8221;][last_gallery categoria_select-galeria=&#8221;mais-saude&#8221; categoria_select=&#8221;mais-saude&#8221;][last_video categoria_select=&#8221;mais-saude&#8221;][card_default]<img decoding=\"async\" class=\"alignleft size-full wp-image-17409 size-full wp-image-5571\" src=\"https:\/\/goias.gov.br\/saude\/wp-content\/uploads\/sites\/34\/2016\/12\/gmci-72b.png\" alt=\"\" width=\"313\" height=\"114\" \/>[\/card_default]O Mais Sa\u00fade para Goi\u00e1s \u00e9 um programa da Secretaria de Estado da Sa\u00fade (SES-GO) que integra o Goi\u00e1s Mais Competitivo, programa lan\u00e7ado pelo governo estadual em novembro de 2015 que prev\u00ea a\u00e7\u00f5es em diversas \u00e1reas com o objetivo de melhorar a qualidade de vida, a efici\u00eancia da gest\u00e3o p\u00fablica e a competitividade econ\u00f4mica do Estado.<\/p>\n<p>O programa da SES-GO, coordenado pela Superintend\u00eancia de Pol\u00edticas de Aten\u00e7\u00e3o Integral \u00e0 Sa\u00fade (SPAIS), tem como objetivo reestruturar a Aten\u00e7\u00e3o Prim\u00e1ria \u00e0 Sa\u00fade (APS) em Goi\u00e1s e ampliar o porcentual da popula\u00e7\u00e3o atendida por Equipes de Sa\u00fade da Fam\u00edlia de 69,16% registrados em 2014 para 84% em 2018.<\/p>\n<p>A ideia \u00e9 estreitar as rela\u00e7\u00f5es com os 246 munic\u00edpios goianos, colaborando para a melhoria das capacidades de assist\u00eancia e gest\u00e3o, de forma a garantir \u00e0 popula\u00e7\u00e3o atendimento humanizado, com mais qualidade, equidade e resolutividade. As prioridades s\u00e3o o fortalecimento, monitoramento e a avalia\u00e7\u00e3o da Aten\u00e7\u00e3o Prim\u00e1ria, com vistas \u00e0 implanta\u00e7\u00e3o de Redes de Aten\u00e7\u00e3o \u00e0 Sa\u00fade (RAS) e o fortalecimento do SUS.<\/p>\n<p>O Mais Sa\u00fade para Goi\u00e1s est\u00e1 estruturado em sete subprojetos:<\/p>\n<ol class=\"list-order-default\" type=\"1\">\n<li>Aumento do n\u00famero de Equipes de Sa\u00fade da Fam\u00edlia.<\/li>\n<li>Repasse de recursos a munic\u00edpios para a aquisi\u00e7\u00e3o Cess\u00e3o de eletrocardi\u00f3grafos, aparelhos de ultrassom e Raio-X.<\/li>\n<li>Planifica\u00e7\u00e3o da Aten\u00e7\u00e3o Prim\u00e1ria em Sa\u00fade, com a realiza\u00e7\u00e3o de oficinas e a qualifica\u00e7\u00e3o de todos os 16 mil profissionais (m\u00e9dicos, enfermeiros, odont\u00f3logos, assistentes sociais, agentes comunit\u00e1rios de sa\u00fade e outros) que atuam na Aten\u00e7\u00e3o Prim\u00e1ria nos munic\u00edpios goianos \u2013 um processo de educa\u00e7\u00e3o continuada at\u00e9 2018, que conta com a parceria do Conselho Nacional dos Secret\u00e1rios de Sa\u00fade (Conass).<\/li>\n<li>Repasse de recursos a munic\u00edpios para aquisi\u00e7\u00e3o Cess\u00e3o de equipamentos para laborat\u00f3rios de an\u00e1lises cl\u00ednicas.<\/li>\n<li>Cess\u00e3o de equipamentos para qualifica\u00e7\u00e3o das visitas domiciliares realizadas pelas Equipes de Sa\u00fade da Fam\u00edlia, incluindo kits para mensura\u00e7\u00e3o de press\u00e3o arterial e glicemia.<\/li>\n<li>Lan\u00e7amento do Institui\u00e7\u00e3o Pr\u00eamio Goiano de Gest\u00e3o da Aten\u00e7\u00e3o Prim\u00e1ria \u00e0 Sa\u00fade.<\/li>\n<li>Qualifica\u00e7\u00e3o dos Agentes Comunit\u00e1rios de Sa\u00fade (ACS) e dos Agentes de Combate a Endemias (ACE).<\/li>\n<\/ol>\n<p>Atrav\u00e9s dessas a\u00e7\u00f5es, a SES-GO espera ampliar o acesso \u00e0 sa\u00fade; reduzir o tempo de espera para consultas; aumentar a capacidade de resolu\u00e7\u00e3o de problemas de sa\u00fade; diminuir os encaminhamentos desnecess\u00e1rios; aprimorar os servi\u00e7os prestados; melhorar a qualidade de vida da popula\u00e7\u00e3o, bem como os indicadores de sa\u00fade do Estado.[acordiao title_acordeao=&#8221;Projetos&#8221;][acordiao_item title_section_acordiao=&#8221;Aumento do n\u00famero de Equipes de Sa\u00fade da Fam\u00edlia&#8221;]<\/p>\n<p>A Aten\u00e7\u00e3o Prim\u00e1ria tem o papel de coordenadora do Sistema de Sa\u00fade e deve ser a porta de entrada preferencial ao Sistema, assim com o objetivo de aumentar o acesso \u00e0 Aten\u00e7\u00e3o Prim\u00e1ria de Qualidade, se prop\u00f5e o aumento da Cobertura da Aten\u00e7\u00e3o Prim\u00e1ria no Estado de Goi\u00e1s, prioritariamente atrav\u00e9s da implanta\u00e7\u00e3o de 323 Equipes de Sa\u00fade da Fam\u00edlia at\u00e9 o ano de 2018.<\/p>\n<p><strong>Objetivo do Projeto<\/strong><\/p>\n<p>Aumentar o acesso \u00e0 Aten\u00e7\u00e3o Prim\u00e1ria de Qualidade, prioritariamente atrav\u00e9s da implanta\u00e7\u00e3o de Equipes da Estrat\u00e9gia Sa\u00fade da Fam\u00edlia ( ESF ).<\/p>\n<p><strong>P\u00fablico-alvo<\/strong><\/p>\n<p>Prioritariamente munic\u00edpios com cobertura menor ou igual a 60% nos \u00faltimos 2 anos<\/p>\n<p>[\/acordiao_item][acordiao_item title_section_acordiao=&#8221;Equipamentos de apoio diagn\u00f3stico aos munic\u00edpios&#8221;]O diagn\u00f3stico n\u00e3o se baseia apenas no exame clinico dos profissionais de sa\u00fade, ele deve ser consolidado atrav\u00e9s de exames, que n\u00e3o raro, o acesso pela popula\u00e7\u00e3o, \u00e9 dificultado. Para a Aten\u00e7\u00e3o Prim\u00e1ria a Sa\u00fade ser efetiva, \u00e9 necess\u00e1rio instrumentaliza-la de forma a impedir que as doen\u00e7as se agravem levando a interna\u00e7\u00f5es devido a diagn\u00f3sticos imprecisos, assim a proposi\u00e7\u00e3o de suprir a necessidade de equipamentos de apoio diagnostico, como Ultrassom, Eletrocardi\u00f3grafo e aparelhos de RX, conforme os par\u00e2metros assistenciais, para os munic\u00edpios goianos, garantindo o acesso a toda a popula\u00e7\u00e3o a exames de apoio diagn\u00f3stico. At\u00e9 2018 ser\u00e3o cedidos 30 Ultrassons, 60 Eletrocardi\u00f3grafos e 20 Raios X.<\/p>\n<p><strong>Objetivo do Projeto<\/strong><\/p>\n<p>Garantir o acesso de toda a popula\u00e7\u00e3o a exames de apoio diagn\u00f3stico. Para ser efetiva a aten\u00e7\u00e3o b\u00e1sica precisa ser instrumentalizada de forma a impedir que doen\u00e7as se agravem levando \u00e0 interna\u00e7\u00e3o devido a diagn\u00f3sticos imprecisos.<\/p>\n<p><strong>P\u00fablico-alvo<\/strong><\/p>\n<p>Munic\u00edpios com necessidade de equipamentos para apoio diagn\u00f3stico na Aten\u00e7\u00e3o Prim\u00e1ria, conforme os par\u00e2metros de assistenciais e detalhamento posterior.[\/acordiao_item][acordiao_item title_section_acordiao=&#8221;Planifica\u00e7\u00e3o da Aten\u00e7\u00e3o Prim\u00e1ria \u00e0 Sa\u00fade&#8221;]<\/p>\n<p><p class=\"western\" align=\"justify\"><span style=\"font-family: 'Times New Roman', serif;\"><span style=\"font-size: medium;\">O aumento do n\u00famero de equipes e aumento de estruturas de apoio diagn\u00f3stico n\u00e3o bastam para garantir uma Aten\u00e7\u00e3o Prim\u00e1ria \u00e0 Sa\u00fade &#8211; APS de Qualidade, \u00e9 necess\u00e1rio tamb\u00e9m qualificar a gest\u00e3o e assist\u00eancia prestada. Assim se prop\u00f5e a reestrutura\u00e7\u00e3o da Planifica\u00e7\u00e3o da Aten\u00e7\u00e3o \u00e0 Sa\u00fade, desenvolvendo habilidades e compet\u00eancias dos profissionais de sa\u00fade e gestores e consequentemente propiciando uma APS de qualidade. Em Goi\u00e1s a Planifica\u00e7\u00e3o foi desenvolvida em Oficinas Modulares, onde os diversos temas pertinentes \u00e0 APS foram discutidos. Estas Oficinas foram capilarizadas aos 246 munic\u00edpios.<\/span><\/span><\/p>\n<\/p>\n<p><p class=\"western\" align=\"justify\"><strong>Objetivo do Projeto<\/strong><\/p>\n<\/p>\n<p><p class=\"western\" align=\"justify\">Reestruturar a Aten\u00e7\u00e3o Prim\u00e1ria \u00e0 Sa\u00fade, garantindo \u00e0 popula\u00e7\u00e3o acesso aos servi\u00e7os com qualidade, humanizado, equidade e resolutividade, desenvolvendo habilidades e compet\u00eancias dos profissionais de sa\u00fade e gestores garantindo uma Aten\u00e7\u00e3o Prim\u00e1ria de qualidade.<\/p>\n<\/p>\n<p><p class=\"western\" align=\"justify\"><strong>Objetivos Espec\u00edficos:<\/strong><\/p>\n<\/p>\n<p><p class=\"western\" align=\"justify\">Implantar o processo de reestrutura\u00e7\u00e3o da Aten\u00e7\u00e3o Prim\u00e1ria nos 246 munic\u00edpios; Alcan\u00e7ar 16.000 profissionais de Aten\u00e7\u00e3o Prim\u00e1ria em Sa\u00fade, nas Regionais de Sa\u00fade e munic\u00edpios, impactando na melhoria do servi\u00e7o prestado e consequentemente mais sa\u00fade da popula\u00e7\u00e3o do Estado de Goi\u00e1s; Melhorar os indicadores de Sa\u00fade do Estado de Goi\u00e1s.<\/p>\n<\/p>\n<p><p class=\"western\" align=\"justify\"><strong>P\u00fablico-alvo<\/strong><\/p>\n<\/p>\n<p><p class=\"western\" align=\"justify\">Profissionais da APS dos 246 munic\u00edpios.<\/p>\n<\/p>\n<p><p class=\"western\" align=\"justify\"><span style=\"font-family: 'Times New Roman', serif;\"><span style=\"font-size: medium;\"><b>Resultados<\/b><\/span><\/span><\/p>\n<\/p>\n<p><p class=\"western\" align=\"justify\"><span style=\"color: #000000;\"><span style=\"font-family: 'Times New Roman', serif;\"><span lang=\"pt-BR\">Realiza\u00e7\u00e3o da<\/span><\/span><\/span><span style=\"color: #000000;\"><span style=\"font-family: 'Times New Roman', serif;\"><span lang=\"pt-BR\">s<\/span><\/span><\/span> <span style=\"color: #000000;\"><span style=\"font-family: 'Times New Roman', serif;\"><span lang=\"pt-BR\">06 <\/span><\/span><\/span><span style=\"color: #000000;\"><span style=\"font-family: 'Times New Roman', serif;\"><span lang=\"pt-BR\">(seis) <\/span><\/span><\/span><span style=\"color: #000000;\"><span style=\"font-family: 'Times New Roman', serif;\"><span lang=\"pt-BR\">Oficinas tem\u00e1ticas e conceituais:<\/span><\/span><\/span><\/p>\n<\/p>\n<ol>\n<li>\n<p><p class=\"western\" align=\"justify\"><span style=\"font-family: 'Times New Roman', serif;\">Oficina \u2013 As Redes de Aten\u00e7\u00e3o \u00e0 Sa\u00fade;<\/span><\/p>\n<\/p>\n<\/li>\n<li>\n<p><p class=\"western\" align=\"justify\"><span style=\"font-family: 'Times New Roman', serif;\">Oficina \u2013 A Aten\u00e7\u00e3o Prim\u00e1ria \u00e0 Sa\u00fade no Munic\u00edpio;<\/span><\/p>\n<\/p>\n<\/li>\n<li>\n<p><p class=\"western\" align=\"justify\"><span style=\"font-family: 'Times New Roman', serif;\">Oficina \u2013 Territorializa\u00e7\u00e3o;<\/span><\/p>\n<\/p>\n<\/li>\n<li>\n<p><p class=\"western\" align=\"justify\"><span style=\"font-family: 'Times New Roman', serif;\">Oficina \u2013 Vigil\u00e2ncia em Sa\u00fade;<\/span><\/p>\n<\/p>\n<\/li>\n<li>\n<p><p class=\"western\" align=\"justify\"><span style=\"font-family: 'Times New Roman', serif;\">Oficina \u2013 A Organiza\u00e7\u00e3o da UBS e do Processo de Trabalho em Sa\u00fade;<\/span><\/p>\n<\/p>\n<\/li>\n<li>\n<p><p class=\"western\" align=\"justify\"><span style=\"font-family: 'Times New Roman', serif;\">Oficina &#8211; Sistema de Informa\u00e7\u00e3o, Monitoramento e An\u00e1lise de Situa\u00e7\u00e3o em Sa\u00fade.<\/p>\n<p><\/span><\/p>\n<\/p>\n<p><p class=\"western\" align=\"justify\">18 Regionais de Sa\u00fade envolvidas;<\/p>\n<\/p>\n<p><p class=\"western\" align=\"justify\">246 munic\u00edpios envolvidos;<\/p>\n<\/p>\n<p><p class=\"western\" align=\"justify\">Qualifica\u00e7\u00e3o de mais de 14.000 profissionais da Aten\u00e7\u00e3o Prim\u00e1ria \u00e0 Sa\u00fade.<\/p>\n<\/p>\n<\/li>\n<\/ol>\n<p>&nbsp;<\/p>\n<p><a href=\"https:\/\/goias.gov.br\/saude\/wp-content\/uploads\/sites\/34\/2016\/12\/guia-para-tutoria-da-planificacao-da-saude-d74.pdf\" target=\"_blank\" rel=\"noopener noreferrer\">Guia para Tutoria da Planifica\u00e7\u00e3o da Sa\u00fade<\/a><\/p>\n<p><a href=\"https:\/\/goias.gov.br\/saude\/wp-content\/uploads\/sites\/34\/2016\/12\/processo-de-tutoria-da-planificacao-da-atencao-a-saude-e1a.odt\">Processo de Tutoria da Planifica\u00e7\u00e3o da Aten\u00e7\u00e3o \u00e0 Sa\u00fade<\/a><\/p>\n<p>&nbsp;<\/p>\n<ul>\n<li><strong><strong>Material para Leitura<\/p>\n<p><\/strong><\/strong><\/li>\n<\/p>\n<\/ul>\n<hr \/>\n<p>&#8211;\u00a0<a href=\"https:\/\/goias.gov.br\/saude\/wp-content\/uploads\/sites\/34\/2016\/12\/a-construcao-social-da-atencao-primaria-a-saude-71f.pdf\">A Constru\u00e7\u00e3o Social da Aten\u00e7\u00e3o Prim\u00e1ria \u00e0 Sa\u00fade<\/p>\n<p><\/a>&#8211;\u00a0<a href=\"https:\/\/goias.gov.br\/saude\/wp-content\/uploads\/sites\/34\/2016\/12\/aperfeicoamento-em-gestao-da-atencao-primaria-a-saude-agap-e84.pdf\">Aperfei\u00e7oamento em Gest\u00e3o da Aten\u00e7\u00e3o Prim\u00e1ria \u00e0 Sa\u00fade &#8211; AGAP<\/p>\n<p><\/a>&#8211;\u00a0<a href=\"https:\/\/goias.gov.br\/saude\/wp-content\/uploads\/sites\/34\/2016\/12\/atencao-primaria-a-saude-328.pdf\">Aten\u00e7\u00e3o Prim\u00e1ria \u00e0 Sa\u00fade<\/p>\n<p><\/a>&#8211;\u00a0<a href=\"https:\/\/goias.gov.br\/saude\/wp-content\/uploads\/sites\/34\/2016\/12\/revista-consensus-376.pdf\">Revista Consensus<\/a><\/p>\n<p><h3>Oficinas<\/h3>\n<\/p>\n<ol>\n<li><a href=\"https:\/\/goias.gov.br\/saude\/oficina-i-as-redes-de-atencao-a-saude\/\" target=\"_blank\" rel=\"noopener noreferrer\">Oficina I &#8211; As Redes de Aten\u00e7\u00e3o \u00e0 Sa\u00fade<\/a><\/li>\n<li><a href=\"https:\/\/goias.gov.br\/saude\/oficina-ii-a-atencao-primaria-a-saude-no-estado\/\" target=\"_blank\" rel=\"noopener noreferrer\">Oficina II &#8211; A Aten\u00e7\u00e3o Prim\u00e1ria \u00e0 Sa\u00fade no Estado<\/a><\/li>\n<li><a href=\"https:\/\/goias.gov.br\/saude\/oficina-iii-territorializacao\/\" target=\"_blank\" rel=\"noopener noreferrer\">Oficina III &#8211; Territorializa\u00e7\u00e3o<\/a><\/li>\n<li><a href=\"https:\/\/goias.gov.br\/saude\/oficina-iv-vigilancia-em-saude\/\" target=\"_blank\" rel=\"noopener noreferrer\">Oficina IV &#8211; Vigil\u00e2ncia em Sa\u00fade<\/a><\/li>\n<li><a href=\"https:\/\/goias.gov.br\/saude\/oficina-v-a-organizacao-da-ubs-e-do-trabalho-em-saude\/\" target=\"_blank\" rel=\"noopener noreferrer\">Oficina V &#8211; A Organiza\u00e7\u00e3o da UBS e do Trabalho em Sa\u00fade<\/a><\/li>\n<li><a href=\"https:\/\/goias.gov.br\/saude\/oficina-vi-sistemas-de-informacaomonitoramento-e-analise-de-situacao-de-saude\/\" target=\"_blank\" rel=\"noopener noreferrer\">Oficina VI &#8211; Sistemas de Informa\u00e7\u00e3o, Monitoramento e An\u00e1lise de Situa\u00e7\u00e3o de Sa\u00fade<\/a><\/li>\n<\/ol>\n<p><h3>Encontro Estadual para Fortalecimento da Aten\u00e7\u00e3o B\u00e1sica<\/h3>\n<\/p>\n<ul>\n<li><a href=\"https:\/\/goias.gov.br\/saude\/no-dia-internacional-da-mulher-colaboradoras-do-hdt-participam-de-programacao-especial\/\" target=\"_blank\" rel=\"noopener noreferrer\">Apresenta\u00e7\u00e3o e-SUS &#8211; Encontro AB &#8211; Resumida [CGAA]<\/a><\/li>\n<li><a href=\"https:\/\/goias.gov.br\/saude\/wp-content\/uploads\/sites\/34\/2016\/12\/oficina-nasf-reflexoes-e-pontencialidades-final-219.pptx\" target=\"_blank\" rel=\"noopener noreferrer\">Oficina Nasf &#8211; Reflex\u00f5es e Potencialidades<\/a><\/li>\n<li><a href=\"\/saude\/wp-content\/uploads\/sites\/34\/images\/imagens_migradas\/2016\/12\/oficina-saudebucal_09_marco_2018_fernanda_goedert.ppt\" target=\"_blank\" rel=\"noopener noreferrer\">Oficina Sa\u00fade Bucal<\/a>,<\/li>\n<li><a href=\"https:\/\/goias.gov.br\/saude\/wp-content\/uploads\/sites\/34\/2016\/12\/oficina_-integracao-ab-e-vigilancia-em-saude-70c.ppt\" target=\"_blank\" rel=\"noopener noreferrer\">Oficina Integra\u00e7\u00e3o AB e Vigil\u00e2ncia em Sa\u00fade<\/a><\/li>\n<li><a href=\"https:\/\/goias.gov.br\/saude\/wp-content\/uploads\/sites\/34\/2016\/12\/apresentacao-requalifica-ubs-5de.pdf\" target=\"_blank\" rel=\"noopener noreferrer\">Apresenta\u00e7\u00e3o requalifica UBS<\/a><\/li>\n<li><a href=\"https:\/\/goias.gov.br\/saude\/wp-content\/uploads\/sites\/34\/2016\/12\/apresentacao-encontro-estadual-goias-2018_final2-d3c.pdf\">Encontro Estadual de Aten\u00e7\u00e3o B\u00e1sica -2018<\/a><\/li>\n<\/ul>\n<p>[\/acordiao_item][acordiao_item title_section_acordiao=&#8221;Laborat\u00f3rios p\u00fablicos municipais de an\u00e1lises cl\u00ednicas&#8221;]Para o diagn\u00f3stico preciso, tamb\u00e9m \u00e9 necess\u00e1rio investir no acesso a exames de analise cl\u00ednica para Aten\u00e7\u00e3o Prim\u00e1ria. Este Projeto prop\u00f5e fortalecer a APS dos munic\u00edpios com a cess\u00e3o de equipamentos de laborat\u00f3rio, para os munic\u00edpios que dele necessitem, garantindo assim meios para o correto atendimento ao cidad\u00e3o e consequentemente melhoria da sa\u00fade da popula\u00e7\u00e3o. A proposta \u00e9 de 123 laborat\u00f3rios equipados at\u00e9 2018.<\/p>\n<p><strong>Objetivo do Projeto<\/strong><\/p>\n<p>Fortalecer a aten\u00e7\u00e3o prim\u00e1ria em sa\u00fade dos munic\u00edpios goianos laborat\u00f3rios de apoio diagn\u00f3stico de forma a garantir meios para o correto atendimento do cidad\u00e3o e consequentemente redu\u00e7\u00e3o do ICSAB.<\/p>\n<p><strong>P\u00fablico-alvo<\/strong><\/p>\n<p>Munic\u00edpios com laborat\u00f3rios p\u00fablicos municipais que necessitem de equipamentos.[\/acordiao_item][acordiao_item title_section_acordiao=&#8221;Equipamentos para Equipes de Sa\u00fade da Fam\u00edlia na visita domiciliar&#8221;]<\/p>\n<p>O trabalho das Equipes de Sa\u00fade da Fam\u00edlia se desenvolve principalmente na aproxima\u00e7\u00e3o do setor sa\u00fade \u00e0 popula\u00e7\u00e3o \u00e0 elas adscritas. Para tal, \u00e9 necess\u00e1rio que as equipes tenham a seu dispor, o m\u00ednimo de equipamentos necess\u00e1rios para o seu acompanhamento. \u00c9 consenso que as doen\u00e7as mais prevalentes na popula\u00e7\u00e3o s\u00e3o aquelas relacionadas \u00e0 Hipertens\u00e3o Arterial e ao Diabetes Mellitus. Assim esse projeto prev\u00ea a se\u00e7\u00e3o de Kits para mensura\u00e7\u00e3o da press\u00e3o arterial e glicemia para as ESF. At\u00e9 2018 ser\u00e3o cedidos 1651 Kits.<\/p>\n<p><strong>Objetivo do Projeto<\/strong><\/p>\n<p>Reduzir o ICSAB com a qualifica\u00e7\u00e3o das visitas domiciliares.<\/p>\n<p><strong>P\u00fablico-alvo<\/strong><\/p>\n<p>Todas as Equipes de Sa\u00fade da Fam\u00edlia.<\/p>\n<p>[\/acordiao_item][acordiao_item title_section_acordiao=&#8221;Pr\u00eamio Goiano de Boas Pr\u00e1ticas em Sa\u00fade da Fam\u00edlia&#8221;]O\u00a0Pr\u00eamio Goiano de Boas Pr\u00e1ticas em Sa\u00fade da Fam\u00edlia \u00e9 uma iniciativa da Governo do Estado de Goi\u00e1s e ser\u00e1 realizado pela Secretaria de Estado da Sa\u00fade de Goi\u00e1s com o apoio da Secretaria de Planejamento, Instituto Mauro Borges (IMB) e Instituto de Patologia Tropical e Sa\u00fade P\u00fablica (IPTSP\/UFG).<\/p>\n<p>O Pr\u00eamio tem o objetivo de reconhecer as experi\u00eancias exitosas (boas pr\u00e1ticas) dos munic\u00edpios Goianos, que contribuir\u00e3o para o aprimoramento da gest\u00e3o municipal com foco na Aten\u00e7\u00e3o Prim\u00e1ria \u00e0 Sa\u00fade \u2013 APS, al\u00e9m de propiciar a produ\u00e7\u00e3o e dissemina\u00e7\u00e3o do conhecimento da APS.<\/p>\n<p><strong>Realiza\u00e7\u00e3o<\/strong><\/p>\n<p>Promovido pela Secretaria de Estado da Sa\u00fade de Goi\u00e1s com o apoio da Secretaria de Planejamento, Instituto Mauro Borges (IMB) e Instituto de Patologia Tropical e Sa\u00fade P\u00fablica (IPTSP\/UFG).<\/p>\n<p>&nbsp;<\/p>\n<p><strong>Edital<\/strong><\/p>\n<ul>\n<li><a href=\"https:\/\/goias.gov.br\/saude\/wp-content\/uploads\/sites\/34\/2016\/12\/portaria-no-1055-2016-gab-ses-d0d.pdf\" target=\"_blank\" rel=\"noopener noreferrer\">Portaria n\u00ba 1055\/2016 &#8211; GAB\/SES<\/a><\/li>\n<li><a href=\"https:\/\/goias.gov.br\/saude\/wp-content\/uploads\/sites\/34\/2016\/12\/edital-do-premio-publicado-no-d.o.e-1db.doc\" target=\"_blank\" rel=\"noopener noreferrer\">Edital do Pr\u00eamio &#8211; Publicado no D.O.E<\/a><\/li>\n<li><a href=\"https:\/\/goias.gov.br\/saude\/wp-content\/uploads\/sites\/34\/2016\/12\/anexo-i-termo-de-autorizacao-de-uso-e-cessao-de-direitos-autorais-a53.odt\" target=\"_blank\" rel=\"noopener noreferrer\">Anexo I &#8211; Termo de autoriza\u00e7\u00e3o de uso e cess\u00e3o de direitos autorais<\/a><\/li>\n<li><a href=\"https:\/\/goias.gov.br\/saude\/wp-content\/uploads\/sites\/34\/2016\/12\/anexo-ii-modelo-do-resumo-do-trabalho-c07.odt\" target=\"_blank\" rel=\"noopener noreferrer\">Anexo II &#8211; Modelo do resumo do trabalho<\/a><\/li>\n<li><a href=\"https:\/\/goias.gov.br\/saude\/wp-content\/uploads\/sites\/34\/2016\/12\/anexo-iii-criterios-de-pontuacao-por-categoria-0cc.odt\" target=\"_blank\" rel=\"noopener noreferrer\">Anexo III &#8211; Crit\u00e9rios de pontua\u00e7\u00e3o por categoria<\/a><\/li>\n<li><a href=\"https:\/\/goias.gov.br\/saude\/wp-content\/uploads\/sites\/34\/2016\/12\/retificacao-do-no-22.508-de-13-02-2017-pag.-29-394.pdf\" target=\"_blank\" rel=\"noopener noreferrer\">Retifica\u00e7\u00e3o: DO n\u00ba 22.508, de 13.02.2017, p\u00e1g. 29<\/a><\/li>\n<li><a href=\"https:\/\/goias.gov.br\/saude\/wp-content\/uploads\/sites\/34\/2016\/12\/retificacao-no-diario-oficial-73e.pdf\" target=\"_blank\" rel=\"noopener noreferrer\">Retifica\u00e7\u00e3o no Di\u00e1rio Oficial<\/a><\/li>\n<li><a href=\"https:\/\/goias.gov.br\/saude\/wp-content\/uploads\/sites\/34\/2016\/12\/prorrogacao-do-edital-do-premio-150.doc\" target=\"_blank\" rel=\"noopener noreferrer\">Prorroga\u00e7\u00e3o do Edital do Pr\u00eamio<\/a><\/li>\n<li><a href=\"https:\/\/goias.gov.br\/saude\/wp-content\/uploads\/sites\/34\/2016\/12\/prorrogacao-do-edital-do-premio-diario-oficial-a58.pdf\" target=\"_blank\" rel=\"noopener noreferrer\">Prorroga\u00e7\u00e3o do Edital do Pr\u00eamio &#8211; Di\u00e1rio Oficial<\/a><\/li>\n<li><a href=\"https:\/\/goias.gov.br\/saude\/wp-content\/uploads\/sites\/34\/2016\/12\/lista-faa.pdf\" target=\"_blank\" rel=\"noopener noreferrer\">Lista dos trabalhos aprovados pela Comiss\u00e3o T\u00e9cnica (1\u00aa Etapa), no Pr\u00eamio Goiano de Boas Pr\u00e1ticas em Sa\u00fade da Fam\u00edlia<\/a><\/li>\n<li><a href=\"https:\/\/goias.gov.br\/saude\/wp-content\/uploads\/sites\/34\/2016\/12\/diario-oficial-be9.pdf\" target=\"_blank\" rel=\"noopener noreferrer\">Resultado dos trabalhos selecionados na 1\u00aa Etapa do Pr\u00eamio Goiano de Boas Pr\u00e1ticas em Sa\u00fade da Fam\u00edlia &#8211; Vers\u00e3o Di\u00e1rio Oficial<\/a><\/li>\n<li><a href=\"https:\/\/goias.gov.br\/saude\/wp-content\/uploads\/sites\/34\/2016\/12\/publicacao-do-16-out-2017-2a-etapa-premio-100.pdf\" target=\"_blank\" rel=\"noopener noreferrer\">Resultado dos trabalhos selecionados na 2\u00aa Etapa do Pr\u00eamio Goiano de Boas Pr\u00e1ticas em Sa\u00fade da Fam\u00edlia &#8211; Vers\u00e3o Di\u00e1rio Oficial<\/a><\/li>\n<li><a href=\"https:\/\/goias.gov.br\/saude\/wp-content\/uploads\/sites\/34\/2016\/12\/edital-834.pdf\">Edital de Resultado dos Trabalho selecionados na 3\u00ba Etapa da Sele\u00e7\u00e3o de Boas Pr\u00e1ticas em Sa\u00fade da Fam\u00edlia (Classifica\u00e7\u00e3o Final)<\/a><\/li>\n<li><a href=\"https:\/\/goias.gov.br\/saude\/wp-content\/uploads\/sites\/34\/2016\/12\/edital-publicado-classificacao-final-d.o.-12-12-17-a2d.pdf\" target=\"_blank\" rel=\"noopener noreferrer\">Edital de Resultado dos Trabalho selecionados na 3\u00ba Etapa da Sele\u00e7\u00e3o de Boas Pr\u00e1ticas em Sa\u00fade da Fam\u00edlia &#8211; Vers\u00e3o Di\u00e1rio Oficial<\/a><\/li>\n<\/ul>\n<p><img fetchpriority=\"high\" decoding=\"async\" class=\"alignnone size-full wp-image-13227 size-full wp-image-5596\" src=\"https:\/\/goias.gov.br\/saude\/wp-content\/uploads\/sites\/34\/2016\/12\/banner-09-1-68a.png\" alt=\"\" width=\"533\" height=\"755\" \/>[\/acordiao_item][acordiao_item title_section_acordiao=&#8221;Qualifica\u00e7\u00e3o dos Agentes Comunit\u00e1rios de Sa\u00fade e Agentes de Combates a Endemias&#8221;]O Governo de Goi\u00e1s pretende tornar o Estado mais competitivo em sa\u00fade. Um dos pilares desse projeto \u00e9 a qualifica\u00e7\u00e3o profissional dos servidores atuantes na Aten\u00e7\u00e3o Prim\u00e1ria \u00e0 Sa\u00fade. Por meio de um conv\u00eanio com a Universidade de Bras\u00edlia (UnB), a Secretaria de Estado da Sa\u00fade de Goi\u00e1s (SES-GO) lan\u00e7ou, em dezembro, o \u201cCurso de Capacita\u00e7\u00e3o do Processo de Trabalho de Agentes Comunit\u00e1rios de Sa\u00fade (ACS) e de Agentes de Combate \u00e0s Endemias (ACE)\u201d.<\/p>\n<p>O curso destina-se aos 8.249 ACS e aos 2.807 ACE que atuam na aten\u00e7\u00e3o prim\u00e1ria \u00e0 sa\u00fade dos munic\u00edpios do Estado de Goi\u00e1s. A primeira turma iniciou as aulas, em dezembro de 2016. O curso prosseguir\u00e1 at\u00e9 2018.<\/p>\n<p>A Rede Conecta SUS ser\u00e1 o principal instrumento dessa atividade de extens\u00e3o, pois tem estrutura tecnol\u00f3gica compat\u00edvel para o desenvolvimento do projeto.<\/p>\n<p>As aulas ser\u00e3o \u00e0 dist\u00e2ncia, por meio de uma plataforma desenvolvida pela UnB. Durante os tr\u00eas meses de curso, o aluno ter\u00e1 acesso ao sistema que permite a realiza\u00e7\u00e3o das atividades, por meio de e-mail pessoal.<\/p>\n<p>Depois de 220 horas-aula, os participantes ser\u00e3o capazes de atuarem junto \u00e0s equipes multiprofissionais (m\u00e9dicos, enfermeiros, assistentes sociais, etc), no desenvolvimento das a\u00e7\u00f5es de cuidado e promo\u00e7\u00e3o \u00e0 sa\u00fade de indiv\u00edduos e grupos sociais, em domic\u00edlios e coletividade.<\/p>\n<p><strong>Objetivo do Projeto<\/strong><\/p>\n<p>Produ\u00e7\u00e3o e dissemina\u00e7\u00e3o do conhecimento na Aten\u00e7\u00e3o Prim\u00e1ria a Sa\u00fade para os ACS e ACE<\/p>\n<p><strong>P\u00fablico-alvo<\/strong><\/p>\n<p>Agentes Comunit\u00e1rios de Sa\u00fade e Agentes de Combate a Endemias.<\/p>\n<ul>\n<li><strong>Apresenta\u00e7\u00f5es<\/p>\n<p><\/strong><\/li>\n<\/p>\n<\/ul>\n<hr \/>\n<p>&#8211;\u00a0<a href=\"https:\/\/goias.gov.br\/saude\/wp-content\/uploads\/sites\/34\/2016\/12\/curso-de-capacitacao-do-processo-de-trabalho-de-acs-e-ace-evanilde-fernandes-costa-gomides-bc3.pdf\">Curso de Capacita\u00e7\u00e3o do Processo de Trabalho de ACS e ACE &#8211; Evanilde Fernandes Costa Gomides<\/a><\/p>\n<p>&#8211;\u00a0<a href=\"https:\/\/goias.gov.br\/saude\/wp-content\/uploads\/sites\/34\/2016\/12\/curso-de-capacitacao-do-processo-de-trabalho-de-acs-e-ace-fernando-cupertino-de-barros-61a.pdf\">Curso de Capacita\u00e7\u00e3o do Processo de Trabalho de ACS e ACE &#8211; Fernando Cupertino de Barros<\/a><\/p>\n<p>&#8211;\u00a0<a href=\"https:\/\/goias.gov.br\/saude\/wp-content\/uploads\/sites\/34\/2016\/12\/curso-de-capacitacao-do-processo-de-trabalho-de-acs-e-ace-joao-paulo-da-silva-2e7.pdf\">Curso de Capacita\u00e7\u00e3o do Processo de Trabalho de ACS e ACE &#8211; Jo\u00e3o Paulo da Silva<\/a><\/p>\n<ul>\n<li><strong>Conte\u00fado do Curso<\/p>\n<p><\/strong><\/li>\n<\/p>\n<\/ul>\n<p>&nbsp;<\/p>\n<hr \/>\n<p>&#8211;\u00a0<a href=\"https:\/\/goias.gov.br\/saude\/wp-content\/uploads\/sites\/34\/2016\/12\/conteudo-0dc.pdf\" target=\"_blank\" rel=\"noopener noreferrer\">Conte\u00fado<\/a><\/p>\n<p>[\/acordiao_item][\/acordiao][titulo title=&#8221; Apresenta\u00e7\u00f5es do Semin\u00e1rio de Experi\u00eancias Exitosas da Planifica\u00e7\u00e3o da Aten\u00e7\u00e3o \u00e0 Sa\u00fade\/ Processo de Tutoria&#8221;][default_list]<\/p>\n<ul>\n<li><a href=\"https:\/\/goias.gov.br\/saude\/a-secretaria\/\" target=\"_blank\" rel=\"noopener noreferrer\">Planifica\u00e7\u00e3o Aten\u00e7\u00e3o B\u00e1sica Processo Tutoria &#8211; Apresenta\u00e7\u00e3o Dr. Leonardo Vilela<\/a><\/li>\n<li><a href=\"https:\/\/goias.gov.br\/saude\/wp-content\/uploads\/sites\/34\/2016\/12\/2-apresentacao-eugenio-vilaca_aps-no-sus-goias-777.ppt\">Aps no SUS Goi\u00e1s &#8211; Apresenta\u00e7\u00e3o Eug\u00eanio Vila\u00e7a<\/a><\/li>\n<li><a href=\"https:\/\/goias.gov.br\/saude\/wp-content\/uploads\/sites\/34\/2016\/12\/4-apresentacao-campo-alegre_processo-tutoria-f08.pptx\">Processo Tutoria &#8211; Apresenta\u00e7\u00e3o Campo Alegre<\/a><\/li>\n<li><a href=\"https:\/\/goias.gov.br\/saude\/wp-content\/uploads\/sites\/34\/2016\/12\/5-apresentacao-minacu_processo-tutoria-738.pptx\">Processo Tutoria &#8211; Apresenta\u00e7\u00e3o Mina\u00e7u<\/a><\/li>\n<\/ul>\n<p>[\/default_list]<\/p>\n","protected":false},"excerpt":{"rendered":"<p>[last_news categoria_select=&#8221;mais-saude&#8221;][last_gallery categoria_select-galeria=&#8221;mais-saude&#8221; categoria_select=&#8221;mais-saude&#8221;][last_video categoria_select=&#8221;mais-saude&#8221;][card_default][\/card_default]O Mais Sa\u00fade para Goi\u00e1s \u00e9 um programa da Secretaria de Estado da Sa\u00fade (SES-GO) que integra o Goi\u00e1s Mais Competitivo, programa lan\u00e7ado pelo governo estadual em novembro de 2015 que prev\u00ea a\u00e7\u00f5es em diversas \u00e1reas com o objetivo de melhorar a qualidade de vida, a efici\u00eancia da gest\u00e3o p\u00fablica e [&hellip;]<\/p>\n","protected":false},"author":46,"featured_media":5571,"comment_status":"closed","ping_status":"open","sticky":false,"template":"","format":"standard","meta":{"footnotes":""},"categories":[8],"tags":[],"class_list":["post-5604","post","type-post","status-publish","format-standard","has-post-thumbnail","hentry","category-acoes_programas"],"rttpg_featured_image_url":{"full":["https:\/\/goias.gov.br\/saude\/wp-content\/uploads\/sites\/34\/2016\/12\/gmci-72b.png",313,114,false],"landscape":["https:\/\/goias.gov.br\/saude\/wp-content\/uploads\/sites\/34\/2016\/12\/gmci-72b.png",313,114,false],"portraits":["https:\/\/goias.gov.br\/saude\/wp-content\/uploads\/sites\/34\/2016\/12\/gmci-72b.png",313,114,false],"thumbnail":["https:\/\/goias.gov.br\/saude\/wp-content\/uploads\/sites\/34\/2016\/12\/gmci-72b-150x114.png",150,114,true],"medium":["https:\/\/goias.gov.br\/saude\/wp-content\/uploads\/sites\/34\/2016\/12\/gmci-72b-300x109.png",300,109,true],"large":["https:\/\/goias.gov.br\/saude\/wp-content\/uploads\/sites\/34\/2016\/12\/gmci-72b.png",313,114,false],"1536x1536":["https:\/\/goias.gov.br\/saude\/wp-content\/uploads\/sites\/34\/2016\/12\/gmci-72b.png",313,114,false],"2048x2048":["https:\/\/goias.gov.br\/saude\/wp-content\/uploads\/sites\/34\/2016\/12\/gmci-72b.png",313,114,false]},"rttpg_author":{"display_name":"cleybetsls","author_link":"https:\/\/goias.gov.br\/saude\/author\/cleybetsls\/"},"rttpg_comment":0,"rttpg_category":"<a href=\"https:\/\/goias.gov.br\/saude\/categoria\/acoes_programas\/\" rel=\"category tag\">A\u00e7\u00f5es e Programas<\/a>","rttpg_excerpt":"[last_news categoria_select=&#8221;mais-saude&#8221;][last_gallery categoria_select-galeria=&#8221;mais-saude&#8221; categoria_select=&#8221;mais-saude&#8221;][last_video categoria_select=&#8221;mais-saude&#8221;][card_default][\/card_default]O Mais Sa\u00fade para Goi\u00e1s \u00e9 um programa da Secretaria de Estado da Sa\u00fade (SES-GO) que integra o Goi\u00e1s Mais Competitivo, programa lan\u00e7ado pelo governo estadual em novembro de 2015 que prev\u00ea a\u00e7\u00f5es em diversas \u00e1reas com o objetivo de melhorar a qualidade de vida, a efici\u00eancia da gest\u00e3o p\u00fablica e&hellip;","_links":{"self":[{"href":"https:\/\/goias.gov.br\/saude\/wp-json\/wp\/v2\/posts\/5604","targetHints":{"allow":["GET"]}}],"collection":[{"href":"https:\/\/goias.gov.br\/saude\/wp-json\/wp\/v2\/posts"}],"about":[{"href":"https:\/\/goias.gov.br\/saude\/wp-json\/wp\/v2\/types\/post"}],"author":[{"embeddable":true,"href":"https:\/\/goias.gov.br\/saude\/wp-json\/wp\/v2\/users\/46"}],"replies":[{"embeddable":true,"href":"https:\/\/goias.gov.br\/saude\/wp-json\/wp\/v2\/comments?post=5604"}],"version-history":[{"count":1,"href":"https:\/\/goias.gov.br\/saude\/wp-json\/wp\/v2\/posts\/5604\/revisions"}],"predecessor-version":[{"id":37181,"href":"https:\/\/goias.gov.br\/saude\/wp-json\/wp\/v2\/posts\/5604\/revisions\/37181"}],"wp:featuredmedia":[{"embeddable":true,"href":"https:\/\/goias.gov.br\/saude\/wp-json\/wp\/v2\/media\/5571"}],"wp:attachment":[{"href":"https:\/\/goias.gov.br\/saude\/wp-json\/wp\/v2\/media?parent=5604"}],"wp:term":[{"taxonomy":"category","embeddable":true,"href":"https:\/\/goias.gov.br\/saude\/wp-json\/wp\/v2\/categories?post=5604"},{"taxonomy":"post_tag","embeddable":true,"href":"https:\/\/goias.gov.br\/saude\/wp-json\/wp\/v2\/tags?post=5604"}],"curies":[{"name":"wp","href":"https:\/\/api.w.org\/{rel}","templated":true}]}}