

{"id":5478,"date":"2014-01-29T09:23:49","date_gmt":"2014-01-29T11:23:49","guid":{"rendered":"https:\/\/siteshom.goias.gov.br\/saude\/instrumento-de-chamamento-publico-no-0032013\/"},"modified":"2014-01-29T09:23:49","modified_gmt":"2014-01-29T11:23:49","slug":"instrumento-de-chamamento-publico-no-0032013","status":"publish","type":"post","link":"https:\/\/goias.gov.br\/saude\/instrumento-de-chamamento-publico-no-0032013\/","title":{"rendered":"INSTRUMENTO DE CHAMAMENTO P\u00daBLICO N\u00ba 003\/2013"},"content":{"rendered":"<p>O ESTADO DE GOI\u00c1S, pela Secretaria de Estado da Sa\u00fade &#8211; SES, torna p\u00fablico, para conhecimento dos interessados, que, ap\u00f3s an\u00e1lise pela Comiss\u00e3o Interna dos Contratos de Gest\u00e3o em Servi\u00e7os de Sa\u00fade, a Proposta de Trabalho apresentada pelo INSTITUTO DE GEST\u00c3O EM SA\u00daDE \u2013 GERIR foi CLASSIFICADA, tendo alcan\u00e7ado 64,5 PONTOS.<br \/>\n<!--more--><\/p>\n<p>O ESTADO DE GOI\u00c1S, pela Secretaria de Estado da Sa\u00fade &#8211; SES, torna p\u00fablico, para conhecimento dos interessados, que, ap\u00f3s an\u00e1lise pela Comiss\u00e3o Interna dos Contratos de Gest\u00e3o em Servi\u00e7os de Sa\u00fade, a Proposta de Trabalho apresentada pelo INSTITUTO DE GEST\u00c3O EM SA\u00daDE \u2013 GERIR foi CLASSIFICADA, tendo alcan\u00e7ado 64,5 PONTOS.<\/p>\n<p>Para prosseguimento dos trabalhos relativos ao Chamamento P\u00fablico n\u00ba 003\/2013, que objetiva a sele\u00e7\u00e3o de organiza\u00e7\u00e3o social para celebra\u00e7\u00e3o de contrato de gest\u00e3o objetivando o gerenciamento, a operacionaliza\u00e7\u00e3o e a execu\u00e7\u00e3o das a\u00e7\u00f5es e servi\u00e7os de sa\u00fade no Hospital de Urg\u00eancias de Trindade Walda Ferreira dos Santos \u2013 HUTRIN, convoca-se os interessados para sess\u00e3o p\u00fablica de abertura dos \u201cEnvelope 03 \u2013 Proposta Financeira\u201d \u00e0s 09h do dia 30 de janeiro de 2014 na sede da Ger\u00eancia de Licita\u00e7\u00f5es \u2013 GEL\/SES-GO.<\/p>\n<p>Instrumento de chamamento p\u00fablico N\u00ba 003\/2013 (clique aqui)<\/p>\n","protected":false},"excerpt":{"rendered":"<p>O ESTADO DE GOI\u00c1S, pela Secretaria de Estado da Sa\u00fade &#8211; SES, torna p\u00fablico, para conhecimento dos interessados, que, ap\u00f3s an\u00e1lise pela Comiss\u00e3o Interna dos Contratos de Gest\u00e3o em Servi\u00e7os de Sa\u00fade, a Proposta de Trabalho apresentada pelo INSTITUTO DE GEST\u00c3O EM SA\u00daDE \u2013 GERIR foi CLASSIFICADA, tendo alcan\u00e7ado 64,5 PONTOS.<\/p>\n","protected":false},"author":46,"featured_media":0,"comment_status":"closed","ping_status":"open","sticky":false,"template":"","format":"standard","meta":{"footnotes":""},"categories":[31],"tags":[],"class_list":["post-5478","post","type-post","status-publish","format-standard","hentry","category-chamamentos-publicos-2013"],"rttpg_featured_image_url":null,"rttpg_author":{"display_name":"cleybetsls","author_link":"https:\/\/goias.gov.br\/saude\/author\/cleybetsls\/"},"rttpg_comment":0,"rttpg_category":"<a href=\"https:\/\/goias.gov.br\/saude\/categoria\/prestacao-de-contas\/licitacoes\/chamamentos-publicos-2013\/\" rel=\"category tag\">Chamamentos P\u00fablicos 2013<\/a>","rttpg_excerpt":"O ESTADO DE GOI\u00c1S, pela Secretaria de Estado da Sa\u00fade &#8211; SES, torna p\u00fablico, para conhecimento dos interessados, que, ap\u00f3s an\u00e1lise pela Comiss\u00e3o Interna dos Contratos de Gest\u00e3o em Servi\u00e7os de Sa\u00fade, a Proposta de Trabalho apresentada pelo INSTITUTO DE GEST\u00c3O EM SA\u00daDE \u2013 GERIR foi CLASSIFICADA, tendo alcan\u00e7ado 64,5 PONTOS.","_links":{"self":[{"href":"https:\/\/goias.gov.br\/saude\/wp-json\/wp\/v2\/posts\/5478","targetHints":{"allow":["GET"]}}],"collection":[{"href":"https:\/\/goias.gov.br\/saude\/wp-json\/wp\/v2\/posts"}],"about":[{"href":"https:\/\/goias.gov.br\/saude\/wp-json\/wp\/v2\/types\/post"}],"author":[{"embeddable":true,"href":"https:\/\/goias.gov.br\/saude\/wp-json\/wp\/v2\/users\/46"}],"replies":[{"embeddable":true,"href":"https:\/\/goias.gov.br\/saude\/wp-json\/wp\/v2\/comments?post=5478"}],"version-history":[{"count":0,"href":"https:\/\/goias.gov.br\/saude\/wp-json\/wp\/v2\/posts\/5478\/revisions"}],"wp:attachment":[{"href":"https:\/\/goias.gov.br\/saude\/wp-json\/wp\/v2\/media?parent=5478"}],"wp:term":[{"taxonomy":"category","embeddable":true,"href":"https:\/\/goias.gov.br\/saude\/wp-json\/wp\/v2\/categories?post=5478"},{"taxonomy":"post_tag","embeddable":true,"href":"https:\/\/goias.gov.br\/saude\/wp-json\/wp\/v2\/tags?post=5478"}],"curies":[{"name":"wp","href":"https:\/\/api.w.org\/{rel}","templated":true}]}}