

{"id":5470,"date":"2014-03-20T08:03:59","date_gmt":"2014-03-20T11:03:59","guid":{"rendered":"https:\/\/siteshom.goias.gov.br\/saude\/aviso-do-chamamento-publico-n0022014-republicacao\/"},"modified":"2014-03-20T08:03:59","modified_gmt":"2014-03-20T11:03:59","slug":"aviso-do-chamamento-publico-n0022014-republicacao","status":"publish","type":"post","link":"https:\/\/goias.gov.br\/saude\/aviso-do-chamamento-publico-n0022014-republicacao\/","title":{"rendered":"Aviso do chamamento p\u00fablico n\u00b0002\/2014 &#8211; Republica\u00e7\u00e3o"},"content":{"rendered":"<p>O ESTADO DE GOI\u00c1S, pela Secretaria de Estado da Sa\u00fade &#8211; SES, torna p\u00fablico, por meio de publica\u00e7\u00f5es realizadas no Di\u00e1rio Oficial do Estado de Goi\u00e1s, em jornal de grande circula\u00e7\u00e3o da Capital do Estado, em jornal de circula\u00e7\u00e3o nacional e em via eletr\u00f4nica, para conhecimento dos interessados que estar\u00e1 dispon\u00edvel no s\u00edtio eletr\u00f4nico www.saude.go.gov.br, o Instrumento de CHAMAMENTO P\u00daBLICO n.\u00ba 002\/2014 \u2013 REPUBLICA\u00c7\u00c3O.<br \/>\n<!--more--><\/p>\n<p>O ESTADO DE GOI\u00c1S, pela Secretaria de Estado da Sa\u00fade &#8211; SES, torna p\u00fablico, por meio de publica\u00e7\u00f5es realizadas no Di\u00e1rio Oficial do Estado de Goi\u00e1s, em jornal de grande circula\u00e7\u00e3o da Capital do Estado, em jornal de circula\u00e7\u00e3o nacional e em via eletr\u00f4nica, para conhecimento dos interessados que estar\u00e1 dispon\u00edvel no s\u00edtio eletr\u00f4nico www.saude.go.gov.br, o Instrumento de CHAMAMENTO P\u00daBLICO n.\u00ba 002\/2014 \u2013 REPUBLICA\u00c7\u00c3O, destinado \u00e0 sele\u00e7\u00e3o de organiza\u00e7\u00e3o social para firmar Contrato de Gest\u00e3o, objetivando o gerenciamento, a operacionaliza\u00e7\u00e3o e a execu\u00e7\u00e3o das a\u00e7\u00f5es e servi\u00e7os de sa\u00fade no CENTRO DE REFER\u00caNCIA E EXCEL\u00caNCIA EM DEPEND\u00caNCIA QU\u00cdMICA \u2013 CREDEQ Aparecida de Goi\u00e2nia, conforme especifica o Instrumento de Chamamento P\u00fablico e seus Anexos, estando o presente procedimento e a consequente parceria consoantes \u00e0 Lei Federal n.\u00ba 9.637\/1998, \u00e0 Lei Estadual n.\u00ba 15.503\/2005 e suas altera\u00e7\u00f5es, \u00e0 Resolu\u00e7\u00e3o Normativa n.\u00ba 007\/2011 do Tribunal de Contas do Estado de Goi\u00e1s e, subsidiariamente, \u00e0 Lei Federal n.\u00ba 8.666\/1993 e suas altera\u00e7\u00f5es, atendendo ao seguinte cronograma proposto:<\/p>\n<p>Instrumento de Chamamento P\u00fablico n\u00ba 002\/2014 &#8211; REPUBLICA\u00c7\u00c3O (Clique Aqui)<\/p>\n<table cellspacing=\"0\" cellpadding=\"4\">\n<colgroup>\n<col width=\"348\" \/>\n<col width=\"277\" \/><\/colgroup>\n<\/p>\n<tbody>\n<tr valign=\"top\">\n<td bgcolor=\"#cccccc\" width=\"348\" height=\"13\">\n<p><p align=\"center\"><strong>EVENTOS<\/strong><\/p>\n<\/p>\n<\/td>\n<td bgcolor=\"#cccccc\" width=\"277\">\n<p><p align=\"center\"><strong>DATA<\/strong><\/p>\n<\/p>\n<\/td>\n<\/tr>\n<tr valign=\"top\">\n<td width=\"348\">\n<p><p align=\"justify\">Divulga\u00e7\u00e3o do Chamamento P\u00fablico<\/p>\n<\/p>\n<\/td>\n<td width=\"277\">\n<p><p align=\"justify\">20, 21 e 24 de mar\u00e7o de 2014<\/p>\n<\/p>\n<\/td>\n<\/tr>\n<tr valign=\"top\">\n<td width=\"348\">\n<p><p align=\"justify\">Prazo m\u00e1ximo para Pedidos de Esclarecimento<\/p>\n<\/p>\n<\/td>\n<td width=\"277\">\n<p><p align=\"justify\">08 de abril de 2014<\/p>\n<\/p>\n<\/td>\n<\/tr>\n<tr valign=\"top\">\n<td width=\"348\">\n<p><p align=\"justify\">Divulga\u00e7\u00e3o da Nota de Esclarecimento<\/p>\n<\/p>\n<\/td>\n<td width=\"277\">\n<p><p align=\"justify\">14 de abril de 2014<\/p>\n<\/p>\n<\/td>\n<\/tr>\n<tr valign=\"top\">\n<td width=\"348\">\n<p><p align=\"justify\">Entrega dos Envelopes<\/p>\n<\/p>\n<\/td>\n<td width=\"277\">\n<p><p align=\"justify\">\u00c0s 09:00 horas do dia 24 de abril de 2014<\/p>\n<\/p>\n<\/td>\n<\/tr>\n<\/tbody>\n<\/table>\n<p>As sess\u00f5es p\u00fablicas relativas ao presente Chamamento P\u00fablico ser\u00e3o realizadas na sede da Ger\u00eancia de Licita\u00e7\u00f5es &#8211; GEL da Secretaria de Estado da Sa\u00fade de Goi\u00e1s, situada no edif\u00edcio sede da SES\/GO, Rua SC- 1 n\u00ba 299, Parque Santa Cruz, Goi\u00e2nia \u2013 Goi\u00e1s.<\/p>\n<p>O Contrato de Gest\u00e3o a ser firmado entre o Estado de Goi\u00e1s e a organiza\u00e7\u00e3o social selecionada ter\u00e1 vig\u00eancia de 48 meses a partir da outorga da Procuradoria Geral do Estado \u2013 PGE, podendo ser prorrogado nos termos do artigo 8\u00ba-A, \u00a7 1\u00ba da Lei Estadual n\u00ba 15.503\/2005, sempre que houver interesse das partes.<\/p>\n<p>SECRETARIA DE ESTADO DA SA\u00daDE DE GOI\u00c1S<\/p>\n<p>COMISS\u00c3O PERMANENTE DE LICITA\u00c7\u00c3O<\/p>\n<p>COMISS\u00c3O INTERNA DE CONTRATO DE GEST\u00c3O EM SERVI\u00c7OS DE SA\u00daDE<\/p>\n<p>Telefone\/ Fax (0-xx-62)3201-3840 \/3800<\/p>\n","protected":false},"excerpt":{"rendered":"<p>O ESTADO DE GOI\u00c1S, pela Secretaria de Estado da Sa\u00fade &#8211; SES, torna p\u00fablico, por meio de publica\u00e7\u00f5es realizadas no Di\u00e1rio Oficial do Estado de Goi\u00e1s, em jornal de grande circula\u00e7\u00e3o da Capital do Estado, em jornal de circula\u00e7\u00e3o nacional e em via eletr\u00f4nica, para conhecimento dos interessados que estar\u00e1 dispon\u00edvel no s\u00edtio eletr\u00f4nico www.saude.go.gov.br, [&hellip;]<\/p>\n","protected":false},"author":46,"featured_media":0,"comment_status":"closed","ping_status":"open","sticky":false,"template":"","format":"standard","meta":{"footnotes":""},"categories":[28],"tags":[],"class_list":["post-5470","post","type-post","status-publish","format-standard","hentry","category-chamamentos-publicos-2014"],"rttpg_featured_image_url":null,"rttpg_author":{"display_name":"cleybetsls","author_link":"https:\/\/goias.gov.br\/saude\/author\/cleybetsls\/"},"rttpg_comment":0,"rttpg_category":"<a href=\"https:\/\/goias.gov.br\/saude\/categoria\/prestacao-de-contas\/licitacoes\/chamamentos-publicos-2014\/\" rel=\"category tag\">Chamamentos P\u00fablicos 2014<\/a>","rttpg_excerpt":"O ESTADO DE GOI\u00c1S, pela Secretaria de Estado da Sa\u00fade &#8211; SES, torna p\u00fablico, por meio de publica\u00e7\u00f5es realizadas no Di\u00e1rio Oficial do Estado de Goi\u00e1s, em jornal de grande circula\u00e7\u00e3o da Capital do Estado, em jornal de circula\u00e7\u00e3o nacional e em via eletr\u00f4nica, para conhecimento dos interessados que estar\u00e1 dispon\u00edvel no s\u00edtio eletr\u00f4nico www.saude.go.gov.br,&hellip;","_links":{"self":[{"href":"https:\/\/goias.gov.br\/saude\/wp-json\/wp\/v2\/posts\/5470","targetHints":{"allow":["GET"]}}],"collection":[{"href":"https:\/\/goias.gov.br\/saude\/wp-json\/wp\/v2\/posts"}],"about":[{"href":"https:\/\/goias.gov.br\/saude\/wp-json\/wp\/v2\/types\/post"}],"author":[{"embeddable":true,"href":"https:\/\/goias.gov.br\/saude\/wp-json\/wp\/v2\/users\/46"}],"replies":[{"embeddable":true,"href":"https:\/\/goias.gov.br\/saude\/wp-json\/wp\/v2\/comments?post=5470"}],"version-history":[{"count":0,"href":"https:\/\/goias.gov.br\/saude\/wp-json\/wp\/v2\/posts\/5470\/revisions"}],"wp:attachment":[{"href":"https:\/\/goias.gov.br\/saude\/wp-json\/wp\/v2\/media?parent=5470"}],"wp:term":[{"taxonomy":"category","embeddable":true,"href":"https:\/\/goias.gov.br\/saude\/wp-json\/wp\/v2\/categories?post=5470"},{"taxonomy":"post_tag","embeddable":true,"href":"https:\/\/goias.gov.br\/saude\/wp-json\/wp\/v2\/tags?post=5470"}],"curies":[{"name":"wp","href":"https:\/\/api.w.org\/{rel}","templated":true}]}}