

{"id":5469,"date":"2014-03-20T08:07:43","date_gmt":"2014-03-20T11:07:43","guid":{"rendered":"https:\/\/siteshom.goias.gov.br\/saude\/aviso-de-licitacao-convite-n-o-0012014\/"},"modified":"2014-03-20T08:07:43","modified_gmt":"2014-03-20T11:07:43","slug":"aviso-de-licitacao-convite-n-o-0012014","status":"publish","type":"post","link":"https:\/\/goias.gov.br\/saude\/aviso-de-licitacao-convite-n-o-0012014\/","title":{"rendered":"Aviso de Licita\u00e7\u00e3o &#8211; Convite N.\u00ba 001\/2014"},"content":{"rendered":"<p>A Secretaria de Estado da Sa\u00fade de Goi\u00e1s \u2013 SES\/GO, por meio de sua Comiss\u00e3o Permanente de Licita\u00e7\u00e3o &#8211; CPL, nomeada pela Portaria n\u00ba 381\/2013 \u2013 GAB\/SES, de 29\/10\/2013, baixada pelo Secret\u00e1rio de Estado da Sa\u00fade, de acordo com a autoriza\u00e7\u00e3o constante do processo n\u00ba. 201300010018493, nos termos da Lei Federal n.\u00ba 8.666, de 21 de junho de 1993, suas altera\u00e7\u00f5es posteriores, Lei Complementar n.\u00ba 123\/2006, Lei Estadual n.\u00ba 17.928, de 27 de dezembro de 2012, demais normas pertinentes e de conformidade com as condi\u00e7\u00f5es estabelecidas neste Edital e seus anexos, torna p\u00fablico que far\u00e1 realizar em sua sede, a abertura dos trabalhos licitat\u00f3rios referentes ao CONVITE do tipo MENOR PRE\u00c7O GLOBAL.<br \/>\n<!--more--><\/p>\n<p>EDITAL LICITA\u00c7\u00c3O N\u00ba 001\/2014 \u2013 MODALIDADE: CONVITE<\/p>\n<p>PROCESSO: 201300010018493.<\/p>\n<p>DATA DA REALIZA\u00c7\u00c3O: 03 de abril de 2014, \u00e0s 09:00 horas (hor\u00e1rio de Bras\u00edlia)<\/p>\n<p>LOCAL: Sala da GEL\/SES-GO, \u00e0 Rua SC-l, n\u00ba 299, Parque Santa Cruz, Goi\u00e2nia\/GO.<\/p>\n<p>\u00d3RG\u00c3O SOLICITANTE: Ger\u00eancia de Engenharia e Arquitetura \u2013 GEA\/SGPF\/SES-GO.<\/p>\n<p>RECURSO: Fonte 00 \u2013 Receitas Ordin\u00e1rias.<\/p>\n<p>A Secretaria de Estado da Sa\u00fade de Goi\u00e1s \u2013 SES\/GO, por meio de sua Comiss\u00e3o Permanente de Licita\u00e7\u00e3o &#8211; CPL, nomeada pela Portaria n\u00ba 381\/2013 \u2013 GAB\/SES, de 29\/10\/2013, baixada pelo Secret\u00e1rio de Estado da Sa\u00fade, de acordo com a autoriza\u00e7\u00e3o constante do processo n\u00ba. 201300010018493, nos termos da Lei Federal n.\u00ba 8.666, de 21 de junho de 1993, suas altera\u00e7\u00f5es posteriores, Lei Complementar n.\u00ba 123\/2006, Lei Estadual n.\u00ba 17.928, de 27 de dezembro de 2012, demais normas pertinentes e de conformidade com as condi\u00e7\u00f5es estabelecidas neste Edital e seus anexos, torna p\u00fablico que far\u00e1 realizar em sua sede, a abertura dos trabalhos licitat\u00f3rios referentes ao CONVITE do tipo MENOR PRE\u00c7O GLOBAL.<\/p>\n<p><a href=\"https:\/\/goias.gov.br\/saude\/wp-content\/uploads\/2017\/07\/arq_760_edital_convite.odt\">Clique para baixar o Edital<\/a><\/p>\n<p>Aviso de licita\u00e7\u00e3o convite N.\u00ba 002\/2014 (clique aqui)<\/p>\n","protected":false},"excerpt":{"rendered":"<p>A Secretaria de Estado da Sa\u00fade de Goi\u00e1s \u2013 SES\/GO, por meio de sua Comiss\u00e3o Permanente de Licita\u00e7\u00e3o &#8211; CPL, nomeada pela Portaria n\u00ba 381\/2013 \u2013 GAB\/SES, de 29\/10\/2013, baixada pelo Secret\u00e1rio de Estado da Sa\u00fade, de acordo com a autoriza\u00e7\u00e3o constante do processo n\u00ba. 201300010018493, nos termos da Lei Federal n.\u00ba 8.666, de 21 [&hellip;]<\/p>\n","protected":false},"author":46,"featured_media":0,"comment_status":"closed","ping_status":"open","sticky":false,"template":"","format":"standard","meta":{"footnotes":""},"categories":[7],"tags":[],"class_list":["post-5469","post","type-post","status-publish","format-standard","hentry","category-licitacoes"],"rttpg_featured_image_url":null,"rttpg_author":{"display_name":"cleybetsls","author_link":"https:\/\/goias.gov.br\/saude\/author\/cleybetsls\/"},"rttpg_comment":0,"rttpg_category":"<a href=\"https:\/\/goias.gov.br\/saude\/categoria\/prestacao-de-contas\/licitacoes\/\" rel=\"category tag\">Licita\u00e7\u00f5es<\/a>","rttpg_excerpt":"A Secretaria de Estado da Sa\u00fade de Goi\u00e1s \u2013 SES\/GO, por meio de sua Comiss\u00e3o Permanente de Licita\u00e7\u00e3o &#8211; CPL, nomeada pela Portaria n\u00ba 381\/2013 \u2013 GAB\/SES, de 29\/10\/2013, baixada pelo Secret\u00e1rio de Estado da Sa\u00fade, de acordo com a autoriza\u00e7\u00e3o constante do processo n\u00ba. 201300010018493, nos termos da Lei Federal n.\u00ba 8.666, de 21&hellip;","_links":{"self":[{"href":"https:\/\/goias.gov.br\/saude\/wp-json\/wp\/v2\/posts\/5469","targetHints":{"allow":["GET"]}}],"collection":[{"href":"https:\/\/goias.gov.br\/saude\/wp-json\/wp\/v2\/posts"}],"about":[{"href":"https:\/\/goias.gov.br\/saude\/wp-json\/wp\/v2\/types\/post"}],"author":[{"embeddable":true,"href":"https:\/\/goias.gov.br\/saude\/wp-json\/wp\/v2\/users\/46"}],"replies":[{"embeddable":true,"href":"https:\/\/goias.gov.br\/saude\/wp-json\/wp\/v2\/comments?post=5469"}],"version-history":[{"count":0,"href":"https:\/\/goias.gov.br\/saude\/wp-json\/wp\/v2\/posts\/5469\/revisions"}],"wp:attachment":[{"href":"https:\/\/goias.gov.br\/saude\/wp-json\/wp\/v2\/media?parent=5469"}],"wp:term":[{"taxonomy":"category","embeddable":true,"href":"https:\/\/goias.gov.br\/saude\/wp-json\/wp\/v2\/categories?post=5469"},{"taxonomy":"post_tag","embeddable":true,"href":"https:\/\/goias.gov.br\/saude\/wp-json\/wp\/v2\/tags?post=5469"}],"curies":[{"name":"wp","href":"https:\/\/api.w.org\/{rel}","templated":true}]}}