

{"id":526,"date":"2019-05-22T08:55:02","date_gmt":"2019-05-22T11:55:02","guid":{"rendered":"https:\/\/siteshom.goias.gov.br\/saude\/macrorregional-de-saude-discute-aprimoramento-do-sus\/"},"modified":"2019-05-22T08:55:02","modified_gmt":"2019-05-22T11:55:02","slug":"macrorregional-de-saude-discute-aprimoramento-do-sus","status":"publish","type":"post","link":"https:\/\/goias.gov.br\/saude\/macrorregional-de-saude-discute-aprimoramento-do-sus\/","title":{"rendered":"Macrorregional de Sa\u00fade discute aprimoramento do SUS"},"content":{"rendered":"<p><em>Financiamento e regionaliza\u00e7\u00e3o da Sa\u00fade P\u00fablica foram alguns dos temas tratados no evento, realizado pelo Conselho Estadual de Sa\u00fade de Goi\u00e1s<\/em><\/p>\n<p>Delegados dos Conselhos de Sa\u00fade de 101 munic\u00edpios goianos participam nesta quarta-feira, 22, da etapa macrorregional Centro-Sudeste de Sa\u00fade. Com o tema \u201cDemocracia e sa\u00fade: sa\u00fade com direito e consolida\u00e7\u00e3o e financiamento do SUS\u201d, a confer\u00eancia tem o objetivo de debater as pol\u00edticas p\u00fablicas da \u00e1rea com a expectativa de apresent\u00e1-las \u00e0s confer\u00eancias estaduais e nacionais, que ser\u00e3o realizadas ainda este ano.<\/p>\n<p>O evento foi realizado no audit\u00f3rio da Escola Estadual de Sa\u00fade P\u00fablica Dr. C\u00e2ndido Santiago, pelo Conselho Estadual de Sa\u00fade de Goi\u00e1s (CES-GO), com a participa\u00e7\u00e3o do superintendente de Acesso a Servi\u00e7os Hospitalares e Ambulatoriais (Suprass), Sandro Rog\u00e9rio Rodrigues, que representou o secret\u00e1rio Ismael Alexandrino. As confer\u00eancias de sa\u00fade t\u00eam papel importante, ao oferecer subs\u00eddios para que o controle social atue na gest\u00e3o do SUS.<\/p>\n<p>O superintendente lembrou, em seu pronunciamento, de uma fala da diretora da Organiza\u00e7\u00e3o Pan-Americana da Sa\u00fade (Opas), Carissa Etienne. Na reuni\u00e3o do Conselho Nacional de Secret\u00e1rios de Sa\u00fade (Conass), realizada em abril, ela afirmou que \u201cos Conselhos de Sa\u00fade s\u00e3o as vozes das pessoas que mais precisam\u201d. Sandro argumentou ainda que a confer\u00eancia \u00e9 um palco para aprimorar a democracia e fortalecer pautas importantes do SUS, como a inova\u00e7\u00e3o, o financiamento inteligente e o planejamento com o olhar mais preciso \u00e0s necessidades da popula\u00e7\u00e3o.<\/p>\n<p><strong>Maior profissionaliza\u00e7\u00e3o<\/strong><\/p>\n<p>Em sua apresenta\u00e7\u00e3o, o presidente do Conselho Estadual de Sa\u00fade, Venerando Lemes, defendeu uma maior profissionaliza\u00e7\u00e3o na gest\u00e3o do SUS, em especial no \u00e2mbito nacional, e elogiou ao secret\u00e1rio Alexandrino. \u201cPercebemos que a nova gest\u00e3o tem uma vis\u00e3o macro para o SUS e busca promover pol\u00edticas p\u00fablicas alinhadas aos anseios dos cidad\u00e3os\u201d, afirmou.<\/p>\n<p>Ele tamb\u00e9m declarou que o controle social em Goi\u00e1s \u00e9 um exemplo para o Pa\u00eds, citando que algumas propostas discutidas nas \u00faltimas edi\u00e7\u00f5es das confer\u00eancias foram apresentadas no \u00e2mbito nacional, e aceitas. Com as discuss\u00f5es das confer\u00eancias, \u00e9 poss\u00edvel qualificar as propostas e diretrizes para serem inclu\u00eddas no Plano Estadual de Sa\u00fade e no Plano Plurianual.<\/p>\n<p>Ros\u00e1lia Matos, conselheira estadual que representa os gestores, pontou que em Goi\u00e1s existe a necessidade de avan\u00e7ar em algumas estrat\u00e9gias, como na regionaliza\u00e7\u00e3o dos servi\u00e7os de Sa\u00fade, na regula\u00e7\u00e3o de pacientes para ser efetiva e transparente, e no pacto federativo para o financiamento do SUS. Para Ros\u00e1lia, a confer\u00eancia \u00e9 um instrumento de trabalho essencial para trilhar novos caminhos e perspectivas para o SUS.<\/p>\n<p>&nbsp;<\/p>\n<p><a href=\"https:\/\/goias.gov.br\/saude\/?galeria_eventos=22052019-conferencia-macrorregional-centro-sudeste-de-saude-fotos-karim-alexandre\">Clique aqui para acessar mais imagens do evento<\/a>.<\/p>\n<p><em>Thiago Lagares, da Comunica\u00e7\u00e3o Setorial<\/p>\n<p>Foto<b>:<\/b>\u00a0Karim Alexandre<\/p>\n<p><\/em><\/p>\n","protected":false},"excerpt":{"rendered":"<p>Financiamento e regionaliza\u00e7\u00e3o da Sa\u00fade P\u00fablica foram alguns dos temas tratados no evento, realizado pelo Conselho Estadual de Sa\u00fade de Goi\u00e1s Delegados dos Conselhos de Sa\u00fade de 101 munic\u00edpios goianos participam nesta quarta-feira, 22, da etapa macrorregional Centro-Sudeste de Sa\u00fade. Com o tema \u201cDemocracia e sa\u00fade: sa\u00fade com direito e consolida\u00e7\u00e3o e financiamento do SUS\u201d, [&hellip;]<\/p>\n","protected":false},"author":46,"featured_media":0,"comment_status":"closed","ping_status":"open","sticky":false,"template":"","format":"standard","meta":{"footnotes":""},"categories":[3],"tags":[],"class_list":["post-526","post","type-post","status-publish","format-standard","hentry","category-noticias"],"rttpg_featured_image_url":null,"rttpg_author":{"display_name":"cleybetsls","author_link":"https:\/\/goias.gov.br\/saude\/author\/cleybetsls\/"},"rttpg_comment":0,"rttpg_category":"<a href=\"https:\/\/goias.gov.br\/saude\/categoria\/noticias\/\" rel=\"category tag\">Not\u00edcias<\/a>","rttpg_excerpt":"Financiamento e regionaliza\u00e7\u00e3o da Sa\u00fade P\u00fablica foram alguns dos temas tratados no evento, realizado pelo Conselho Estadual de Sa\u00fade de Goi\u00e1s Delegados dos Conselhos de Sa\u00fade de 101 munic\u00edpios goianos participam nesta quarta-feira, 22, da etapa macrorregional Centro-Sudeste de Sa\u00fade. Com o tema \u201cDemocracia e sa\u00fade: sa\u00fade com direito e consolida\u00e7\u00e3o e financiamento do SUS\u201d,&hellip;","_links":{"self":[{"href":"https:\/\/goias.gov.br\/saude\/wp-json\/wp\/v2\/posts\/526","targetHints":{"allow":["GET"]}}],"collection":[{"href":"https:\/\/goias.gov.br\/saude\/wp-json\/wp\/v2\/posts"}],"about":[{"href":"https:\/\/goias.gov.br\/saude\/wp-json\/wp\/v2\/types\/post"}],"author":[{"embeddable":true,"href":"https:\/\/goias.gov.br\/saude\/wp-json\/wp\/v2\/users\/46"}],"replies":[{"embeddable":true,"href":"https:\/\/goias.gov.br\/saude\/wp-json\/wp\/v2\/comments?post=526"}],"version-history":[{"count":0,"href":"https:\/\/goias.gov.br\/saude\/wp-json\/wp\/v2\/posts\/526\/revisions"}],"wp:attachment":[{"href":"https:\/\/goias.gov.br\/saude\/wp-json\/wp\/v2\/media?parent=526"}],"wp:term":[{"taxonomy":"category","embeddable":true,"href":"https:\/\/goias.gov.br\/saude\/wp-json\/wp\/v2\/categories?post=526"},{"taxonomy":"post_tag","embeddable":true,"href":"https:\/\/goias.gov.br\/saude\/wp-json\/wp\/v2\/tags?post=526"}],"curies":[{"name":"wp","href":"https:\/\/api.w.org\/{rel}","templated":true}]}}