

{"id":518863,"date":"2025-10-02T16:15:04","date_gmt":"2025-10-02T19:15:04","guid":{"rendered":"https:\/\/goias.gov.br\/saude\/?p=518863"},"modified":"2025-10-02T16:15:08","modified_gmt":"2025-10-02T19:15:08","slug":"ses-go-realiza-oficina-do-plano-de-acao-regional-da-rede-de-urgencia-e-emergencia-na-macrorregiao-nordeste","status":"publish","type":"post","link":"https:\/\/goias.gov.br\/saude\/ses-go-realiza-oficina-do-plano-de-acao-regional-da-rede-de-urgencia-e-emergencia-na-macrorregiao-nordeste\/","title":{"rendered":"SES-GO realiza Oficina do Plano de A\u00e7\u00e3o Regional da Rede de Urg\u00eancia e Emerg\u00eancia na Macrorregi\u00e3o Nordeste"},"content":{"rendered":"\n<p class=\"has-text-align-center\"><strong>Objetivo do encontro foi alinhar estrat\u00e9gias, discutir distribui\u00e7\u00e3o dos servi\u00e7os e fortalecer trabalho conjunto entre Estado e munic\u00edpios para garantir atendimento no lugar certo, no tempo certo e com qualidade para toda popula\u00e7\u00e3o<\/strong><\/p>\n\n\n\n<!--more-->\n\n\n<div class=\"wp-block-image\">\n<figure class=\"aligncenter size-large\"><img fetchpriority=\"high\" decoding=\"async\" width=\"1024\" height=\"724\" src=\"https:\/\/goias.gov.br\/saude\/wp-content\/uploads\/sites\/34\/2025\/10\/0210-oficina-regionalizacao-1024x724.jpeg\" alt=\"\" class=\"wp-image-518878\" srcset=\"https:\/\/goias.gov.br\/saude\/wp-content\/uploads\/sites\/34\/2025\/10\/0210-oficina-regionalizacao-1024x724.jpeg 1024w, https:\/\/goias.gov.br\/saude\/wp-content\/uploads\/sites\/34\/2025\/10\/0210-oficina-regionalizacao-300x212.jpeg 300w, https:\/\/goias.gov.br\/saude\/wp-content\/uploads\/sites\/34\/2025\/10\/0210-oficina-regionalizacao-768x543.jpeg 768w, https:\/\/goias.gov.br\/saude\/wp-content\/uploads\/sites\/34\/2025\/10\/0210-oficina-regionalizacao-1536x1086.jpeg 1536w, https:\/\/goias.gov.br\/saude\/wp-content\/uploads\/sites\/34\/2025\/10\/0210-oficina-regionalizacao.jpeg 1600w\" sizes=\"(max-width: 1024px) 100vw, 1024px\" \/><figcaption class=\"wp-element-caption\"><em>Superintendente de Regionaliza\u00e7\u00e3o da SES-GO, \u00c9rika Lopes, abre Oficina do Plano de A\u00e7\u00e3o Regional da RUE na Macrorregi\u00e3o Nordeste<\/em><\/figcaption><\/figure>\n<\/div>\n\n\n<p>A Secretaria de Estado da Sa\u00fade de Goi\u00e1s (SES-GO), por meio da Assessoria de Redes de Aten\u00e7\u00e3o \u00e0 Sa\u00fade, promoveu a Oficina do Plano de A\u00e7\u00e3o Regional (PAR) da Rede de Urg\u00eancia e Emerg\u00eancia (RUE), voltada para a Macrorregi\u00e3o Nordeste. O encontro aconteceu nessa quinta-feira (02\/10), no Audit\u00f3rio da Universidade Estadual de Goi\u00e1s (UEG) \u2013 Campus Formosa, reunindo gestores municipais, t\u00e9cnicos e profissionais de sa\u00fade.<\/p>\n\n\n\n<p>A superintendente de Regionaliza\u00e7\u00e3o da SES-GO, \u00c9rika Lopes, fez a apresenta\u00e7\u00e3o inicial do evento, informando os principais aspectos do planejamento regionalizado da Rede de Urg\u00eancia e Emerg\u00eancia. O objetivo do encontro foi alinhar estrat\u00e9gias, discutir a distribui\u00e7\u00e3o dos servi\u00e7os e fortalecer o trabalho conjunto entre Estado e munic\u00edpios para garantir atendimento no lugar certo, no tempo certo e com qualidade para toda a popula\u00e7\u00e3o.<\/p>\n\n\n\n<p>Durante a apresenta\u00e7\u00e3o, foram destacados os desafios da macrorregi\u00e3o e a import\u00e2ncia da coopera\u00e7\u00e3o interfederativa para consolidar fluxos de atendimento e pactua\u00e7\u00f5es que assegurem efici\u00eancia e integralidade no cuidado. \u201c\u00c9 necess\u00e1rio termos Estado e munic\u00edpios, juntos, organizando a rede de forma regionalizada, hierarquizada e solid\u00e1ria\u201d, refor\u00e7ou \u00c9rika Lopes.<\/p>\n\n\n\n<p>A oficina faz parte do processo de estrutura\u00e7\u00e3o da RUE em Goi\u00e1s, que busca consolidar uma rede de aten\u00e7\u00e3o cada vez mais efetiva, integrada e resolutiva, em benef\u00edcio dos cidad\u00e3os da Macrorregi\u00e3o Nordeste.<\/p>\n\n\n\n<p>Comunica\u00e7\u00e3o Setorial SES-GO<\/p>\n","protected":false},"excerpt":{"rendered":"<p>Objetivo do encontro foi alinhar estrat\u00e9gias, discutir distribui\u00e7\u00e3o dos servi\u00e7os e fortalecer trabalho conjunto entre Estado e munic\u00edpios<\/p>\n","protected":false},"author":164,"featured_media":518878,"comment_status":"closed","ping_status":"open","sticky":false,"template":"","format":"standard","meta":{"footnotes":""},"categories":[3],"tags":[350],"class_list":["post-518863","post","type-post","status-publish","format-standard","has-post-thumbnail","hentry","category-noticias","tag-regionalizacao"],"rttpg_featured_image_url":{"full":["https:\/\/goias.gov.br\/saude\/wp-content\/uploads\/sites\/34\/2025\/10\/0210-oficina-regionalizacao.jpeg",1600,1131,false],"landscape":["https:\/\/goias.gov.br\/saude\/wp-content\/uploads\/sites\/34\/2025\/10\/0210-oficina-regionalizacao.jpeg",1600,1131,false],"portraits":["https:\/\/goias.gov.br\/saude\/wp-content\/uploads\/sites\/34\/2025\/10\/0210-oficina-regionalizacao.jpeg",1600,1131,false],"thumbnail":["https:\/\/goias.gov.br\/saude\/wp-content\/uploads\/sites\/34\/2025\/10\/0210-oficina-regionalizacao-150x150.jpeg",150,150,true],"medium":["https:\/\/goias.gov.br\/saude\/wp-content\/uploads\/sites\/34\/2025\/10\/0210-oficina-regionalizacao-300x212.jpeg",300,212,true],"large":["https:\/\/goias.gov.br\/saude\/wp-content\/uploads\/sites\/34\/2025\/10\/0210-oficina-regionalizacao-1024x724.jpeg",1024,724,true],"1536x1536":["https:\/\/goias.gov.br\/saude\/wp-content\/uploads\/sites\/34\/2025\/10\/0210-oficina-regionalizacao-1536x1086.jpeg",1536,1086,true],"2048x2048":["https:\/\/goias.gov.br\/saude\/wp-content\/uploads\/sites\/34\/2025\/10\/0210-oficina-regionalizacao.jpeg",1600,1131,false]},"rttpg_author":{"display_name":"isabelamelo","author_link":"https:\/\/goias.gov.br\/saude\/author\/isabelamelo\/"},"rttpg_comment":0,"rttpg_category":"<a href=\"https:\/\/goias.gov.br\/saude\/categoria\/noticias\/\" rel=\"category tag\">Not\u00edcias<\/a>","rttpg_excerpt":"Objetivo do encontro foi alinhar estrat\u00e9gias, discutir distribui\u00e7\u00e3o dos servi\u00e7os e fortalecer trabalho conjunto entre Estado e munic\u00edpios","_links":{"self":[{"href":"https:\/\/goias.gov.br\/saude\/wp-json\/wp\/v2\/posts\/518863","targetHints":{"allow":["GET"]}}],"collection":[{"href":"https:\/\/goias.gov.br\/saude\/wp-json\/wp\/v2\/posts"}],"about":[{"href":"https:\/\/goias.gov.br\/saude\/wp-json\/wp\/v2\/types\/post"}],"author":[{"embeddable":true,"href":"https:\/\/goias.gov.br\/saude\/wp-json\/wp\/v2\/users\/164"}],"replies":[{"embeddable":true,"href":"https:\/\/goias.gov.br\/saude\/wp-json\/wp\/v2\/comments?post=518863"}],"version-history":[{"count":1,"href":"https:\/\/goias.gov.br\/saude\/wp-json\/wp\/v2\/posts\/518863\/revisions"}],"predecessor-version":[{"id":518893,"href":"https:\/\/goias.gov.br\/saude\/wp-json\/wp\/v2\/posts\/518863\/revisions\/518893"}],"wp:featuredmedia":[{"embeddable":true,"href":"https:\/\/goias.gov.br\/saude\/wp-json\/wp\/v2\/media\/518878"}],"wp:attachment":[{"href":"https:\/\/goias.gov.br\/saude\/wp-json\/wp\/v2\/media?parent=518863"}],"wp:term":[{"taxonomy":"category","embeddable":true,"href":"https:\/\/goias.gov.br\/saude\/wp-json\/wp\/v2\/categories?post=518863"},{"taxonomy":"post_tag","embeddable":true,"href":"https:\/\/goias.gov.br\/saude\/wp-json\/wp\/v2\/tags?post=518863"}],"curies":[{"name":"wp","href":"https:\/\/api.w.org\/{rel}","templated":true}]}}