

{"id":49071,"date":"2024-06-06T09:01:29","date_gmt":"2024-06-06T12:01:29","guid":{"rendered":"https:\/\/goias.gov.br\/saude\/?p=49071"},"modified":"2024-06-06T09:20:55","modified_gmt":"2024-06-06T12:20:55","slug":"governo-de-goias-apoia-a-assistencia-domiciliar-humanizada-a-saude-em-70-municipios","status":"publish","type":"post","link":"https:\/\/goias.gov.br\/saude\/governo-de-goias-apoia-a-assistencia-domiciliar-humanizada-a-saude-em-70-municipios\/","title":{"rendered":"Governo de Goi\u00e1s apoia a assist\u00eancia domiciliar humanizada \u00e0 sa\u00fade em 70 munic\u00edpios"},"content":{"rendered":"\n<p class=\"has-text-align-center\"><strong>SES coordena servi\u00e7o do SUS no Estado, qualifica profissionais e disp\u00f5e de equipes no HUGOL, HDS e HEANA. Semin\u00e1rio nesta sexta-feira vai debater desospitaliza\u00e7\u00e3o de crian\u00e7as<\/strong><\/p>\n\n\n\n<!--more-->\n\n\n<div class=\"wp-block-image\">\n<figure class=\"aligncenter size-full\"><img fetchpriority=\"high\" decoding=\"async\" width=\"1600\" height=\"1198\" src=\"https:\/\/goias.gov.br\/saude\/wp-content\/uploads\/sites\/34\/2024\/06\/0606-assistencia-domiciliar.jpeg\" alt=\"\" class=\"wp-image-49072\" \/><figcaption class=\"wp-element-caption\"><em>Profissional do SAD em atendimento ao paciente: humaniza\u00e7\u00e3o da sa\u00fade no conforto do lar<\/em><\/figcaption><\/figure>\n<\/div>\n\n\n<p>Pacientes de 70 munic\u00edpios goianos j\u00e1 contam com assist\u00eancia humanizada, no conforto do lar, proporcionado por 128 equipes do Servi\u00e7o de Aten\u00e7\u00e3o Domiciliar (SAD) do Melhor em Casa. Nesse per\u00edodo, considerando os crit\u00e9rios de habilita\u00e7\u00e3o estabelecidos por portaria do Minist\u00e9rio da Saude (MS), 33 munic\u00edpios aderiram ao servi\u00e7o, coordenado em Goi\u00e1s pela Secretaria de Estado da Sa\u00fade (SES-GO). A pasta ainda qualifica os profissionais do SAD e mant\u00e9m, com recursos pr\u00f3prios, 11 equipes nos Hospitais Estaduais de Urg\u00eancias Governador Ot\u00e1vio Lage de Siqueira (Hugol), de Dermatologia Sanit\u00e1ria Col\u00f4nia Santa Marta (HDS) e de An\u00e1polis Dr. Henrique Santillo (Heana).<\/p>\n\n\n\n<p>Esses e outros dados, com enfoque nas crian\u00e7as internadas em unidades de sa\u00fade p\u00fablica, v\u00e3o ser abordados por especialistas no 1\u00ba Semin\u00e1rio Estadual do Servi\u00e7o de Aten\u00e7\u00e3o Domiciliar: Os Desafios da Desospitaliza\u00e7\u00e3o Pedi\u00e1trica em Goi\u00e1s. No evento desta sexta-feira (07\/06), no audit\u00f3rio do Centro de Reabilita\u00e7\u00e3o e Readapta\u00e7\u00e3o Dr. Henrique Santillo (Crer), profissionais de sa\u00fade v\u00e3o acompanhar e debater o papel do SAD na desospitaliza\u00e7\u00e3o pedi\u00e1trica e os principais desafios desse importante servi\u00e7o.<\/p>\n\n\n\n<p>O SAD reduz e evita o risco de infec\u00e7\u00f5es, proporcionando ao paciente um cuidado mais pr\u00f3ximo da rotina familiar, no aconchego do lar. Nos casos em que o paciente precisa ser visitado, semanalmente ou mais, ele \u00e9 acompanhado por equipes espec\u00edficas do SAD, compostas por m\u00e9dicos, enfermeiros, t\u00e9cnicos em enfermagem e fisioterapeuta ou assistente social. Assim, cada caso \u00e9 avaliado in loco e individualmente. \u201cPermitir que o paciente receba o tratamento em casa ajuda a racionalizar o uso da rede e deixar o hospital somente para quem, de fato, precisa\u201d, acrescenta a coordenadora da Aten\u00e7\u00e3o Domiciliar da SES-GO, Sebastiana Maria de Paulo Nunes.<\/p>\n\n\n\n<p>Ela explica que, para viabilizar a desospitaliza\u00e7\u00e3o, o programa mant\u00e9m comunica\u00e7\u00e3o entre os pontos da rede de sa\u00fade, como hospitais, Unidades de Pronto Atendimento (UPAs) e pronto-socorro. A coordenadora ainda ressalta a import\u00e2ncia do projeto Desospitaliza Goi\u00e1s 2 como marco (desde 2019, principalmente ap\u00f3s a pandemia de Covid), ao estabelecer estrat\u00e9gias importantes. O projeto visa a amplia\u00e7\u00e3o do n\u00famero de munic\u00edpios com SADs habilitados no programa Melhor em Casa e tamb\u00e9m na cria\u00e7\u00e3o dos servi\u00e7os intra-hospitalares de apoio \u00e0 desospitaliza\u00e7\u00e3o e no fortalecimento das redes de apoio aos SAD.<\/p>\n\n\n\n<p><strong>SERVI\u00c7O<\/strong><br>1\u00ba Semin\u00e1rio Estadual do Servi\u00e7o de Aten\u00e7\u00e3o Domiciliar: Os Desafios da Desospitaliza\u00e7\u00e3o Pedi\u00e1trica em Goi\u00e1s<br>Data: sexta-feira (7\/6\/24)<br>Hor\u00e1rio: 7h30 \u00e0s 12h<br>Local: Audit\u00f3rio Centro de Reabilita\u00e7\u00e3o e Readapta\u00e7\u00e3o Dr. Henrique Santillo (Crer)<\/p>\n\n\n\n<p>Fotos: SPAIS \/ SES<br>Yara Galv\u00e3o (texto)\/Comunica\u00e7\u00e3o Setorial SES<\/p>\n","protected":false},"excerpt":{"rendered":"<p>SES coordena servi\u00e7o do SUS no Estado, qualifica profissionais e disp\u00f5e de equipes de aten\u00e7\u00e3o domiciliar no Hugol, HDS e Heana. Semin\u00e1rio nesta sexta-feira (07\/06) vai debater desospitaliza\u00e7\u00e3o de crian\u00e7as<\/p>\n","protected":false},"author":164,"featured_media":49072,"comment_status":"closed","ping_status":"open","sticky":false,"template":"","format":"standard","meta":{"footnotes":""},"categories":[3],"tags":[345],"class_list":["post-49071","post","type-post","status-publish","format-standard","has-post-thumbnail","hentry","category-noticias","tag-atencao-domiciliar"],"rttpg_featured_image_url":{"full":["https:\/\/goias.gov.br\/saude\/wp-content\/uploads\/sites\/34\/2024\/06\/0606-assistencia-domiciliar.jpeg",1600,1198,false],"landscape":["https:\/\/goias.gov.br\/saude\/wp-content\/uploads\/sites\/34\/2024\/06\/0606-assistencia-domiciliar.jpeg",1600,1198,false],"portraits":["https:\/\/goias.gov.br\/saude\/wp-content\/uploads\/sites\/34\/2024\/06\/0606-assistencia-domiciliar.jpeg",1600,1198,false],"thumbnail":["https:\/\/goias.gov.br\/saude\/wp-content\/uploads\/sites\/34\/2024\/06\/0606-assistencia-domiciliar.jpeg",150,112,false],"medium":["https:\/\/goias.gov.br\/saude\/wp-content\/uploads\/sites\/34\/2024\/06\/0606-assistencia-domiciliar.jpeg",300,225,false],"large":["https:\/\/goias.gov.br\/saude\/wp-content\/uploads\/sites\/34\/2024\/06\/0606-assistencia-domiciliar.jpeg",1024,767,false],"1536x1536":["https:\/\/goias.gov.br\/saude\/wp-content\/uploads\/sites\/34\/2024\/06\/0606-assistencia-domiciliar.jpeg",1536,1150,false],"2048x2048":["https:\/\/goias.gov.br\/saude\/wp-content\/uploads\/sites\/34\/2024\/06\/0606-assistencia-domiciliar.jpeg",1600,1198,false]},"rttpg_author":{"display_name":"isabelamelo","author_link":"https:\/\/goias.gov.br\/saude\/author\/isabelamelo\/"},"rttpg_comment":0,"rttpg_category":"<a href=\"https:\/\/goias.gov.br\/saude\/categoria\/noticias\/\" rel=\"category tag\">Not\u00edcias<\/a>","rttpg_excerpt":"SES coordena servi\u00e7o do SUS no Estado, qualifica profissionais e disp\u00f5e de equipes de aten\u00e7\u00e3o domiciliar no Hugol, HDS e Heana. Semin\u00e1rio nesta sexta-feira (07\/06) vai debater desospitaliza\u00e7\u00e3o de crian\u00e7as","_links":{"self":[{"href":"https:\/\/goias.gov.br\/saude\/wp-json\/wp\/v2\/posts\/49071","targetHints":{"allow":["GET"]}}],"collection":[{"href":"https:\/\/goias.gov.br\/saude\/wp-json\/wp\/v2\/posts"}],"about":[{"href":"https:\/\/goias.gov.br\/saude\/wp-json\/wp\/v2\/types\/post"}],"author":[{"embeddable":true,"href":"https:\/\/goias.gov.br\/saude\/wp-json\/wp\/v2\/users\/164"}],"replies":[{"embeddable":true,"href":"https:\/\/goias.gov.br\/saude\/wp-json\/wp\/v2\/comments?post=49071"}],"version-history":[{"count":3,"href":"https:\/\/goias.gov.br\/saude\/wp-json\/wp\/v2\/posts\/49071\/revisions"}],"predecessor-version":[{"id":49086,"href":"https:\/\/goias.gov.br\/saude\/wp-json\/wp\/v2\/posts\/49071\/revisions\/49086"}],"wp:featuredmedia":[{"embeddable":true,"href":"https:\/\/goias.gov.br\/saude\/wp-json\/wp\/v2\/media\/49072"}],"wp:attachment":[{"href":"https:\/\/goias.gov.br\/saude\/wp-json\/wp\/v2\/media?parent=49071"}],"wp:term":[{"taxonomy":"category","embeddable":true,"href":"https:\/\/goias.gov.br\/saude\/wp-json\/wp\/v2\/categories?post=49071"},{"taxonomy":"post_tag","embeddable":true,"href":"https:\/\/goias.gov.br\/saude\/wp-json\/wp\/v2\/tags?post=49071"}],"curies":[{"name":"wp","href":"https:\/\/api.w.org\/{rel}","templated":true}]}}