

{"id":487697,"date":"2025-09-03T18:36:23","date_gmt":"2025-09-03T21:36:23","guid":{"rendered":"https:\/\/goias.gov.br\/saude\/?p=487697"},"modified":"2025-09-03T18:36:28","modified_gmt":"2025-09-03T21:36:28","slug":"seminario-estadual-de-atencao-primaria-reune-600-profissionais-em-goiania","status":"publish","type":"post","link":"https:\/\/goias.gov.br\/saude\/seminario-estadual-de-atencao-primaria-reune-600-profissionais-em-goiania\/","title":{"rendered":"Semin\u00e1rio Estadual de Aten\u00e7\u00e3o Prim\u00e1ria re\u00fane 600 profissionais em Goi\u00e2nia"},"content":{"rendered":"\n<p class=\"has-text-align-center\"><strong>Evento destacou integra\u00e7\u00e3o entre Aten\u00e7\u00e3o Prim\u00e1ria de Sa\u00fade e Aten\u00e7\u00e3o Especializada, al\u00e9m da humaniza\u00e7\u00e3o do cuidado e fortalecimento das equipes do SUS<\/strong><\/p>\n\n\n\n<!--more-->\n\n\n\n<figure class=\"wp-block-image size-large\"><img fetchpriority=\"high\" decoding=\"async\" width=\"1024\" height=\"683\" src=\"https:\/\/goias.gov.br\/saude\/wp-content\/uploads\/sites\/34\/2025\/09\/Seminario-APS-1-1024x683.jpeg\" alt=\"\" class=\"wp-image-487698\" srcset=\"https:\/\/goias.gov.br\/saude\/wp-content\/uploads\/sites\/34\/2025\/09\/Seminario-APS-1-1024x683.jpeg 1024w, https:\/\/goias.gov.br\/saude\/wp-content\/uploads\/sites\/34\/2025\/09\/Seminario-APS-1-300x200.jpeg 300w, https:\/\/goias.gov.br\/saude\/wp-content\/uploads\/sites\/34\/2025\/09\/Seminario-APS-1-768x512.jpeg 768w, https:\/\/goias.gov.br\/saude\/wp-content\/uploads\/sites\/34\/2025\/09\/Seminario-APS-1.jpeg 1224w\" sizes=\"(max-width: 1024px) 100vw, 1024px\" \/><figcaption class=\"wp-element-caption\"><em>Alta gest\u00e3o da SES e Cosems encerram Semin\u00e1rio da Aten\u00e7\u00e3o Prim\u00e1ria com balan\u00e7o satisfat\u00f3rio para o fortalecimento do SUS em Goi\u00e1s<\/em><\/figcaption><\/figure>\n\n\n\n<p>O Semin\u00e1rio Estadual de Aten\u00e7\u00e3o Prim\u00e1ria \u00e0 Sa\u00fade, realizado pela Secretaria de Estado da Sa\u00fade de Goi\u00e1s (SES-GO) em parceria com o Conselho de Secretarias Municipais de Sa\u00fade (Cosems-GO), reuniu cerca de 600 participantes, entre gestores municipais, coordenadores, t\u00e9cnicos e profissionais de sa\u00fade de todas as regi\u00f5es de Goi\u00e1s. Durante dois dias, o evento promoveu mesas-redondas, palestras e debates sobre os principais desafios e estrat\u00e9gias para o fortalecimento da Aten\u00e7\u00e3o Prim\u00e1ria, em uma ampla programa\u00e7\u00e3o no WTC Hotel, em Goi\u00e2nia.<\/p>\n\n\n\n<p>\u201cO papel da Aten\u00e7\u00e3o Prim\u00e1ria como eixo estruturante da rede \u00e9 fundamental. Ela precisa acompanhar e monitorar o usu\u00e1rio em toda a sua trajet\u00f3ria, desde a unidade b\u00e1sica at\u00e9 uma poss\u00edvel interna\u00e7\u00e3o e seu retorno para casa. Para isso, s\u00e3o necess\u00e1rias equipes capacitadas, estruturas adequadas e fluxos bem definidos\u201d, destacou o subsecret\u00e1rio de Pol\u00edticas e A\u00e7\u00f5es de Sa\u00fade da SES, Luciano Carvalho.<\/p>\n\n\n\n<p>\u201cEstamos muito felizes com os resultados e com a participa\u00e7\u00e3o de todos. Este semin\u00e1rio nos permitiu apresentar projetos estrat\u00e9gicos, discutir a planifica\u00e7\u00e3o da sa\u00fade e refor\u00e7ar a necessidade de integra\u00e7\u00e3o entre a Aten\u00e7\u00e3o Prim\u00e1ria e a Aten\u00e7\u00e3o Especializada\u201d, afirmou Amanda Limongi, superintendente de Pol\u00edticas e Aten\u00e7\u00e3o Integral \u00e0 Sa\u00fade.<\/p>\n\n\n\n<p>A gerente de Aten\u00e7\u00e3o Prim\u00e1ria da SES-GO, L\u00edgia Duarte, destacou a import\u00e2ncia da discuss\u00e3o sobre fluxos, desafios e humaniza\u00e7\u00e3o do cuidado: \u201cN\u00f3s tivemos uma mesa redonda que trouxe a APS dentro do contexto da aten\u00e7\u00e3o \u00e0 sa\u00fade, abordando os principais fluxos, gargalos e potencialidades da Aten\u00e7\u00e3o Prim\u00e1ria para todos os representantes da alta gest\u00e3o. Falamos ainda sobre a humaniza\u00e7\u00e3o na APS, aproximando o cuidado de cada goiano.\u201d<\/p>\n\n\n\n<p>Para a presidente do Cosems-GO, Patr\u00edcia Fleury, o evento atingiu seus objetivos. \u201cEssa parceria e o balan\u00e7o do evento mostra que n\u00f3s alcan\u00e7amos nosso objetivo. V\u00e1rios secret\u00e1rios de sa\u00fade, acompanhados de seus coordenadores, discutiram desafios, limita\u00e7\u00f5es, compartilharam pr\u00e1ticas exitosas e inovadoras e tiraram d\u00favidas, com participa\u00e7\u00e3o de representantes do Minist\u00e9rio da Sa\u00fade. Daqui, constru\u00edmos um caminho exitoso para o fortalecimento e convencimento da nossa Aten\u00e7\u00e3o Prim\u00e1ria \u00e0 Sa\u00fade\u201d, ressaltou.<\/p>\n\n\n\n<p>O encerramento do Semin\u00e1rio Estadual de Aten\u00e7\u00e3o Prim\u00e1ria \u00e0 Sa\u00fade contou com o compromisso renovado dos profissionais em aplicar as experi\u00eancias e estrat\u00e9gias discutidas, refor\u00e7ando a Aten\u00e7\u00e3o Prim\u00e1ria como porta de entrada e base do Sistema \u00danico de Sa\u00fade em Goi\u00e1s.<\/p>\n\n\n\n<p>Yara Galv\u00e3o (texto) Iron Braz (fotos) \/ Comunica\u00e7\u00e3o Setorial SES-GO<\/p>\n","protected":false},"excerpt":{"rendered":"<p>Evento destacou integra\u00e7\u00e3o entre Aten\u00e7\u00e3o Prim\u00e1ria de Sa\u00fade e Aten\u00e7\u00e3o Especializada, al\u00e9m da humaniza\u00e7\u00e3o do cuidado e fortalecimento das equipes do SUS<\/p>\n","protected":false},"author":24,"featured_media":487699,"comment_status":"closed","ping_status":"open","sticky":false,"template":"","format":"standard","meta":{"footnotes":""},"categories":[3],"tags":[210],"class_list":["post-487697","post","type-post","status-publish","format-standard","has-post-thumbnail","hentry","category-noticias","tag-atencao-primaria"],"rttpg_featured_image_url":{"full":["https:\/\/goias.gov.br\/saude\/wp-content\/uploads\/sites\/34\/2025\/09\/Seminario-APS-2.jpeg",1224,816,false],"landscape":["https:\/\/goias.gov.br\/saude\/wp-content\/uploads\/sites\/34\/2025\/09\/Seminario-APS-2.jpeg",1224,816,false],"portraits":["https:\/\/goias.gov.br\/saude\/wp-content\/uploads\/sites\/34\/2025\/09\/Seminario-APS-2.jpeg",1224,816,false],"thumbnail":["https:\/\/goias.gov.br\/saude\/wp-content\/uploads\/sites\/34\/2025\/09\/Seminario-APS-2-150x150.jpeg",150,150,true],"medium":["https:\/\/goias.gov.br\/saude\/wp-content\/uploads\/sites\/34\/2025\/09\/Seminario-APS-2-300x200.jpeg",300,200,true],"large":["https:\/\/goias.gov.br\/saude\/wp-content\/uploads\/sites\/34\/2025\/09\/Seminario-APS-2-1024x683.jpeg",1024,683,true],"1536x1536":["https:\/\/goias.gov.br\/saude\/wp-content\/uploads\/sites\/34\/2025\/09\/Seminario-APS-2.jpeg",1224,816,false],"2048x2048":["https:\/\/goias.gov.br\/saude\/wp-content\/uploads\/sites\/34\/2025\/09\/Seminario-APS-2.jpeg",1224,816,false]},"rttpg_author":{"display_name":"karinesantos","author_link":"https:\/\/goias.gov.br\/saude\/author\/karinesantos\/"},"rttpg_comment":0,"rttpg_category":"<a href=\"https:\/\/goias.gov.br\/saude\/categoria\/noticias\/\" rel=\"category tag\">Not\u00edcias<\/a>","rttpg_excerpt":"Evento destacou integra\u00e7\u00e3o entre Aten\u00e7\u00e3o Prim\u00e1ria de Sa\u00fade e Aten\u00e7\u00e3o Especializada, al\u00e9m da humaniza\u00e7\u00e3o do cuidado e fortalecimento das equipes do SUS","_links":{"self":[{"href":"https:\/\/goias.gov.br\/saude\/wp-json\/wp\/v2\/posts\/487697","targetHints":{"allow":["GET"]}}],"collection":[{"href":"https:\/\/goias.gov.br\/saude\/wp-json\/wp\/v2\/posts"}],"about":[{"href":"https:\/\/goias.gov.br\/saude\/wp-json\/wp\/v2\/types\/post"}],"author":[{"embeddable":true,"href":"https:\/\/goias.gov.br\/saude\/wp-json\/wp\/v2\/users\/24"}],"replies":[{"embeddable":true,"href":"https:\/\/goias.gov.br\/saude\/wp-json\/wp\/v2\/comments?post=487697"}],"version-history":[{"count":1,"href":"https:\/\/goias.gov.br\/saude\/wp-json\/wp\/v2\/posts\/487697\/revisions"}],"predecessor-version":[{"id":487700,"href":"https:\/\/goias.gov.br\/saude\/wp-json\/wp\/v2\/posts\/487697\/revisions\/487700"}],"wp:featuredmedia":[{"embeddable":true,"href":"https:\/\/goias.gov.br\/saude\/wp-json\/wp\/v2\/media\/487699"}],"wp:attachment":[{"href":"https:\/\/goias.gov.br\/saude\/wp-json\/wp\/v2\/media?parent=487697"}],"wp:term":[{"taxonomy":"category","embeddable":true,"href":"https:\/\/goias.gov.br\/saude\/wp-json\/wp\/v2\/categories?post=487697"},{"taxonomy":"post_tag","embeddable":true,"href":"https:\/\/goias.gov.br\/saude\/wp-json\/wp\/v2\/tags?post=487697"}],"curies":[{"name":"wp","href":"https:\/\/api.w.org\/{rel}","templated":true}]}}