

{"id":487,"date":"2019-05-29T16:02:25","date_gmt":"2019-05-29T19:02:25","guid":{"rendered":"https:\/\/siteshom.goias.gov.br\/saude\/ses-go-promove-destinacao-correta-de-residuos-da-feira-agro-centro-oeste\/"},"modified":"2019-05-29T16:02:25","modified_gmt":"2019-05-29T19:02:25","slug":"ses-go-promove-destinacao-correta-de-residuos-da-feira-agro-centro-oeste","status":"publish","type":"post","link":"https:\/\/goias.gov.br\/saude\/ses-go-promove-destinacao-correta-de-residuos-da-feira-agro-centro-oeste\/","title":{"rendered":"SES-GO promove destina\u00e7\u00e3o correta de res\u00edduos da Feira Agro Centro-Oeste"},"content":{"rendered":"<p><em>Projeto pioneiro organiza destina\u00e7\u00e3o dos res\u00edduos gerados na 17\u00aa Feira Agro Centro-Oeste Familiar separando-os em recicl\u00e1veis, org\u00e2nicos, \u00f3leo usado, rejeitos e l\u00edquidos<\/em><\/p>\n<p>A Secretaria de Estado da Sa\u00fade de Goi\u00e1s (SES-GO) implementou projeto pioneiro de destina\u00e7\u00e3o correta dos res\u00edduos gerados na 17\u00aa Feira Agro Centro-Oeste Familiar, que foi aberta nesta quarta-feira, 29, no Centro de Eventos Prof. Ricardo Freua Buf\u00e1i\u00e7al, no C\u00e2mpus Samambaia, da Universidade Federal de Goi\u00e1s (UFG), em Goi\u00e2nia. O evento, que ser\u00e1 realizado at\u00e9 o dia 1\u00ba de junho, das 8 \u00e0s 20 horas, tem participa\u00e7\u00e3o da SES-GO, por meio da Superintend\u00eancia de Vigil\u00e2ncia em Sa\u00fade (Suvisa) e da Superintend\u00eancia de Pol\u00edticas de Aten\u00e7\u00e3o Integral \u00e0 Sa\u00fade (Spais).<\/p>\n<p>O superintendente da Suvisa, Jo\u00e3o Ferreira de Morais, esclarece que o projeto segue lei municipal e a pr\u00f3pria Lei n\u00ba 12.305\/10, que institui a Pol\u00edtica Nacional de Res\u00edduos S\u00f3lidos (PNRS). \u201cO manejo adequado dos res\u00edduos s\u00f3lidos \u00e9 importante para termos avan\u00e7os nas quest\u00f5es ambientais, sociais e econ\u00f4micas, por meio da pr\u00e1tica de h\u00e1bitos de consumo sustent\u00e1veis\u201d, avalia o superintendente que representou a SES na abertura do evento.<\/p>\n<p>A fiscal de vigil\u00e2ncia em sa\u00fade ambiental da Suvisa, Paula Oliveira Milanez, foi a respons\u00e1vel pela elabora\u00e7\u00e3o e implementa\u00e7\u00e3o do projeto desde a prepara\u00e7\u00e3o da feira. Ela explica que os vendedores da pra\u00e7a de alimenta\u00e7\u00e3o foram orientados sobre a separa\u00e7\u00e3o dos org\u00e2nicos e monitores foram preparados para dar explica\u00e7\u00f5es para os visitantes e os expositores sobre o manejo dos res\u00edduos. \u201cA pr\u00f3pria organiza\u00e7\u00e3o do evento foi alertada sobre a preven\u00e7\u00e3o da gera\u00e7\u00e3o de res\u00edduos, sobre os tipos de descart\u00e1veis que deveriam usar, sobre a forma de separar o lixo, al\u00e9m de contarmos com parceiros, que apoiam a log\u00edstica dessa destina\u00e7\u00e3o dos res\u00edduos\u201d, afirma.<\/p>\n<p>Paula explica que por ser o primeiro ano da gest\u00e3o de res\u00edduos da feira, ainda n\u00e3o \u00e9 poss\u00edvel estimar a quantidade de material que dever\u00e1 ser coletada, mas ao final do evento ser\u00e1 feito um balan\u00e7o da quantia de org\u00e2nicos e de recicl\u00e1veis separados. Os res\u00edduos est\u00e3o sendo dispostos em recicl\u00e1veis, org\u00e2nicos, \u00f3leo usado, rejeitos e l\u00edquidos. \u201cPedimos a colabora\u00e7\u00e3o dos visitantes, as lixeiras est\u00e3o todas sinalizadas, s\u00f3 \u00e9 necess\u00e1rio um pouco de aten\u00e7\u00e3o na hora de separar os restos de comida dos recicl\u00e1veis\u201d, orienta.<\/p>\n<p><strong>Participa\u00e7\u00e3o da SES<\/strong><\/p>\n<p>As atividades da SES-GO ocorrer\u00e3o nas tr\u00eas tendas \u201cCuidando da Sa\u00fade\u201d, \u201cDialogando Sa\u00fade\u201d e \u201cAprendendo Sa\u00fade\u201d. Nelas, ser\u00e3o promovidos atendimentos ao usu\u00e1rio, como aferi\u00e7\u00e3o de press\u00e3o arterial, teste de glicemia, avalia\u00e7\u00e3o nutricional, avalia\u00e7\u00e3o da sa\u00fade bucal e testes r\u00e1pidos de Infec\u00e7\u00f5es Sexualmente Transmiss\u00edveis (ISTs). O p\u00fablico do evento tamb\u00e9m pode se vacinar contra diversas doen\u00e7as no espa\u00e7o da sa\u00fade.<\/p>\n<p>Constam ainda atividades culturais, oficinas e pr\u00e1ticas integrativas em sa\u00fade buscando o autocuidado e bem-estar biopsicossocial. Os participantes da feira recebem informa\u00e7\u00f5es e orienta\u00e7\u00f5es sobre vetores de doen\u00e7as, animais pe\u00e7onhentos, plantas t\u00f3xicas, profilaxia da dengue, entre outros.<\/p>\n<p>Para executar essas a\u00e7\u00f5es, a Suvisa e a Spais contar\u00e3o com a parceria do Corpo de Bombeiros, ligas acad\u00eamicas da UFG, 7\u00aa Circunscri\u00e7\u00e3o do Servi\u00e7o Militar de Goi\u00e1s e Centro Estadual de Refer\u00eancia em Medicina Integrativa e Complementar (Cremic), tamb\u00e9m unidade da SES-GO.<\/p>\n<p><strong>Feira Agro Centro-Oeste Familiar<\/strong><\/p>\n<p>O evento tem o prop\u00f3sito de apoiar a agricultura familiar da Regi\u00e3o Centro-Oeste, como segmento produtivo, chave na gera\u00e7\u00e3o de emprego e renda no campo, e na produ\u00e7\u00e3o de alimentos e produtos para a popula\u00e7\u00e3o rural e urbana. Promovida pela UFG, a feira deve receber 1,5 mil pessoas por dia, de diversas regi\u00f5es do Estado, bem como representantes dos agricultores, assentados, quilombolas, ind\u00edgenas, entre outros.<\/p>\n<p>Patr\u00edcia Almeida, da Comunica\u00e7\u00e3o Setorial; Maria do Ros\u00e1rio Mesquita, da Suvisa<\/p>\n<p>Foto: Erus Jhenner<\/p>\n","protected":false},"excerpt":{"rendered":"<p>Projeto pioneiro organiza destina\u00e7\u00e3o dos res\u00edduos gerados na 17\u00aa Feira Agro Centro-Oeste Familiar separando-os em recicl\u00e1veis, org\u00e2nicos, \u00f3leo usado, rejeitos e l\u00edquidos A Secretaria de Estado da Sa\u00fade de Goi\u00e1s (SES-GO) implementou projeto pioneiro de destina\u00e7\u00e3o correta dos res\u00edduos gerados na 17\u00aa Feira Agro Centro-Oeste Familiar, que foi aberta nesta quarta-feira, 29, no Centro de [&hellip;]<\/p>\n","protected":false},"author":46,"featured_media":0,"comment_status":"closed","ping_status":"open","sticky":false,"template":"","format":"standard","meta":{"footnotes":""},"categories":[3],"tags":[],"class_list":["post-487","post","type-post","status-publish","format-standard","hentry","category-noticias"],"rttpg_featured_image_url":null,"rttpg_author":{"display_name":"cleybetsls","author_link":"https:\/\/goias.gov.br\/saude\/author\/cleybetsls\/"},"rttpg_comment":0,"rttpg_category":"<a href=\"https:\/\/goias.gov.br\/saude\/categoria\/noticias\/\" rel=\"category tag\">Not\u00edcias<\/a>","rttpg_excerpt":"Projeto pioneiro organiza destina\u00e7\u00e3o dos res\u00edduos gerados na 17\u00aa Feira Agro Centro-Oeste Familiar separando-os em recicl\u00e1veis, org\u00e2nicos, \u00f3leo usado, rejeitos e l\u00edquidos A Secretaria de Estado da Sa\u00fade de Goi\u00e1s (SES-GO) implementou projeto pioneiro de destina\u00e7\u00e3o correta dos res\u00edduos gerados na 17\u00aa Feira Agro Centro-Oeste Familiar, que foi aberta nesta quarta-feira, 29, no Centro de&hellip;","_links":{"self":[{"href":"https:\/\/goias.gov.br\/saude\/wp-json\/wp\/v2\/posts\/487","targetHints":{"allow":["GET"]}}],"collection":[{"href":"https:\/\/goias.gov.br\/saude\/wp-json\/wp\/v2\/posts"}],"about":[{"href":"https:\/\/goias.gov.br\/saude\/wp-json\/wp\/v2\/types\/post"}],"author":[{"embeddable":true,"href":"https:\/\/goias.gov.br\/saude\/wp-json\/wp\/v2\/users\/46"}],"replies":[{"embeddable":true,"href":"https:\/\/goias.gov.br\/saude\/wp-json\/wp\/v2\/comments?post=487"}],"version-history":[{"count":0,"href":"https:\/\/goias.gov.br\/saude\/wp-json\/wp\/v2\/posts\/487\/revisions"}],"wp:attachment":[{"href":"https:\/\/goias.gov.br\/saude\/wp-json\/wp\/v2\/media?parent=487"}],"wp:term":[{"taxonomy":"category","embeddable":true,"href":"https:\/\/goias.gov.br\/saude\/wp-json\/wp\/v2\/categories?post=487"},{"taxonomy":"post_tag","embeddable":true,"href":"https:\/\/goias.gov.br\/saude\/wp-json\/wp\/v2\/tags?post=487"}],"curies":[{"name":"wp","href":"https:\/\/api.w.org\/{rel}","templated":true}]}}