

{"id":482009,"date":"2025-08-28T06:11:00","date_gmt":"2025-08-28T09:11:00","guid":{"rendered":"https:\/\/goias.gov.br\/saude\/?p=482009"},"modified":"2025-08-28T17:14:18","modified_gmt":"2025-08-28T20:14:18","slug":"hel-encerra-agosto-dourado-com-acao-para-gestantes","status":"publish","type":"post","link":"https:\/\/goias.gov.br\/saude\/hel-encerra-agosto-dourado-com-acao-para-gestantes\/","title":{"rendered":"HEL encerra Agosto Dourado com a\u00e7\u00e3o para gestantes"},"content":{"rendered":"\n<p class=\"has-text-align-center\"><em><strong>Evento reuniu arte, informa\u00e7\u00e3o e solidariedade em prol do aleitamento materno<\/strong><\/em><\/p>\n\n\n\n<!--more-->\n\n\n\n<figure class=\"wp-block-image size-large\"><img fetchpriority=\"high\" decoding=\"async\" width=\"1024\" height=\"768\" src=\"https:\/\/goias.gov.br\/saude\/wp-content\/uploads\/sites\/34\/2025\/08\/HEL-Agosto-1024x768.jpeg\" alt=\"\" class=\"wp-image-482010\" srcset=\"https:\/\/goias.gov.br\/saude\/wp-content\/uploads\/sites\/34\/2025\/08\/HEL-Agosto-1024x768.jpeg 1024w, https:\/\/goias.gov.br\/saude\/wp-content\/uploads\/sites\/34\/2025\/08\/HEL-Agosto-300x225.jpeg 300w, https:\/\/goias.gov.br\/saude\/wp-content\/uploads\/sites\/34\/2025\/08\/HEL-Agosto-768x576.jpeg 768w, https:\/\/goias.gov.br\/saude\/wp-content\/uploads\/sites\/34\/2025\/08\/HEL-Agosto-640x480.jpeg 640w, https:\/\/goias.gov.br\/saude\/wp-content\/uploads\/sites\/34\/2025\/08\/HEL-Agosto-600x450.jpeg 600w, https:\/\/goias.gov.br\/saude\/wp-content\/uploads\/sites\/34\/2025\/08\/HEL-Agosto.jpeg 1280w\" sizes=\"(max-width: 1024px) 100vw, 1024px\" \/><figcaption class=\"wp-element-caption\"><em>Gestantes, familiares e profissionais de sa\u00fade participaram do Agosto Dourado no HEL<\/em><\/figcaption><\/figure>\n\n\n\n<p>O Hospital Estadual de Luzi\u00e2nia (HEL), unidade da Secretaria de Estado da Sa\u00fade de Goi\u00e1s (SES-GO), realizou o evento de encerramento das atividades do Agosto Dourado, m\u00eas dedicado ao incentivo ao aleitamento materno. A a\u00e7\u00e3o reuniu gestantes, familiares e profissionais de sa\u00fade em um momento de celebra\u00e7\u00e3o, aprendizado e acolhimento.<br><br>Entre as atividades, o destaque foi a \u201cpintura de barriga\u201d, que trouxe leveza e emo\u00e7\u00e3o ao momento gestacional, valorizando a maternidade e refor\u00e7ando o v\u00ednculo entre m\u00e3e, beb\u00ea e fam\u00edlia. A iniciativa buscou tamb\u00e9m humanizar o cuidado e fortalecer o protagonismo da gestante.<br><br>O evento contou com a participa\u00e7\u00e3o do Banco de Leite Humano do Hospital Regional de Santa Maria (HRSM), que ofereceu informa\u00e7\u00f5es essenciais sobre a import\u00e2ncia do aleitamento materno exclusivo at\u00e9 os seis meses, a pega correta e o posicionamento do beb\u00ea, al\u00e9m de orientar sobre como funciona a coleta e doa\u00e7\u00e3o de leite humano para rec\u00e9m-nascidos internados.<br><br>De acordo com a coordenadora do centro obst\u00e9trico, Thalya Morais, a proposta foi encerrar o Agosto Dourado com uma a\u00e7\u00e3o que unisse arte, informa\u00e7\u00e3o e solidariedade, refor\u00e7ando o compromisso do hospital em promover sa\u00fade e qualidade de vida desde os primeiros dias de vida.<br><br>\u201cO leite materno \u00e9 um alimento completo, fortalece o v\u00ednculo m\u00e3e-beb\u00ea e salva vidas quando doado. Encerramos o Agosto Dourado com a certeza de que cada gesto de incentivo \u00e0 amamenta\u00e7\u00e3o \u00e9 um investimento em sa\u00fade e futuro\u201d, afirmou Thalya.<\/p>\n\n\n\n<p>Julianna Adornelas \/ Instituto Patris&nbsp;<\/p>\n","protected":false},"excerpt":{"rendered":"<p>Evento reuniu arte, informa\u00e7\u00e3o e solidariedade em prol do aleitamento materno<\/p>\n","protected":false},"author":24,"featured_media":482011,"comment_status":"closed","ping_status":"open","sticky":false,"template":"","format":"standard","meta":{"footnotes":""},"categories":[3],"tags":[243],"class_list":["post-482009","post","type-post","status-publish","format-standard","has-post-thumbnail","hentry","category-noticias","tag-hospitais-estaduais"],"rttpg_featured_image_url":{"full":["https:\/\/goias.gov.br\/saude\/wp-content\/uploads\/sites\/34\/2025\/08\/HEL-Agosto-1.jpeg",1280,960,false],"landscape":["https:\/\/goias.gov.br\/saude\/wp-content\/uploads\/sites\/34\/2025\/08\/HEL-Agosto-1.jpeg",1280,960,false],"portraits":["https:\/\/goias.gov.br\/saude\/wp-content\/uploads\/sites\/34\/2025\/08\/HEL-Agosto-1.jpeg",1280,960,false],"thumbnail":["https:\/\/goias.gov.br\/saude\/wp-content\/uploads\/sites\/34\/2025\/08\/HEL-Agosto-1-150x150.jpeg",150,150,true],"medium":["https:\/\/goias.gov.br\/saude\/wp-content\/uploads\/sites\/34\/2025\/08\/HEL-Agosto-1-300x225.jpeg",300,225,true],"large":["https:\/\/goias.gov.br\/saude\/wp-content\/uploads\/sites\/34\/2025\/08\/HEL-Agosto-1-1024x768.jpeg",1024,768,true],"1536x1536":["https:\/\/goias.gov.br\/saude\/wp-content\/uploads\/sites\/34\/2025\/08\/HEL-Agosto-1.jpeg",1280,960,false],"2048x2048":["https:\/\/goias.gov.br\/saude\/wp-content\/uploads\/sites\/34\/2025\/08\/HEL-Agosto-1.jpeg",1280,960,false]},"rttpg_author":{"display_name":"karinesantos","author_link":"https:\/\/goias.gov.br\/saude\/author\/karinesantos\/"},"rttpg_comment":0,"rttpg_category":"<a href=\"https:\/\/goias.gov.br\/saude\/categoria\/noticias\/\" rel=\"category tag\">Not\u00edcias<\/a>","rttpg_excerpt":"Evento reuniu arte, informa\u00e7\u00e3o e solidariedade em prol do aleitamento materno","_links":{"self":[{"href":"https:\/\/goias.gov.br\/saude\/wp-json\/wp\/v2\/posts\/482009","targetHints":{"allow":["GET"]}}],"collection":[{"href":"https:\/\/goias.gov.br\/saude\/wp-json\/wp\/v2\/posts"}],"about":[{"href":"https:\/\/goias.gov.br\/saude\/wp-json\/wp\/v2\/types\/post"}],"author":[{"embeddable":true,"href":"https:\/\/goias.gov.br\/saude\/wp-json\/wp\/v2\/users\/24"}],"replies":[{"embeddable":true,"href":"https:\/\/goias.gov.br\/saude\/wp-json\/wp\/v2\/comments?post=482009"}],"version-history":[{"count":1,"href":"https:\/\/goias.gov.br\/saude\/wp-json\/wp\/v2\/posts\/482009\/revisions"}],"predecessor-version":[{"id":482012,"href":"https:\/\/goias.gov.br\/saude\/wp-json\/wp\/v2\/posts\/482009\/revisions\/482012"}],"wp:featuredmedia":[{"embeddable":true,"href":"https:\/\/goias.gov.br\/saude\/wp-json\/wp\/v2\/media\/482011"}],"wp:attachment":[{"href":"https:\/\/goias.gov.br\/saude\/wp-json\/wp\/v2\/media?parent=482009"}],"wp:term":[{"taxonomy":"category","embeddable":true,"href":"https:\/\/goias.gov.br\/saude\/wp-json\/wp\/v2\/categories?post=482009"},{"taxonomy":"post_tag","embeddable":true,"href":"https:\/\/goias.gov.br\/saude\/wp-json\/wp\/v2\/tags?post=482009"}],"curies":[{"name":"wp","href":"https:\/\/api.w.org\/{rel}","templated":true}]}}