

{"id":48111,"date":"2024-05-22T17:25:25","date_gmt":"2024-05-22T20:25:25","guid":{"rendered":"https:\/\/goias.gov.br\/saude\/?p=48111"},"modified":"2025-02-07T10:29:01","modified_gmt":"2025-02-07T13:29:01","slug":"comunicacao-setorial-da-saude-reune-gerentes-para-apresentar-fluxo-de-solicitacao-de-materiais-graficos","status":"publish","type":"post","link":"https:\/\/goias.gov.br\/saude\/comunicacao-setorial-da-saude-reune-gerentes-para-apresentar-fluxo-de-solicitacao-de-materiais-graficos\/","title":{"rendered":"Comunica\u00e7\u00e3o Setorial da Sa\u00fade re\u00fane gerentes para apresentar fluxo de solicita\u00e7\u00e3o de materiais gr\u00e1ficos"},"content":{"rendered":"\n<p class=\"has-text-align-center\"><strong>A Comunica\u00e7\u00e3o da SES-GO explicou aos gerentes e representantes de subsecretarias e superintend\u00eancias da pasta a forma correta de solicitar material gr\u00e1fico, bem como destacou o uso racional desses produtos<\/strong><\/p>\n\n\n\n<!--more-->\n\n\n<div class=\"wp-block-image\">\n<figure class=\"aligncenter size-full is-resized\"><img fetchpriority=\"high\" decoding=\"async\" width=\"2768\" height=\"4160\" src=\"https:\/\/goias.gov.br\/saude\/wp-content\/uploads\/sites\/34\/2024\/05\/2205-reuniao-materiais-graficos.jpg\" alt=\"\" class=\"wp-image-48112\" style=\"width:528px;height:auto\"\/><figcaption class=\"wp-element-caption\"><em>Equipe da Comunica\u00e7\u00e3o Setorial se reuniu com gerentes da SES-GO para orientar sobre solicita\u00e7\u00e3o de materiais gr\u00e1ficos<\/em><\/figcaption><\/figure>\n<\/div>\n\n\n<p>Com a contrata\u00e7\u00e3o de servi\u00e7os de materiais gr\u00e1ficos pela Secretaria de Estado da Sa\u00fade de Goi\u00e1s (SES-GO), a Comunica\u00e7\u00e3o Setorial (Comset) reuniu-se com gerentes e representantes das subsecretarias e superintend\u00eancias da pasta para apresentar o fluxo de solicita\u00e7\u00e3o desses produtos, orientar sobre estrat\u00e9gias e uso racional para que n\u00e3o ocorra desperd\u00edcio de recursos p\u00fablicos.<\/p>\n\n\n\n<p>\u201c\u00c9 importante ter um planejamento e plano de trabalho e distribui\u00e7\u00e3o, com a defini\u00e7\u00e3o do melhor tipo de material a ser utilizado, defini\u00e7\u00e3o da quantidade de modo a n\u00e3o haver descarte de material, objetivando, principalmente, economia de recursos\u201d, destacou o coordenador administrativo da Comset, Rian Gon\u00e7alves.<\/p>\n\n\n\n<p>Para solicitar materiais gr\u00e1ficos, as \u00e1reas t\u00e9cnicas devem preencher um formul\u00e1rio de solicita\u00e7\u00e3o, definir o tipo de material a ser usado, autuar o processo no Sistema Eletr\u00f4nico de Informa\u00e7\u00e3o (SEI). Rian destacou que pedidos de confec\u00e7\u00e3o feitos por meio de e-mail, telefone, aplicativos eletr\u00f4nicos ou verbalmente, n\u00e3o poder\u00e3o ser aceitos. \u201cSomente ap\u00f3s a solicita\u00e7\u00e3o via SEI, a demanda obedece fluxo de produ\u00e7\u00e3o e valida\u00e7\u00e3o na Comset, e ap\u00f3s o aval final da \u00e1rea t\u00e9cnica demandante, seguir\u00e1 para etapa de impress\u00e3o e entrega\u201d, destacou Rian.<\/p>\n\n\n\n<p><strong>Responsabilidade<\/strong><br>A chefe da Comunica\u00e7\u00e3o Setorial da SES, Iara Louren\u00e7o, destacou que a responsabilidade pela retirada e distribui\u00e7\u00e3o dos materiais ser\u00e1 das \u00e1reas t\u00e9cnicas solicitantes, assim como o descarte de material defasado ou inutilizado. \u201c\u00c9 muito importante que a \u00e1rea t\u00e9cnica tenha responsabilidade ambiental na hora de dimensionar a quantidade de material solicitado, pois sabemos que esses materiais s\u00e3o importantes para a promo\u00e7\u00e3o da sa\u00fade p\u00fablica por seu teor orientativo e educativo, mas se deve sempre priorizar o uso racional\u201d, destacou Iara.<\/p>\n\n\n\n<p>A coordenadora de M\u00eddias da SES-GO, Monique Arruda, orientou os servidores sobre o uso de arte para m\u00eddias on line, que ser\u00e3o utilizados em a\u00e7\u00f5es internas e n\u00e3o ser\u00e3o impressos. De acordo com a jornalista, as \u00e1reas t\u00e9cnicas podem fazer, elas mesmas, seus cards para distribui\u00e7\u00e3o pelo WhatsApp, redes, site e wallpaper (tela de computadores); no entanto, devem utilizar as logomarcas oficiais da SES\/Governo de Goi\u00e1s, que podem ser baixadas na <a href=\"https:\/\/goias.gov.br\/saude\/sala-de-imprensa\" target=\"_blank\" rel=\"noreferrer noopener\">Sala de Imprensa<\/a>.<\/p>\n\n\n\n<p>\u201cSalientamos que em a\u00e7\u00f5es para o p\u00fablico externo, a arte dever\u00e1 ser solicitada e produzida pela Comunica\u00e7\u00e3o Setorial\u201d, destacou Monique.<\/p>\n\n\n\n<p>A apresenta\u00e7\u00e3o sobre o fluxo para solicita\u00e7\u00e3o de materiais gr\u00e1ficos est\u00e1 dispon\u00edvel no link: <a href=\"https:\/\/goias.gov.br\/saude\/wp-content\/uploads\/sites\/34\/sala-de-imprensa\/fluxo-materiais-graficos.pdf\" target=\"_blank\" rel=\"noreferrer noopener\">https:\/\/goias.gov.br\/saude\/wp-content\/uploads\/sites\/34\/sala-de-imprensa\/fluxo-materiais-graficos.pdf<\/a><\/p>\n\n\n\n<p>Foto: Marco Monteiro<br><strong>Comunica\u00e7\u00e3o Setorial da SES-GO<\/strong><\/p>\n","protected":false},"excerpt":{"rendered":"<p>A Comunica\u00e7\u00e3o da SES-GO explicou aos gerentes e representantes de subsecretarias e superintend\u00eancias da pasta a forma correta de solicitar material gr\u00e1fico, bem como destacou o uso racional desses produtos<\/p>\n","protected":false},"author":164,"featured_media":48112,"comment_status":"closed","ping_status":"open","sticky":false,"template":"","format":"standard","meta":{"footnotes":""},"categories":[3],"tags":[336],"class_list":["post-48111","post","type-post","status-publish","format-standard","has-post-thumbnail","hentry","category-noticias","tag-equipe"],"rttpg_featured_image_url":{"full":["https:\/\/goias.gov.br\/saude\/wp-content\/uploads\/sites\/34\/2024\/05\/2205-reuniao-materiais-graficos.jpg",2768,4160,false],"landscape":["https:\/\/goias.gov.br\/saude\/wp-content\/uploads\/sites\/34\/2024\/05\/2205-reuniao-materiais-graficos.jpg",2768,4160,false],"portraits":["https:\/\/goias.gov.br\/saude\/wp-content\/uploads\/sites\/34\/2024\/05\/2205-reuniao-materiais-graficos.jpg",2768,4160,false],"thumbnail":["https:\/\/goias.gov.br\/saude\/wp-content\/uploads\/sites\/34\/2024\/05\/2205-reuniao-materiais-graficos.jpg",100,150,false],"medium":["https:\/\/goias.gov.br\/saude\/wp-content\/uploads\/sites\/34\/2024\/05\/2205-reuniao-materiais-graficos.jpg",200,300,false],"large":["https:\/\/goias.gov.br\/saude\/wp-content\/uploads\/sites\/34\/2024\/05\/2205-reuniao-materiais-graficos.jpg",681,1024,false],"1536x1536":["https:\/\/goias.gov.br\/saude\/wp-content\/uploads\/sites\/34\/2024\/05\/2205-reuniao-materiais-graficos.jpg",1022,1536,false],"2048x2048":["https:\/\/goias.gov.br\/saude\/wp-content\/uploads\/sites\/34\/2024\/05\/2205-reuniao-materiais-graficos.jpg",1363,2048,false]},"rttpg_author":{"display_name":"isabelamelo","author_link":"https:\/\/goias.gov.br\/saude\/author\/isabelamelo\/"},"rttpg_comment":0,"rttpg_category":"<a href=\"https:\/\/goias.gov.br\/saude\/categoria\/noticias\/\" rel=\"category tag\">Not\u00edcias<\/a>","rttpg_excerpt":"A Comunica\u00e7\u00e3o da SES-GO explicou aos gerentes e representantes de subsecretarias e superintend\u00eancias da pasta a forma correta de solicitar material gr\u00e1fico, bem como destacou o uso racional desses produtos","_links":{"self":[{"href":"https:\/\/goias.gov.br\/saude\/wp-json\/wp\/v2\/posts\/48111","targetHints":{"allow":["GET"]}}],"collection":[{"href":"https:\/\/goias.gov.br\/saude\/wp-json\/wp\/v2\/posts"}],"about":[{"href":"https:\/\/goias.gov.br\/saude\/wp-json\/wp\/v2\/types\/post"}],"author":[{"embeddable":true,"href":"https:\/\/goias.gov.br\/saude\/wp-json\/wp\/v2\/users\/164"}],"replies":[{"embeddable":true,"href":"https:\/\/goias.gov.br\/saude\/wp-json\/wp\/v2\/comments?post=48111"}],"version-history":[{"count":2,"href":"https:\/\/goias.gov.br\/saude\/wp-json\/wp\/v2\/posts\/48111\/revisions"}],"predecessor-version":[{"id":238891,"href":"https:\/\/goias.gov.br\/saude\/wp-json\/wp\/v2\/posts\/48111\/revisions\/238891"}],"wp:featuredmedia":[{"embeddable":true,"href":"https:\/\/goias.gov.br\/saude\/wp-json\/wp\/v2\/media\/48112"}],"wp:attachment":[{"href":"https:\/\/goias.gov.br\/saude\/wp-json\/wp\/v2\/media?parent=48111"}],"wp:term":[{"taxonomy":"category","embeddable":true,"href":"https:\/\/goias.gov.br\/saude\/wp-json\/wp\/v2\/categories?post=48111"},{"taxonomy":"post_tag","embeddable":true,"href":"https:\/\/goias.gov.br\/saude\/wp-json\/wp\/v2\/tags?post=48111"}],"curies":[{"name":"wp","href":"https:\/\/api.w.org\/{rel}","templated":true}]}}