

{"id":481,"date":"2019-05-30T12:49:06","date_gmt":"2019-05-30T15:49:06","guid":{"rendered":"https:\/\/siteshom.goias.gov.br\/saude\/lacen-promove-curso-de-identificacao-do-aedes\/"},"modified":"2019-05-30T12:49:06","modified_gmt":"2019-05-30T15:49:06","slug":"lacen-promove-curso-de-identificacao-do-aedes","status":"publish","type":"post","link":"https:\/\/goias.gov.br\/saude\/lacen-promove-curso-de-identificacao-do-aedes\/","title":{"rendered":"Lacen promove curso de identifica\u00e7\u00e3o do Aedes"},"content":{"rendered":"<p><em>Treinamento voltado para agentes da Regional de Sa\u00fade Rio Vermelho favorece a\u00e7\u00f5es de preven\u00e7\u00e3o e promo\u00e7\u00e3o da sa\u00fade no interior<\/em><\/p>\n<p>O Laborat\u00f3rio Estadual de Sa\u00fade P\u00fablica Dr. Giovanni Cysneiros (Lacen-GO), unidade da Secretaria de Estado da Sa\u00fade (SES-GO), promove de 28 a 30 de maio, na Regional de Sa\u00fade Rio Vermelho, na cidade de Goi\u00e1s, a \u00a0\u201cCapacita\u00e7\u00e3o sobre Biologia, Ecologia e Identifica\u00e7\u00e3o de <em>Aedes aegypti<\/em> e <em>Aedes albopictus<\/em> e outros culic\u00eddeos de interesse m\u00e9dico\u201d para seis Agentes de Controle de Endemias (ACE) e um Agente Comunit\u00e1rio de Sa\u00fade (ACS). O curso prepara os agentes na padroniza\u00e7\u00e3o das t\u00e9cnicas usadas na identifica\u00e7\u00e3o dos vetores da dengue e de outros vetores.<\/p>\n<p>\u201cO curso orienta sobre o encaminhamento adequado de material para controle de qualidade no Lacen, bem como prepara os agentes para atuarem como multiplicadores nos seus munic\u00edpios\u201d, explica o diretor geral do Laborat\u00f3rio, Vin\u00edcius Lemes da Silva.<\/p>\n<p>A capacita\u00e7\u00e3o faz parte do planejamento anual do Lacen e \u00e9 ministrada pelas bi\u00f3logas da se\u00e7\u00e3o de entomologia da unidade, Nara Gon\u00e7alves Costa e Iris Carolina dos Santos Lacerda Le\u00e3o. Participam do treinamento toda a equipe de t\u00e9cnicos da Regional Rio Vermelho e agentes dos munic\u00edpios de Aruan\u00e3, Brit\u00e2nia, Itapuranga, Matrinch\u00e3, Nova Crix\u00e1s, Santa F\u00e9 e Heitorai.<\/p>\n<p>Vin\u00edcius explica que a atividade faz parte das atribui\u00e7\u00f5es do Lacen, auxiliando o munic\u00edpio na capacita\u00e7\u00e3o de recursos humanos. \u201cA consolida\u00e7\u00e3o do conhecimento da biologia dos vetores, auxilia no manejo e saneamento ambiental, alterando as condi\u00e7\u00f5es do meio e diminuindo a incid\u00eancia de agravos\u201d, destaca o diretor.<\/p>\n<p><em>Patr\u00edcia Almeida, da Comunica\u00e7\u00e3o Setorial\u00a0<\/em><\/p>\n<p><img fetchpriority=\"high\" decoding=\"async\" class=\"alignleft size-large wp-image-25698\" src=\"https:\/\/goias.gov.br\/saude\/wp-content\/uploads\/sites\/34\/images\/imagens_migradas\/2019\/05\/img-20190529-wa0041-1024x576.jpg\" alt=\"\" width=\"1024\" height=\"576\" \/><\/p>\n","protected":false},"excerpt":{"rendered":"<p>Treinamento voltado para agentes da Regional de Sa\u00fade Rio Vermelho favorece a\u00e7\u00f5es de preven\u00e7\u00e3o e promo\u00e7\u00e3o da sa\u00fade no interior O Laborat\u00f3rio Estadual de Sa\u00fade P\u00fablica Dr. Giovanni Cysneiros (Lacen-GO), unidade da Secretaria de Estado da Sa\u00fade (SES-GO), promove de 28 a 30 de maio, na Regional de Sa\u00fade Rio Vermelho, na cidade de Goi\u00e1s, [&hellip;]<\/p>\n","protected":false},"author":46,"featured_media":0,"comment_status":"closed","ping_status":"open","sticky":false,"template":"","format":"standard","meta":{"footnotes":""},"categories":[3],"tags":[],"class_list":["post-481","post","type-post","status-publish","format-standard","hentry","category-noticias"],"rttpg_featured_image_url":null,"rttpg_author":{"display_name":"cleybetsls","author_link":"https:\/\/goias.gov.br\/saude\/author\/cleybetsls\/"},"rttpg_comment":0,"rttpg_category":"<a href=\"https:\/\/goias.gov.br\/saude\/categoria\/noticias\/\" rel=\"category tag\">Not\u00edcias<\/a>","rttpg_excerpt":"Treinamento voltado para agentes da Regional de Sa\u00fade Rio Vermelho favorece a\u00e7\u00f5es de preven\u00e7\u00e3o e promo\u00e7\u00e3o da sa\u00fade no interior O Laborat\u00f3rio Estadual de Sa\u00fade P\u00fablica Dr. Giovanni Cysneiros (Lacen-GO), unidade da Secretaria de Estado da Sa\u00fade (SES-GO), promove de 28 a 30 de maio, na Regional de Sa\u00fade Rio Vermelho, na cidade de Goi\u00e1s,&hellip;","_links":{"self":[{"href":"https:\/\/goias.gov.br\/saude\/wp-json\/wp\/v2\/posts\/481","targetHints":{"allow":["GET"]}}],"collection":[{"href":"https:\/\/goias.gov.br\/saude\/wp-json\/wp\/v2\/posts"}],"about":[{"href":"https:\/\/goias.gov.br\/saude\/wp-json\/wp\/v2\/types\/post"}],"author":[{"embeddable":true,"href":"https:\/\/goias.gov.br\/saude\/wp-json\/wp\/v2\/users\/46"}],"replies":[{"embeddable":true,"href":"https:\/\/goias.gov.br\/saude\/wp-json\/wp\/v2\/comments?post=481"}],"version-history":[{"count":0,"href":"https:\/\/goias.gov.br\/saude\/wp-json\/wp\/v2\/posts\/481\/revisions"}],"wp:attachment":[{"href":"https:\/\/goias.gov.br\/saude\/wp-json\/wp\/v2\/media?parent=481"}],"wp:term":[{"taxonomy":"category","embeddable":true,"href":"https:\/\/goias.gov.br\/saude\/wp-json\/wp\/v2\/categories?post=481"},{"taxonomy":"post_tag","embeddable":true,"href":"https:\/\/goias.gov.br\/saude\/wp-json\/wp\/v2\/tags?post=481"}],"curies":[{"name":"wp","href":"https:\/\/api.w.org\/{rel}","templated":true}]}}