

{"id":47842,"date":"2024-05-16T11:50:58","date_gmt":"2024-05-16T14:50:58","guid":{"rendered":"https:\/\/goias.gov.br\/saude\/?p=47842"},"modified":"2024-05-16T12:33:06","modified_gmt":"2024-05-16T15:33:06","slug":"saude-estadual-define-cronograma-para-acoes-de-controle-vetorial-das-arboviroses-nos-municipios","status":"publish","type":"post","link":"https:\/\/goias.gov.br\/saude\/saude-estadual-define-cronograma-para-acoes-de-controle-vetorial-das-arboviroses-nos-municipios\/","title":{"rendered":"Sa\u00fade estadual define cronograma para a\u00e7\u00f5es de controle vetorial das arboviroses nos munic\u00edpios"},"content":{"rendered":"\n<p class=\"has-text-align-center\"><strong>Discuss\u00f5es que v\u00e3o nortear elabora\u00e7\u00e3o dos trabalhos para este ano ocorrem durante evento realizado em Goi\u00e2nia, com representantes das 18 regionais de sa\u00fade<\/strong><\/p>\n\n\n\n<!--more-->\n\n\n\n<figure class=\"wp-block-image size-full\"><img fetchpriority=\"high\" decoding=\"async\" width=\"1280\" height=\"960\" src=\"https:\/\/goias.gov.br\/saude\/wp-content\/uploads\/sites\/34\/2024\/05\/160524-controle-vetorial.jpg\" alt=\"\" class=\"wp-image-47843\" \/><figcaption class=\"wp-element-caption\"><em>Profissionais no evento que define agenda de supervis\u00e3o mensal das equipes de endemias<\/em><\/figcaption><\/figure>\n\n\n\n<p>A Secretaria de Estado da Sa\u00fade de Goi\u00e1s (SES-GO), por meio da Superintend\u00eancia de Vigil\u00e2ncia em Sa\u00fade (Suvisa), iniciou, na ter\u00e7a-feira (14\/5), em Goi\u00e2nia, as discuss\u00f5es que v\u00e3o nortear a elabora\u00e7\u00e3o do Roteiro de Supervis\u00e3o T\u00e9cnica de A\u00e7\u00f5es de Controle Vetorial das Arboviroses para o ano de 2024. O evento, coordenado pela Ger\u00eancia de Vigil\u00e2ncia Ambiental e Sa\u00fade do Trabalhador, re\u00fane quase 80 pessoas, incluindo representantes das 18 regionais de sa\u00fade.<\/p>\n\n\n\n<p>O objetivo \u00e9 debater os desafios e gargalos encontrados durante o combate ao Aedes aegypti na atual epidemia de dengue, zika e chikungunya no Estado, tra\u00e7ando estrat\u00e9gias para garantir um melhor cen\u00e1rio no retorno do per\u00edodo chuvoso, previsto para o fim do ano.<\/p>\n\n\n\n<p>\u201c\u00c9 muito importante e oportuno, neste momento, essa discuss\u00e3o, porque n\u00f3s estamos numa tend\u00eancia de queda j\u00e1 sustentada das taxas de incid\u00eancia das arboviroses, sobretudo a dengue, e n\u00f3s vamos entrar no per\u00edodo seco. Esse \u00e9 exatamente o momento de iniciar e intensificar as a\u00e7\u00f5es de controle do vetor, j\u00e1 visando a pr\u00f3xima sazonalidade, que \u00e9 quando as chuvas voltarem de forma expressiva\u201d, destaca a m\u00e9dica e assessora t\u00e9cnica da Suvisa, Cristina Laval.<\/p>\n\n\n\n<p>Durante o encontro, ser\u00e1 definida a agenda de supervis\u00e3o mensal das equipes de endemias de todos os munic\u00edpios do Estado, entre os meses de maio e dezembro de 2024. O trabalho \u00e9 feito de forma conjunta entre as Secretarias Municipais de Sa\u00fade e as regionais de sa\u00fade, e conta com o apoio t\u00e9cnico presencial e a dist\u00e2ncia da Suvisa.<\/p>\n\n\n\n<p>As a\u00e7\u00f5es de controle vetorial do mosquito da dengue envolvem o manejo ambiental, o controle qu\u00edmico, com o uso de larvicidas e inseticidas, bem como o monitoramento, com as armadilhas de oviposi\u00e7\u00e3o (ovitrampas) ou outras estrat\u00e9gias j\u00e1 usadas pelos munic\u00edpios. \u201c\u00c9 importante que, desde j\u00e1, os munic\u00edpios sejam apoiados e acompanhados pelas regionais de sa\u00fade, exatamente nesse ponto que \u00e9 o controle do vetor\u201d, afirma Cristina Laval.<\/p>\n\n\n\n<p>\u201cEnt\u00e3o, est\u00e1 sendo um evento proveitoso e que, com certeza, vai trazer frutos pra que a gente, na pr\u00f3xima sazonalidade das arboviroses, consiga ter resultados mais efetivos, com rela\u00e7\u00e3o ao controle do Aedes aegypti\u201d, pontuou. O evento \u00e9 realizado at\u00e9 esta quarta-feira (15\/5), na sede do Conselho Estadual de Sa\u00fade de Goi\u00e1s, na capital.<\/p>\n\n\n\n<p><strong>Cen\u00e1rio atual<\/strong><br>Goi\u00e1s registra, neste ano, 296.521 casos notificados de dengue e outros 155.273 confirmados. Ao todo, 173 mortes pela doen\u00e7a j\u00e1 foram confirmadas pelo Comit\u00ea Estadual de Investiga\u00e7\u00e3o de \u00d3bito Suspeito por Arboviroses, e outras 171 ainda est\u00e3o em investiga\u00e7\u00e3o. O ano de 2024 caminha para se tornar o pior em rela\u00e7\u00e3o ao n\u00famero de \u00f3bitos para dengue. At\u00e9 ent\u00e3o, 2022 foi o ano que mais registrou mortes pela doen\u00e7a, com 182 \u00f3bitos durante todo o ano.<\/p>\n\n\n\n<p>Aline Rodrigues\/Comunica\u00e7\u00e3o Setorial<\/p>\n\n\n\n<p>Foto: Stef\u00e2nia Nolasco\/SES-GO<\/p>\n","protected":false},"excerpt":{"rendered":"<p>Discuss\u00f5es que v\u00e3o nortear elabora\u00e7\u00e3o dos trabalhos para este ano ocorrem durante evento realizado em Goi\u00e2nia, com representantes das 18 regionais de sa\u00fade<\/p>\n","protected":false},"author":165,"featured_media":47843,"comment_status":"closed","ping_status":"open","sticky":false,"template":"","format":"standard","meta":{"footnotes":""},"categories":[3],"tags":[274],"class_list":["post-47842","post","type-post","status-publish","format-standard","has-post-thumbnail","hentry","category-noticias","tag-arboviroses"],"rttpg_featured_image_url":{"full":["https:\/\/goias.gov.br\/saude\/wp-content\/uploads\/sites\/34\/2024\/05\/160524-controle-vetorial.jpg",1280,960,false],"landscape":["https:\/\/goias.gov.br\/saude\/wp-content\/uploads\/sites\/34\/2024\/05\/160524-controle-vetorial.jpg",1280,960,false],"portraits":["https:\/\/goias.gov.br\/saude\/wp-content\/uploads\/sites\/34\/2024\/05\/160524-controle-vetorial.jpg",1280,960,false],"thumbnail":["https:\/\/goias.gov.br\/saude\/wp-content\/uploads\/sites\/34\/2024\/05\/160524-controle-vetorial.jpg",150,113,false],"medium":["https:\/\/goias.gov.br\/saude\/wp-content\/uploads\/sites\/34\/2024\/05\/160524-controle-vetorial.jpg",300,225,false],"large":["https:\/\/goias.gov.br\/saude\/wp-content\/uploads\/sites\/34\/2024\/05\/160524-controle-vetorial.jpg",1024,768,false],"1536x1536":["https:\/\/goias.gov.br\/saude\/wp-content\/uploads\/sites\/34\/2024\/05\/160524-controle-vetorial.jpg",1280,960,false],"2048x2048":["https:\/\/goias.gov.br\/saude\/wp-content\/uploads\/sites\/34\/2024\/05\/160524-controle-vetorial.jpg",1280,960,false]},"rttpg_author":{"display_name":"ricardocruz","author_link":"https:\/\/goias.gov.br\/saude\/author\/ricardocruz\/"},"rttpg_comment":0,"rttpg_category":"<a href=\"https:\/\/goias.gov.br\/saude\/categoria\/noticias\/\" rel=\"category tag\">Not\u00edcias<\/a>","rttpg_excerpt":"Discuss\u00f5es que v\u00e3o nortear elabora\u00e7\u00e3o dos trabalhos para este ano ocorrem durante evento realizado em Goi\u00e2nia, com representantes das 18 regionais de sa\u00fade","_links":{"self":[{"href":"https:\/\/goias.gov.br\/saude\/wp-json\/wp\/v2\/posts\/47842","targetHints":{"allow":["GET"]}}],"collection":[{"href":"https:\/\/goias.gov.br\/saude\/wp-json\/wp\/v2\/posts"}],"about":[{"href":"https:\/\/goias.gov.br\/saude\/wp-json\/wp\/v2\/types\/post"}],"author":[{"embeddable":true,"href":"https:\/\/goias.gov.br\/saude\/wp-json\/wp\/v2\/users\/165"}],"replies":[{"embeddable":true,"href":"https:\/\/goias.gov.br\/saude\/wp-json\/wp\/v2\/comments?post=47842"}],"version-history":[{"count":2,"href":"https:\/\/goias.gov.br\/saude\/wp-json\/wp\/v2\/posts\/47842\/revisions"}],"predecessor-version":[{"id":47858,"href":"https:\/\/goias.gov.br\/saude\/wp-json\/wp\/v2\/posts\/47842\/revisions\/47858"}],"wp:featuredmedia":[{"embeddable":true,"href":"https:\/\/goias.gov.br\/saude\/wp-json\/wp\/v2\/media\/47843"}],"wp:attachment":[{"href":"https:\/\/goias.gov.br\/saude\/wp-json\/wp\/v2\/media?parent=47842"}],"wp:term":[{"taxonomy":"category","embeddable":true,"href":"https:\/\/goias.gov.br\/saude\/wp-json\/wp\/v2\/categories?post=47842"},{"taxonomy":"post_tag","embeddable":true,"href":"https:\/\/goias.gov.br\/saude\/wp-json\/wp\/v2\/tags?post=47842"}],"curies":[{"name":"wp","href":"https:\/\/api.w.org\/{rel}","templated":true}]}}