

{"id":472,"date":"2019-06-04T15:09:47","date_gmt":"2019-06-04T18:09:47","guid":{"rendered":"https:\/\/siteshom.goias.gov.br\/saude\/importancia-do-aleitamento-materno-e-debatida-em-goias\/"},"modified":"2019-06-04T15:09:47","modified_gmt":"2019-06-04T18:09:47","slug":"importancia-do-aleitamento-materno-e-debatida-em-goias","status":"publish","type":"post","link":"https:\/\/goias.gov.br\/saude\/importancia-do-aleitamento-materno-e-debatida-em-goias\/","title":{"rendered":"Import\u00e2ncia do aleitamento materno \u00e9 debatida em Goi\u00e1s"},"content":{"rendered":"<p align=\"justify\">\n<\/p>\n<p align=\"justify\">\n<\/p>\n<p><p style=\"font-weight: 400;\"><em>Profissionais que atuam no Banco de Leite Humano do Hospital Materno-Infantil participaram de capacita\u00e7\u00e3o sobre o tema para estimularem m\u00e3es a serem doadoras<\/em><\/p>\n<\/p>\n<p><p style=\"font-weight: 400;\">Essa foi a primeira capacita\u00e7\u00e3o realizada pela SES-GO, por meio da\u00a0Ger\u00eancia de Sa\u00fade da Mulher, Crian\u00e7a e Adolescente da Superintend\u00eancia de Pol\u00edtica de Aten\u00e7\u00e3o Integral \u00e0 Sa\u00fade (SPAIS),\u00a0em parceria com o Comit\u00ea Estadual de Incentivo ao Aleitamento Materno de Goi\u00e1s e a Rede Estadual de Banco de Leite Humano de Goi\u00e1s. \u201cOs profissionais de sa\u00fade s\u00e3o fundamentais na promo\u00e7\u00e3o e apoio ao aleitamento materno. Eles necessitam ter conhecimentos sobre o manejo da amamenta\u00e7\u00e3o, bem como habilidades para auxiliarem as m\u00e3es, por isso a capacita\u00e7\u00e3o teve a parte te\u00f3rica e pr\u00e1tica\u201d, explicou a\u00a0enfermeira da Spais, Adriane Jos\u00e9, uma das condutoras da capacita\u00e7\u00e3o.<\/p>\n<\/p>\n<p><p style=\"font-weight: 400;\">Segundo a enfermeira Kamilla V\u00eancio, consultora em amamenta\u00e7\u00e3o e uma das profissionais que conduziu o curso, \u00e9 preciso muito cuidado no atendimento \u00e0s m\u00e3es. \u201cMuitas vezes, o acolhimento \u00e9 mais importante que o manejo. A m\u00e3e que procura a ajuda de profissionais quer se sentir acolhida, sentir confian\u00e7a e apoio da equipe de profissionais\u201d, pontuou.<\/p>\n<\/p>\n<p><strong>Atendimento<\/strong><\/p>\n<p><p style=\"font-weight: 400;\">Os profissionais que trabalham no BLH do HMI, atendem as m\u00e3es que procuram por ajuda em aleitamento materno e, em muitos casos, acabam tornando-se doadoras ativas de leite humano. Essa capacita\u00e7\u00e3o\u00a0visa habilitar\u00a0o profissional\u00a0a\u00a0escutar, compreender, oferecer ajuda \u00e0s m\u00e3es que est\u00e3o amamentando, fortalecendo-as para lidar com press\u00f5es, promovendo sua autoconfian\u00e7a e autoestima e preparando-as para\u00a0que tomem suas pr\u00f3prias\u00a0 decis\u00f5es\u00a0em rela\u00e7\u00e3o ao aleitamento materno.<\/p>\n<\/p>\n<p><p style=\"font-weight: 400;\">A iniciativa teve a aprova\u00e7\u00e3o dos profissionais do BLH. \u201cPra mim foi maravilhoso esse curso. Vamos nos policiar para nos adequarmos ao que aprendemos\u201d, disse a recepcionista Marta Pires. \u201cEssa capacita\u00e7\u00e3o \u00e9 uma oportunidade de avaliar nosso trabalho e melhorar nosso atendimento\u201d, disse Marise de Medeiros, enfermeira h\u00e1 13 anos do HMI.<\/p>\n<\/p>\n<p><p style=\"font-weight: 400;\">A coordenadora do BLH do HMI, Renata Leles, achou o evento muito proveitoso e elogiou a sua equipe. \u201c \u00c9 muito gratificante ver nossos profissionais participando ativamente, interagindo, com o prop\u00f3sito de melhorar o acolhimento \u00e0s m\u00e3es e familiares que nos procuram. Estou orgulhosa.\u201d, ressaltou a coordenadora.<\/p>\n<\/p>\n<p><em>Marilane Correntino, do IGH<\/em><\/p>\n<p>&nbsp;<\/p>\n<p><img fetchpriority=\"high\" decoding=\"async\" class=\"alignleft  wp-image-25844\" src=\"https:\/\/goias.gov.br\/saude\/wp-content\/uploads\/sites\/34\/images\/imagens_migradas\/2019\/06\/img_9998-1024x683.jpg\" alt=\"\" width=\"804\" height=\"536\" \/> <img decoding=\"async\" class=\"alignleft  wp-image-25843\" src=\"https:\/\/goias.gov.br\/saude\/wp-content\/uploads\/sites\/34\/images\/imagens_migradas\/2019\/06\/img_9986-1024x683.jpg\" alt=\"\" width=\"805\" height=\"537\" \/><\/p>\n","protected":false},"excerpt":{"rendered":"<p>Profissionais que atuam no Banco de Leite Humano do Hospital Materno-Infantil participaram de capacita\u00e7\u00e3o sobre o tema para estimularem m\u00e3es a serem doadoras Essa foi a primeira capacita\u00e7\u00e3o realizada pela SES-GO, por meio da\u00a0Ger\u00eancia de Sa\u00fade da Mulher, Crian\u00e7a e Adolescente da Superintend\u00eancia de Pol\u00edtica de Aten\u00e7\u00e3o Integral \u00e0 Sa\u00fade (SPAIS),\u00a0em parceria com o Comit\u00ea [&hellip;]<\/p>\n","protected":false},"author":46,"featured_media":0,"comment_status":"closed","ping_status":"open","sticky":false,"template":"","format":"standard","meta":{"footnotes":""},"categories":[3],"tags":[],"class_list":["post-472","post","type-post","status-publish","format-standard","hentry","category-noticias"],"rttpg_featured_image_url":null,"rttpg_author":{"display_name":"cleybetsls","author_link":"https:\/\/goias.gov.br\/saude\/author\/cleybetsls\/"},"rttpg_comment":0,"rttpg_category":"<a href=\"https:\/\/goias.gov.br\/saude\/categoria\/noticias\/\" rel=\"category tag\">Not\u00edcias<\/a>","rttpg_excerpt":"Profissionais que atuam no Banco de Leite Humano do Hospital Materno-Infantil participaram de capacita\u00e7\u00e3o sobre o tema para estimularem m\u00e3es a serem doadoras Essa foi a primeira capacita\u00e7\u00e3o realizada pela SES-GO, por meio da\u00a0Ger\u00eancia de Sa\u00fade da Mulher, Crian\u00e7a e Adolescente da Superintend\u00eancia de Pol\u00edtica de Aten\u00e7\u00e3o Integral \u00e0 Sa\u00fade (SPAIS),\u00a0em parceria com o Comit\u00ea&hellip;","_links":{"self":[{"href":"https:\/\/goias.gov.br\/saude\/wp-json\/wp\/v2\/posts\/472","targetHints":{"allow":["GET"]}}],"collection":[{"href":"https:\/\/goias.gov.br\/saude\/wp-json\/wp\/v2\/posts"}],"about":[{"href":"https:\/\/goias.gov.br\/saude\/wp-json\/wp\/v2\/types\/post"}],"author":[{"embeddable":true,"href":"https:\/\/goias.gov.br\/saude\/wp-json\/wp\/v2\/users\/46"}],"replies":[{"embeddable":true,"href":"https:\/\/goias.gov.br\/saude\/wp-json\/wp\/v2\/comments?post=472"}],"version-history":[{"count":0,"href":"https:\/\/goias.gov.br\/saude\/wp-json\/wp\/v2\/posts\/472\/revisions"}],"wp:attachment":[{"href":"https:\/\/goias.gov.br\/saude\/wp-json\/wp\/v2\/media?parent=472"}],"wp:term":[{"taxonomy":"category","embeddable":true,"href":"https:\/\/goias.gov.br\/saude\/wp-json\/wp\/v2\/categories?post=472"},{"taxonomy":"post_tag","embeddable":true,"href":"https:\/\/goias.gov.br\/saude\/wp-json\/wp\/v2\/tags?post=472"}],"curies":[{"name":"wp","href":"https:\/\/api.w.org\/{rel}","templated":true}]}}