

{"id":4657,"date":"2017-02-07T10:08:44","date_gmt":"2017-02-07T12:08:44","guid":{"rendered":"https:\/\/siteshom.goias.gov.br\/saude\/regional-entorno-norte\/"},"modified":"2017-02-07T10:08:44","modified_gmt":"2017-02-07T12:08:44","slug":"regional-entorno-norte","status":"publish","type":"post","link":"https:\/\/goias.gov.br\/saude\/regional-entorno-norte\/","title":{"rendered":"Regi\u00e3o de Sa\u00fade Entorno Norte &#8211; Macrorregi\u00e3o Nordeste"},"content":{"rendered":"<div class=\"wpb_text_column wpb_content_element \">\n<div class=\"wpb_wrapper\">\n<p style=\"text-align: justify;\" tabindex=\"0\">Possui 8 munic&iacute;pios: &Aacute;gua Fria de Goi&aacute;s, Alto Para&iacute;so, Cabeceiras, Flores de Goi&aacute;s, Formosa, Planaltina, S&atilde;o Jo&atilde;o D&rsquo;Alian&ccedil;a e Vila Boa.<\/p>\n<p style=\"text-align: justify;\" tabindex=\"0\"><strong>Regi&atilde;o de Sa&uacute;de Entorno Norte:&nbsp;268.808&nbsp;habitantes.<\/strong><\/p>\n<p style=\"text-align: justify;\" tabindex=\"0\"><strong>Macrorregi&atilde;o Nordeste:&nbsp;&nbsp;1.207.393 habitantes.<\/strong><\/p>\n<p style=\"text-align: justify;\" tabindex=\"0\">Composta por 31 munic&iacute;pios (&Aacute;gua Fria de Goi&aacute;s, Alto Para&iacute;so, Cabeceiras, Flores de Goi&aacute;s, Formosa, Planaltina, S&atilde;o Jo&atilde;o D&acute;Alian&ccedil;a, Vila Boa, &Aacute;guas Lindas de Goi&aacute;s, Cidade Ocidental, Cristalina, Luzi&acirc;nia, Novo Gama, Santo Ant&ocirc;nio do Descoberto, Valpara&iacute;so de Goi&aacute;s, Campos Belos, Cavalcante, Divin&oacute;polis de Goi&aacute;s, Monte Alegre de Goi&aacute;s, Teresina de Goi&aacute;s, Alvorada do Norte, Buritin&oacute;polis, Damian&oacute;polis, Guarani de Goi&aacute;s, Iaciara, Mamba&iacute;, Nova Roma, Posse, S&atilde;o Domingos, Simol&acirc;ndia e S&iacute;tio D&acute;Abadia).<\/p>\n<p style=\"text-align: justify;\"><strong>Sede Administrativa &#8211; Regional Entorno Norte<\/strong><\/p>\n<p style=\"text-align: justify;\">Sediada a 229 Km de Goi&acirc;nia, em Formosa, &agrave; Avenida Pedro Monteiro Guimar&atilde;es n&ordm; 480 &ndash; Setor Ferrovi&aacute;rio<br \/>\nCEP: 73.805-015<\/p>\n<p style=\"text-align: justify;\"><strong>Coordenador Geral: <\/strong>cargo vago<\/p>\n<p style=\"text-align: justify;\">&nbsp;<\/p>\n<\/div>\n<\/div>\n","protected":false},"excerpt":{"rendered":"<p>Possui 8 munic&iacute;pios: &Aacute;gua Fria de Goi&aacute;s, Alto Para&iacute;so, Cabeceiras, Flores de Goi&aacute;s, Formosa, Planaltina, S&atilde;o Jo&atilde;o D&rsquo;Alian&ccedil;a e Vila Boa. Regi&atilde;o de Sa&uacute;de Entorno Norte:&nbsp;268.808&nbsp;habitantes. Macrorregi&atilde;o Nordeste:&nbsp;&nbsp;1.207.393 habitantes. Composta por 31 munic&iacute;pios (&Aacute;gua Fria de Goi&aacute;s, Alto Para&iacute;so, Cabeceiras, Flores de Goi&aacute;s, Formosa, Planaltina, S&atilde;o Jo&atilde;o D&acute;Alian&ccedil;a, Vila Boa, &Aacute;guas Lindas de Goi&aacute;s, Cidade [&hellip;]<\/p>\n","protected":false},"author":46,"featured_media":0,"comment_status":"closed","ping_status":"open","sticky":false,"template":"","format":"standard","meta":{"footnotes":""},"categories":[4],"tags":[162],"class_list":["post-4657","post","type-post","status-publish","format-standard","hentry","category-regionais-de-saude","tag-regionais-de-saude"],"rttpg_featured_image_url":null,"rttpg_author":{"display_name":"cleybetsls","author_link":"https:\/\/goias.gov.br\/saude\/author\/cleybetsls\/"},"rttpg_comment":0,"rttpg_category":"<a href=\"https:\/\/goias.gov.br\/saude\/categoria\/regionais-de-saude\/\" rel=\"category tag\">Regionais de Sa\u00fade<\/a>","rttpg_excerpt":"Possui 8 munic&iacute;pios: &Aacute;gua Fria de Goi&aacute;s, Alto Para&iacute;so, Cabeceiras, Flores de Goi&aacute;s, Formosa, Planaltina, S&atilde;o Jo&atilde;o D&rsquo;Alian&ccedil;a e Vila Boa. Regi&atilde;o de Sa&uacute;de Entorno Norte:&nbsp;268.808&nbsp;habitantes. Macrorregi&atilde;o Nordeste:&nbsp;&nbsp;1.207.393 habitantes. Composta por 31 munic&iacute;pios (&Aacute;gua Fria de Goi&aacute;s, Alto Para&iacute;so, Cabeceiras, Flores de Goi&aacute;s, Formosa, Planaltina, S&atilde;o Jo&atilde;o D&acute;Alian&ccedil;a, Vila Boa, &Aacute;guas Lindas de Goi&aacute;s, Cidade&hellip;","_links":{"self":[{"href":"https:\/\/goias.gov.br\/saude\/wp-json\/wp\/v2\/posts\/4657","targetHints":{"allow":["GET"]}}],"collection":[{"href":"https:\/\/goias.gov.br\/saude\/wp-json\/wp\/v2\/posts"}],"about":[{"href":"https:\/\/goias.gov.br\/saude\/wp-json\/wp\/v2\/types\/post"}],"author":[{"embeddable":true,"href":"https:\/\/goias.gov.br\/saude\/wp-json\/wp\/v2\/users\/46"}],"replies":[{"embeddable":true,"href":"https:\/\/goias.gov.br\/saude\/wp-json\/wp\/v2\/comments?post=4657"}],"version-history":[{"count":0,"href":"https:\/\/goias.gov.br\/saude\/wp-json\/wp\/v2\/posts\/4657\/revisions"}],"wp:attachment":[{"href":"https:\/\/goias.gov.br\/saude\/wp-json\/wp\/v2\/media?parent=4657"}],"wp:term":[{"taxonomy":"category","embeddable":true,"href":"https:\/\/goias.gov.br\/saude\/wp-json\/wp\/v2\/categories?post=4657"},{"taxonomy":"post_tag","embeddable":true,"href":"https:\/\/goias.gov.br\/saude\/wp-json\/wp\/v2\/tags?post=4657"}],"curies":[{"name":"wp","href":"https:\/\/api.w.org\/{rel}","templated":true}]}}