

{"id":46437,"date":"2024-04-20T18:30:17","date_gmt":"2024-04-20T21:30:17","guid":{"rendered":"https:\/\/goias.gov.br\/saude\/?p=46437"},"modified":"2024-04-20T18:30:17","modified_gmt":"2024-04-20T21:30:17","slug":"comeca-semana-de-vacinacao-nas-americas","status":"publish","type":"post","link":"https:\/\/goias.gov.br\/saude\/comeca-semana-de-vacinacao-nas-americas\/","title":{"rendered":"Come\u00e7a Semana de Vacina\u00e7\u00e3o nas Am\u00e9ricas"},"content":{"rendered":"\n<p class=\"has-text-align-center\"><strong>Sa\u00fade estadual redobra esfor\u00e7os durante a 22\u00aa Semana de Vacina\u00e7\u00e3o nas Am\u00e9ricas, com foco nas doen\u00e7as preven\u00edveis, como dengue, influenza, covid-19 e outras<\/strong><\/p>\n\n\n\n<!--more-->\n\n\n\n<figure class=\"wp-block-image size-full\"><img fetchpriority=\"high\" decoding=\"async\" width=\"1369\" height=\"866\" src=\"https:\/\/goias.gov.br\/saude\/wp-content\/uploads\/sites\/34\/2024\/04\/200424-semana-vacinacao.jpg\" alt=\"\" class=\"wp-image-46436\"\/><figcaption class=\"wp-element-caption\"><em>Semana de Vacina\u00e7\u00e3o nas Am\u00e9ricas refor\u00e7a a import\u00e2ncia de pais ou respons\u00e1veis vacinarem crian\u00e7as e adolescentes<\/em><\/figcaption><\/figure>\n\n\n\n<p>O Governo de Goi\u00e1s, por meio da Secretaria de Estado da Sa\u00fade (SES-GO), se une a Organiza\u00e7\u00e3o Panamericana de Sa\u00fade (Opas) para refor\u00e7ar a import\u00e2ncia da imuniza\u00e7\u00e3o contra doen\u00e7as preven\u00edveis, como dengue, influenza e covid-19, na 22\u00aa Semana de Vacina\u00e7\u00e3o das Am\u00e9ricas e 13\u00aa Semana Mundial de Imuniza\u00e7\u00e3o. Com o lema \u201cProteja o Futuro: Vacine-se\u201d, a campanha, que vai de 20 a 27 de abril, visa realizar ampla mobiliza\u00e7\u00e3o para melhorar os indicadores vacinais, destacando a import\u00e2ncia da imuniza\u00e7\u00e3o para reduzir \u00f3bitos e casos graves de in\u00fameras doen\u00e7as. Mais informa\u00e7\u00f5es no site: <a href=\"https:\/\/www.paho.org\/pt\/sva-2024\" target=\"_blank\" rel=\"noreferrer noopener\">https:\/\/www.paho.org\/pt\/sva-2024<\/a>).<\/p>\n\n\n\n<p>Em Goi\u00e1s, o a for\u00e7a-tarefa \u00e9 realizada especialmente no combate \u00e0 dengue, doen\u00e7a que registra sucessivos recordes de casos e \u00f3bitos em todo o pa\u00eds. Entre as a\u00e7\u00f5es criadas pelo Governo de Goi\u00e1s est\u00e3o o Gabinetes de Crise e o pr\u00eamio Z\u00e9 Gotinha do Cerrado, que destaca os munic\u00edpios que mais vacinam sua popula\u00e7\u00e3o. O Estado tamb\u00e9m seguiu recomenda\u00e7\u00e3o do Minist\u00e9rio da Sa\u00fade (MS) e ampliou a faixa et\u00e1ria eleg\u00edvel para a vacina\u00e7\u00e3o contra a dengue em pessoas de 4 a 59 anos. A medida foi adotada para aproveitar as vacinas que v\u00e3o vencer at\u00e9 dia 30 de abril.<\/p>\n\n\n\n<p>Goi\u00e1s recebeu 158.505 doses, das quais foram aplicadas 93.580, totalizando 60,4% do quantitativo recebido do MS. A amplia\u00e7\u00e3o vigora at\u00e9 o fim das doses remanescentes, distribu\u00eddas pelos 246 munic\u00edpios goianos. As pessoas que se vacinarem ter\u00e3o garantida a segunda dose, que dever\u00e1 ser administrada ap\u00f3s 90 dias. As pr\u00f3ximas remessas do imunizante voltar\u00e3o ao p\u00fablico-alvo estipulado inicialmente, de crian\u00e7as e adolescentes entre 10 e 14 anos, conforme orienta\u00e7\u00e3o do MS.<\/p>\n\n\n\n<p>Com a alta procura pela vacina nos postos municipais, a superintendente de Vigil\u00e2ncia em Sa\u00fade, Fl\u00favia Amorim, entende que a decis\u00e3o do MS \u00e9 positiva ao garantir que todas as doses sejam aproveitadas, elevando o n\u00famero de pessoas imunizadas e garantindo que n\u00e3o haja perda. \u201c\u00c9 uma vacina de alto custo e que gera prote\u00e7\u00e3o para os quatro sorotipos da dengue, uma doen\u00e7a que est\u00e1 causando v\u00e1rias mortes\u201d, lamenta, ao lembrar as 117 mortes registradas e outras 151 que est\u00e3o em investiga\u00e7\u00e3o. Goi\u00e1s j\u00e1 registrou 222.106 casos notificados, dos quais 109.978 foram confirmados.<\/p>\n\n\n\n<p>\u201cN\u00e3o podemos baixar a guarda\u201d, lembra a superintendente, referindo-se aos gestores p\u00fablicos e \u00e0 popula\u00e7\u00e3o. \u201cMesmo com diminui\u00e7\u00e3o de casos, a gente precisa se atentar para o controle do vetor, combatendo os criadouros&#8221;, refor\u00e7a.<\/p>\n\n\n\n<p><strong>Influenza<\/strong><br>Outra preocupa\u00e7\u00e3o \u00e9 a influenza, com a chegada do tempo frio e seco. \u201c\u00c9 important\u00edssimo que a popula\u00e7\u00e3o procure a vacina\u00e7\u00e3o, porque agora come\u00e7a a fase de aumento das interna\u00e7\u00f5es por infec\u00e7\u00f5es respirat\u00f3rias. A vacina reduz os casos graves\u201d, aconselhou o secret\u00e1rio Ras\u00edvel Santos.<\/p>\n\n\n\n<p>\u201cQuando a popula\u00e7\u00e3o vacina, mesmo que a pessoa tenha a doen\u00e7a, ela tem menos gravidade e se interna menos, ent\u00e3o \u00e9 poss\u00edvel proteger os hospitais para atender os casos mais graves e evitar que essa sazonalidade interfira t\u00e3o significativamente nos atendimentos do sistema de sa\u00fade\u201d, explica Fl\u00favia.<\/p>\n\n\n\n<p>Secretaria Estadual de Sa\u00fade &#8211; Governo de Goi\u00e1s<\/p>\n\n\n\n<p>Foto: Arquivo SES-GO<\/p>\n","protected":false},"excerpt":{"rendered":"<p>Sa\u00fade estadual redobra esfor\u00e7os durante a 22\u00aa Semana de Vacina\u00e7\u00e3o nas Am\u00e9ricas, com foco nas doen\u00e7as preven\u00edveis, como dengue, influenza, covid-19 e outras<\/p>\n","protected":false},"author":165,"featured_media":46436,"comment_status":"closed","ping_status":"open","sticky":false,"template":"","format":"standard","meta":{"footnotes":""},"categories":[3],"tags":[262],"class_list":["post-46437","post","type-post","status-publish","format-standard","has-post-thumbnail","hentry","category-noticias","tag-imunizacao"],"rttpg_featured_image_url":{"full":["https:\/\/goias.gov.br\/saude\/wp-content\/uploads\/sites\/34\/2024\/04\/200424-semana-vacinacao.jpg",1369,866,false],"landscape":["https:\/\/goias.gov.br\/saude\/wp-content\/uploads\/sites\/34\/2024\/04\/200424-semana-vacinacao.jpg",1369,866,false],"portraits":["https:\/\/goias.gov.br\/saude\/wp-content\/uploads\/sites\/34\/2024\/04\/200424-semana-vacinacao.jpg",1369,866,false],"thumbnail":["https:\/\/goias.gov.br\/saude\/wp-content\/uploads\/sites\/34\/2024\/04\/200424-semana-vacinacao.jpg",150,95,false],"medium":["https:\/\/goias.gov.br\/saude\/wp-content\/uploads\/sites\/34\/2024\/04\/200424-semana-vacinacao.jpg",300,190,false],"large":["https:\/\/goias.gov.br\/saude\/wp-content\/uploads\/sites\/34\/2024\/04\/200424-semana-vacinacao.jpg",1024,648,false],"1536x1536":["https:\/\/goias.gov.br\/saude\/wp-content\/uploads\/sites\/34\/2024\/04\/200424-semana-vacinacao.jpg",1369,866,false],"2048x2048":["https:\/\/goias.gov.br\/saude\/wp-content\/uploads\/sites\/34\/2024\/04\/200424-semana-vacinacao.jpg",1369,866,false]},"rttpg_author":{"display_name":"ricardocruz","author_link":"https:\/\/goias.gov.br\/saude\/author\/ricardocruz\/"},"rttpg_comment":0,"rttpg_category":"<a href=\"https:\/\/goias.gov.br\/saude\/categoria\/noticias\/\" rel=\"category tag\">Not\u00edcias<\/a>","rttpg_excerpt":"Sa\u00fade estadual redobra esfor\u00e7os durante a 22\u00aa Semana de Vacina\u00e7\u00e3o nas Am\u00e9ricas, com foco nas doen\u00e7as preven\u00edveis, como dengue, influenza, covid-19 e outras","_links":{"self":[{"href":"https:\/\/goias.gov.br\/saude\/wp-json\/wp\/v2\/posts\/46437","targetHints":{"allow":["GET"]}}],"collection":[{"href":"https:\/\/goias.gov.br\/saude\/wp-json\/wp\/v2\/posts"}],"about":[{"href":"https:\/\/goias.gov.br\/saude\/wp-json\/wp\/v2\/types\/post"}],"author":[{"embeddable":true,"href":"https:\/\/goias.gov.br\/saude\/wp-json\/wp\/v2\/users\/165"}],"replies":[{"embeddable":true,"href":"https:\/\/goias.gov.br\/saude\/wp-json\/wp\/v2\/comments?post=46437"}],"version-history":[{"count":1,"href":"https:\/\/goias.gov.br\/saude\/wp-json\/wp\/v2\/posts\/46437\/revisions"}],"predecessor-version":[{"id":46438,"href":"https:\/\/goias.gov.br\/saude\/wp-json\/wp\/v2\/posts\/46437\/revisions\/46438"}],"wp:featuredmedia":[{"embeddable":true,"href":"https:\/\/goias.gov.br\/saude\/wp-json\/wp\/v2\/media\/46436"}],"wp:attachment":[{"href":"https:\/\/goias.gov.br\/saude\/wp-json\/wp\/v2\/media?parent=46437"}],"wp:term":[{"taxonomy":"category","embeddable":true,"href":"https:\/\/goias.gov.br\/saude\/wp-json\/wp\/v2\/categories?post=46437"},{"taxonomy":"post_tag","embeddable":true,"href":"https:\/\/goias.gov.br\/saude\/wp-json\/wp\/v2\/tags?post=46437"}],"curies":[{"name":"wp","href":"https:\/\/api.w.org\/{rel}","templated":true}]}}