

{"id":463180,"date":"2025-08-11T16:30:00","date_gmt":"2025-08-11T19:30:00","guid":{"rendered":"https:\/\/goias.gov.br\/saude\/?p=463180"},"modified":"2025-08-11T17:42:33","modified_gmt":"2025-08-11T20:42:33","slug":"herso-realiza-7a-captacao-de-orgaos-do-ano","status":"publish","type":"post","link":"https:\/\/goias.gov.br\/saude\/herso-realiza-7a-captacao-de-orgaos-do-ano\/","title":{"rendered":"Herso realiza 7\u00aa capta\u00e7\u00e3o de \u00f3rg\u00e3os do ano"},"content":{"rendered":"\n<p class=\"has-text-align-center\"><em><strong>F\u00edgado foi destinado a paciente de Bras\u00edlia e c\u00f3rneas seguiram para Goi\u00e2nia<\/strong><\/em><\/p>\n\n\n\n<figure class=\"wp-block-image size-large\"><img fetchpriority=\"high\" decoding=\"async\" width=\"1024\" height=\"744\" src=\"https:\/\/goias.gov.br\/saude\/wp-content\/uploads\/sites\/34\/2025\/08\/Herso-2-1024x744.jpeg\" alt=\"\" class=\"wp-image-463182\" srcset=\"https:\/\/goias.gov.br\/saude\/wp-content\/uploads\/sites\/34\/2025\/08\/Herso-2-1024x744.jpeg 1024w, https:\/\/goias.gov.br\/saude\/wp-content\/uploads\/sites\/34\/2025\/08\/Herso-2-300x218.jpeg 300w, https:\/\/goias.gov.br\/saude\/wp-content\/uploads\/sites\/34\/2025\/08\/Herso-2-768x558.jpeg 768w, https:\/\/goias.gov.br\/saude\/wp-content\/uploads\/sites\/34\/2025\/08\/Herso-2.jpeg 1080w\" sizes=\"(max-width: 1024px) 100vw, 1024px\" \/><figcaption class=\"wp-element-caption\"><em>A\u00e7\u00e3o contou com a atua\u00e7\u00e3o integrada das equipes do Herso, da Central de Transplantes e da Funda\u00e7\u00e3o Banco de Olhos de Goi\u00e1s<\/em><\/figcaption><\/figure>\n\n\n\n<p>O Hospital Estadual de Santa Helena de Goi\u00e1s Dr. Albanir Faleiros Machado (Herso), unidade da Secretaria de Estado da Sa\u00fade (SES-GO), realizou mais uma importante a\u00e7\u00e3o em prol da vida: a capta\u00e7\u00e3o de \u00f3rg\u00e3os de um homem, de 49 anos, que teve a morte encef\u00e1lica confirmada.<br><br>O procedimento \u2013 7\u00ba realizado este ano &#8211; resultou na doa\u00e7\u00e3o de um f\u00edgado, encaminhado para Bras\u00edlia (DF), e de duas c\u00f3rneas, enviadas para Goi\u00e2nia (GO). A a\u00e7\u00e3o contou com a atua\u00e7\u00e3o integrada das equipes do Herso, da Central de Transplantes do Estado de Goi\u00e1s e da Funda\u00e7\u00e3o Banco de Olhos de Goi\u00e1s, respons\u00e1vel pela remo\u00e7\u00e3o das c\u00f3rneas, garantindo que os \u00f3rg\u00e3os chegassem com seguran\u00e7a e dentro do tempo adequado para o transplante.<br><br>Para a gerente assistencial do Herso, Lidiane Vieira de Souza da Mota, cada ato de doa\u00e7\u00e3o representa n\u00e3o apenas um gesto de solidariedade, mas tamb\u00e9m uma oportunidade real de recome\u00e7o para pacientes que aguardam na fila de transplantes.<br><br>\u201cA doa\u00e7\u00e3o de \u00f3rg\u00e3os \u00e9 um ato de amor e empatia que pode transformar completamente a vida de v\u00e1rias pessoas. Nosso agradecimento vai \u00e0 fam\u00edlia do doador e a todos os profissionais envolvidos nesse processo\u201d, destacou a Lidiane.<br><br>A gerente da unidade ressaltou que o Herso segue empenhado em apoiar e incentivar a conscientiza\u00e7\u00e3o sobre a import\u00e2ncia da doa\u00e7\u00e3o de \u00f3rg\u00e3os, refor\u00e7ando que conversar com a fam\u00edlia sobre o tema \u00e9 fundamental para que mais vidas sejam salvas.<\/p>\n\n\n\n<p>H\u00e9lmiton Prateado (texto e foto) \/ IPGSE<\/p>\n","protected":false},"excerpt":{"rendered":"<p>F\u00edgado foi destinado a paciente de Bras\u00edlia e c\u00f3rneas seguiram para Goi\u00e2nia O Hospital Estadual de Santa Helena de Goi\u00e1s Dr. Albanir Faleiros Machado (Herso), unidade da Secretaria de Estado da Sa\u00fade (SES-GO), realizou mais uma importante a\u00e7\u00e3o em prol da vida: a capta\u00e7\u00e3o de \u00f3rg\u00e3os de um homem, de 49 anos, que teve a [&hellip;]<\/p>\n","protected":false},"author":24,"featured_media":463183,"comment_status":"closed","ping_status":"open","sticky":false,"template":"","format":"standard","meta":{"footnotes":""},"categories":[3],"tags":[243],"class_list":["post-463180","post","type-post","status-publish","format-standard","has-post-thumbnail","hentry","category-noticias","tag-hospitais-estaduais"],"rttpg_featured_image_url":{"full":["https:\/\/goias.gov.br\/saude\/wp-content\/uploads\/sites\/34\/2025\/08\/Herso-2-1.jpeg",1080,785,false],"landscape":["https:\/\/goias.gov.br\/saude\/wp-content\/uploads\/sites\/34\/2025\/08\/Herso-2-1.jpeg",1080,785,false],"portraits":["https:\/\/goias.gov.br\/saude\/wp-content\/uploads\/sites\/34\/2025\/08\/Herso-2-1.jpeg",1080,785,false],"thumbnail":["https:\/\/goias.gov.br\/saude\/wp-content\/uploads\/sites\/34\/2025\/08\/Herso-2-1-150x150.jpeg",150,150,true],"medium":["https:\/\/goias.gov.br\/saude\/wp-content\/uploads\/sites\/34\/2025\/08\/Herso-2-1-300x218.jpeg",300,218,true],"large":["https:\/\/goias.gov.br\/saude\/wp-content\/uploads\/sites\/34\/2025\/08\/Herso-2-1-1024x744.jpeg",1024,744,true],"1536x1536":["https:\/\/goias.gov.br\/saude\/wp-content\/uploads\/sites\/34\/2025\/08\/Herso-2-1.jpeg",1080,785,false],"2048x2048":["https:\/\/goias.gov.br\/saude\/wp-content\/uploads\/sites\/34\/2025\/08\/Herso-2-1.jpeg",1080,785,false]},"rttpg_author":{"display_name":"karinesantos","author_link":"https:\/\/goias.gov.br\/saude\/author\/karinesantos\/"},"rttpg_comment":0,"rttpg_category":"<a href=\"https:\/\/goias.gov.br\/saude\/categoria\/noticias\/\" rel=\"category tag\">Not\u00edcias<\/a>","rttpg_excerpt":"F\u00edgado foi destinado a paciente de Bras\u00edlia e c\u00f3rneas seguiram para Goi\u00e2nia O Hospital Estadual de Santa Helena de Goi\u00e1s Dr. Albanir Faleiros Machado (Herso), unidade da Secretaria de Estado da Sa\u00fade (SES-GO), realizou mais uma importante a\u00e7\u00e3o em prol da vida: a capta\u00e7\u00e3o de \u00f3rg\u00e3os de um homem, de 49 anos, que teve a&hellip;","_links":{"self":[{"href":"https:\/\/goias.gov.br\/saude\/wp-json\/wp\/v2\/posts\/463180","targetHints":{"allow":["GET"]}}],"collection":[{"href":"https:\/\/goias.gov.br\/saude\/wp-json\/wp\/v2\/posts"}],"about":[{"href":"https:\/\/goias.gov.br\/saude\/wp-json\/wp\/v2\/types\/post"}],"author":[{"embeddable":true,"href":"https:\/\/goias.gov.br\/saude\/wp-json\/wp\/v2\/users\/24"}],"replies":[{"embeddable":true,"href":"https:\/\/goias.gov.br\/saude\/wp-json\/wp\/v2\/comments?post=463180"}],"version-history":[{"count":1,"href":"https:\/\/goias.gov.br\/saude\/wp-json\/wp\/v2\/posts\/463180\/revisions"}],"predecessor-version":[{"id":463184,"href":"https:\/\/goias.gov.br\/saude\/wp-json\/wp\/v2\/posts\/463180\/revisions\/463184"}],"wp:featuredmedia":[{"embeddable":true,"href":"https:\/\/goias.gov.br\/saude\/wp-json\/wp\/v2\/media\/463183"}],"wp:attachment":[{"href":"https:\/\/goias.gov.br\/saude\/wp-json\/wp\/v2\/media?parent=463180"}],"wp:term":[{"taxonomy":"category","embeddable":true,"href":"https:\/\/goias.gov.br\/saude\/wp-json\/wp\/v2\/categories?post=463180"},{"taxonomy":"post_tag","embeddable":true,"href":"https:\/\/goias.gov.br\/saude\/wp-json\/wp\/v2\/tags?post=463180"}],"curies":[{"name":"wp","href":"https:\/\/api.w.org\/{rel}","templated":true}]}}