

{"id":463147,"date":"2025-08-11T16:40:02","date_gmt":"2025-08-11T19:40:02","guid":{"rendered":"https:\/\/goias.gov.br\/saude\/?p=463147"},"modified":"2025-08-11T16:54:53","modified_gmt":"2025-08-11T19:54:53","slug":"ses-capacita-105-gerentes-no-i-workshop-de-gestao-estrategica","status":"publish","type":"post","link":"https:\/\/goias.gov.br\/saude\/ses-capacita-105-gerentes-no-i-workshop-de-gestao-estrategica\/","title":{"rendered":"SES capacita 105 gerentes no I Workshop de Gest\u00e3o Estrat\u00e9gica"},"content":{"rendered":"\n<p class=\"has-text-align-center\"><em><strong>Objetivo \u00e9 desenvolver lideran\u00e7as, fortalecendo a cultura organizacional e aprimorando a gest\u00e3o na sa\u00fade p\u00fablica estadual<\/strong><\/em><\/p>\n\n\n\n<figure class=\"wp-block-image size-large\"><img fetchpriority=\"high\" decoding=\"async\" width=\"1024\" height=\"768\" src=\"https:\/\/goias.gov.br\/saude\/wp-content\/uploads\/sites\/34\/2025\/08\/Sesg-1024x768.jpeg\" alt=\"\" class=\"wp-image-463148\" srcset=\"https:\/\/goias.gov.br\/saude\/wp-content\/uploads\/sites\/34\/2025\/08\/Sesg-1024x768.jpeg 1024w, https:\/\/goias.gov.br\/saude\/wp-content\/uploads\/sites\/34\/2025\/08\/Sesg-300x225.jpeg 300w, https:\/\/goias.gov.br\/saude\/wp-content\/uploads\/sites\/34\/2025\/08\/Sesg-768x576.jpeg 768w, https:\/\/goias.gov.br\/saude\/wp-content\/uploads\/sites\/34\/2025\/08\/Sesg-1536x1152.jpeg 1536w, https:\/\/goias.gov.br\/saude\/wp-content\/uploads\/sites\/34\/2025\/08\/Sesg-2048x1536.jpeg 2048w, https:\/\/goias.gov.br\/saude\/wp-content\/uploads\/sites\/34\/2025\/08\/Sesg-640x480.jpeg 640w, https:\/\/goias.gov.br\/saude\/wp-content\/uploads\/sites\/34\/2025\/08\/Sesg-600x450.jpeg 600w\" sizes=\"(max-width: 1024px) 100vw, 1024px\" \/><figcaption class=\"wp-element-caption\"><em>Nova fase do Programa de Lideran\u00e7a Estrat\u00e9gica Sist\u00eamica foi destinado a gerentes, diretores e cargos equivalentes<\/em><\/figcaption><\/figure>\n\n\n\n<p>A Superintend\u00eancia da Escola de Sa\u00fade de Goi\u00e1s (Sesg) iniciou, nesta segunda-feira (11\/08), uma nova fase do Programa de Lideran\u00e7a Estrat\u00e9gica Sist\u00eamica com a realiza\u00e7\u00e3o do I Workshop para a m\u00e9dia gest\u00e3o com o tema: Gest\u00e3o Estrat\u00e9gica na Secretaria de Sa\u00fade \u2013 Como potencializar os resultados.<\/p>\n\n\n\n<p>Nesta etapa, 105 gerentes, diretores e cargos equivalentes que atuam na Secretaria de Estado da Sa\u00fade de Goi\u00e1s (SES-GO) ser\u00e3o qualificados. De agosto a dezembro, est\u00e3o previstos tr\u00eas workshops intercalados com palestras relevantes para o contexto organizacional. O programa completo, incluindo imers\u00e3o de tr\u00eas dias que aconteceu no m\u00eas de junho deste ano, conta com uma carga hor\u00e1ria 72 horas de capacita\u00e7\u00e3o.<\/p>\n\n\n\n<p>Realizado pela Coordena\u00e7\u00e3o de Capacita\u00e7\u00e3o, Carreiras e Desenvolvimento de Pessoas, da Ger\u00eancia de Desenvolvimento de Pessoas da Sesg, o Programa Lideran\u00e7a Estrat\u00e9gica Sist\u00eamica tem como objetivo desenvolver as lideran\u00e7as da SES-GO, fortalecendo a cultura organizacional e aprimorando a gest\u00e3o de projetos, processos e pessoas na sa\u00fade p\u00fablica estadual.<\/p>\n\n\n\n<p>Ao todo, 141 l\u00edderes \u2013 incluindo o secret\u00e1rio, secret\u00e1rio adjunto, subsecret\u00e1rios, superintendentes, gerentes, diretores e cargos equivalentes \u2013 participam da forma\u00e7\u00e3o, iniciada em fevereiro e com conclus\u00e3o prevista para dezembro deste ano.<\/p>\n\n\n\n<p>\u201cO programa como um todo tem o desafio de trazer para a Secretaria elementos b\u00e1sicos de desenvolvimento de lideran\u00e7as, de maneira que ela possa ter uma gest\u00e3o mais orientada para resultados. Neste m\u00f3dulo em espec\u00edfico \u2013 que \u00e9 o m\u00f3dulo da gest\u00e3o estrat\u00e9gica \u2013 o grande desafio \u00e9 usar breves fundamentos e aspectos metodol\u00f3gicos, assim como trazer experi\u00eancias de outras institui\u00e7\u00f5es de sa\u00fade, para a realidade da SES-GO, fortalecendo a cultura de gest\u00e3o estrat\u00e9gica orientada para resultados\u201d, explica o professor Caio Marini, da Funda\u00e7\u00e3o Dom Cabral.<\/p>\n\n\n\n<p>Para o gerente de Telessa\u00fade da SES-GO, Rafael Souto, o programa de capacita\u00e7\u00e3o de l\u00edderes fortalece o processo de trabalho da Pasta. \u201cA gente tem certeza que essa capacita\u00e7\u00e3o vem somar a uma s\u00e9rie de esfor\u00e7os estruturais e de forma\u00e7\u00e3o de l\u00edderes que a Secretaria tem feito. Isso \u00e9 estrat\u00e9gico para o futuro da Secretaria e essencial para que as novas interven\u00e7\u00f5es venham com maior qualidade e efetividade nas suas entregas\u201d, afirma.<\/p>\n\n\n\n<p><strong>Lideran\u00e7a Estrat\u00e9gica Sist\u00eamica da SES-GO<\/strong><\/p>\n\n\n\n<p>O Programa, que teve in\u00edcio em fevereiro deste ano, \u00e9 realizado em parceria com a Funda\u00e7\u00e3o Dom Cabral, institui\u00e7\u00e3o que est\u00e1 entre as dez melhores escolas de neg\u00f3cios do mundo, segundo o Ranking de Educa\u00e7\u00e3o Executiva do&nbsp;<em>Financial Times<\/em>&nbsp;2025.<\/p>\n\n\n\n<p>Com abordagem pr\u00e1tica e interativa, a forma\u00e7\u00e3o \u00e9 composta por aulas presenciais, imers\u00f5es, palestras, trilhas online e atividades complementares. \u201cA Secretaria de Estado da Sa\u00fade preza pela qualidade de seus servidores. Investir em qualifica\u00e7\u00f5es de alto padr\u00e3o como esta \u00e9 garantir uma gest\u00e3o extremamente preparada para os desafios da sa\u00fade p\u00fablica goiana\u201d, afirma a superintendente da Escola de Sa\u00fade de Goi\u00e1s, Dra. Rafaela Veronezi.<\/p>\n\n\n\n<p>Gabriela Dutra (foto) e Ang\u00e9lica Abadia (foto) \/ Sesg<\/p>\n","protected":false},"excerpt":{"rendered":"<p>Objetivo \u00e9 desenvolver lideran\u00e7as, fortalecendo a cultura organizacional e aprimorando a gest\u00e3o na sa\u00fade p\u00fablica estadual A Superintend\u00eancia da Escola de Sa\u00fade de Goi\u00e1s (Sesg) iniciou, nesta segunda-feira (11\/08), uma nova fase do Programa de Lideran\u00e7a Estrat\u00e9gica Sist\u00eamica com a realiza\u00e7\u00e3o do I Workshop para a m\u00e9dia gest\u00e3o com o tema: Gest\u00e3o Estrat\u00e9gica na Secretaria [&hellip;]<\/p>\n","protected":false},"author":24,"featured_media":463153,"comment_status":"closed","ping_status":"open","sticky":false,"template":"","format":"standard","meta":{"footnotes":""},"categories":[3],"tags":[163],"class_list":["post-463147","post","type-post","status-publish","format-standard","has-post-thumbnail","hentry","category-noticias","tag-escola-de-saude"],"rttpg_featured_image_url":{"full":["https:\/\/goias.gov.br\/saude\/wp-content\/uploads\/sites\/34\/2025\/08\/Sesg-1.jpeg",4160,3120,false],"landscape":["https:\/\/goias.gov.br\/saude\/wp-content\/uploads\/sites\/34\/2025\/08\/Sesg-1.jpeg",4160,3120,false],"portraits":["https:\/\/goias.gov.br\/saude\/wp-content\/uploads\/sites\/34\/2025\/08\/Sesg-1.jpeg",4160,3120,false],"thumbnail":["https:\/\/goias.gov.br\/saude\/wp-content\/uploads\/sites\/34\/2025\/08\/Sesg-1-150x150.jpeg",150,150,true],"medium":["https:\/\/goias.gov.br\/saude\/wp-content\/uploads\/sites\/34\/2025\/08\/Sesg-1-300x225.jpeg",300,225,true],"large":["https:\/\/goias.gov.br\/saude\/wp-content\/uploads\/sites\/34\/2025\/08\/Sesg-1-1024x768.jpeg",1024,768,true],"1536x1536":["https:\/\/goias.gov.br\/saude\/wp-content\/uploads\/sites\/34\/2025\/08\/Sesg-1-1536x1152.jpeg",1536,1152,true],"2048x2048":["https:\/\/goias.gov.br\/saude\/wp-content\/uploads\/sites\/34\/2025\/08\/Sesg-1-2048x1536.jpeg",2048,1536,true]},"rttpg_author":{"display_name":"karinesantos","author_link":"https:\/\/goias.gov.br\/saude\/author\/karinesantos\/"},"rttpg_comment":0,"rttpg_category":"<a href=\"https:\/\/goias.gov.br\/saude\/categoria\/noticias\/\" rel=\"category tag\">Not\u00edcias<\/a>","rttpg_excerpt":"Objetivo \u00e9 desenvolver lideran\u00e7as, fortalecendo a cultura organizacional e aprimorando a gest\u00e3o na sa\u00fade p\u00fablica estadual A Superintend\u00eancia da Escola de Sa\u00fade de Goi\u00e1s (Sesg) iniciou, nesta segunda-feira (11\/08), uma nova fase do Programa de Lideran\u00e7a Estrat\u00e9gica Sist\u00eamica com a realiza\u00e7\u00e3o do I Workshop para a m\u00e9dia gest\u00e3o com o tema: Gest\u00e3o Estrat\u00e9gica na Secretaria&hellip;","_links":{"self":[{"href":"https:\/\/goias.gov.br\/saude\/wp-json\/wp\/v2\/posts\/463147","targetHints":{"allow":["GET"]}}],"collection":[{"href":"https:\/\/goias.gov.br\/saude\/wp-json\/wp\/v2\/posts"}],"about":[{"href":"https:\/\/goias.gov.br\/saude\/wp-json\/wp\/v2\/types\/post"}],"author":[{"embeddable":true,"href":"https:\/\/goias.gov.br\/saude\/wp-json\/wp\/v2\/users\/24"}],"replies":[{"embeddable":true,"href":"https:\/\/goias.gov.br\/saude\/wp-json\/wp\/v2\/comments?post=463147"}],"version-history":[{"count":1,"href":"https:\/\/goias.gov.br\/saude\/wp-json\/wp\/v2\/posts\/463147\/revisions"}],"predecessor-version":[{"id":463176,"href":"https:\/\/goias.gov.br\/saude\/wp-json\/wp\/v2\/posts\/463147\/revisions\/463176"}],"wp:featuredmedia":[{"embeddable":true,"href":"https:\/\/goias.gov.br\/saude\/wp-json\/wp\/v2\/media\/463153"}],"wp:attachment":[{"href":"https:\/\/goias.gov.br\/saude\/wp-json\/wp\/v2\/media?parent=463147"}],"wp:term":[{"taxonomy":"category","embeddable":true,"href":"https:\/\/goias.gov.br\/saude\/wp-json\/wp\/v2\/categories?post=463147"},{"taxonomy":"post_tag","embeddable":true,"href":"https:\/\/goias.gov.br\/saude\/wp-json\/wp\/v2\/tags?post=463147"}],"curies":[{"name":"wp","href":"https:\/\/api.w.org\/{rel}","templated":true}]}}