

{"id":4616,"date":"2016-01-11T15:39:37","date_gmt":"2016-01-11T17:39:37","guid":{"rendered":"https:\/\/siteshom.goias.gov.br\/saude\/goias-contra-o-aedes-forca-tarefa-ja-visitou-67-municipios-na-primeira-semana-do-ano\/"},"modified":"2016-01-11T15:39:37","modified_gmt":"2016-01-11T17:39:37","slug":"goias-contra-o-aedes-forca-tarefa-ja-visitou-67-municipios-na-primeira-semana-do-ano","status":"publish","type":"post","link":"https:\/\/goias.gov.br\/saude\/goias-contra-o-aedes-forca-tarefa-ja-visitou-67-municipios-na-primeira-semana-do-ano\/","title":{"rendered":"Goi\u00e1s Contra o Aedes For\u00e7a- tarefa j\u00e1 visitou 67 munic\u00edpios na primeira semana do ano"},"content":{"rendered":"<p><h6><\/h6>\n<\/p>\n<div class=\"tx cl\">\n<p><p align=\"center\"><em>Cerca de 90 mil resid\u00eancias foram vistoriadas, com a identifica\u00e7\u00e3o de\u00a02661 im\u00f3veis com\u00a0focos do mosquito\u00a0Aedes aegypti<\/em><\/p>\n<\/p>\n<p>O balan\u00e7o da primeira semana das a\u00e7\u00f5es do movimento\u00a0<em>Goi\u00e1s contra o Aedes<\/em>\u00a0em 2016 foi positivo, de acordo com o relat\u00f3rio apresentado na manh\u00e3 desta segunda-feira, 11, por superintendentes e gestores da Secretaria de Estado da Sa\u00fade (SES). Nos dias 6 e 8 de janeiro, datas agendadas como Dia D das a\u00e7\u00f5es, houve for\u00e7a tarefa em 67 munic\u00edpios, com a visita em aproximadamente 89.982 resid\u00eancias. No total foram encontradas 2661 im\u00f3veis com\u00a0focos do mosquito\u00a0<em>Aedes aegypti<\/em>, 24.817 resid\u00eancias fechadas e 182 recusas de moradores que n\u00e3o permitiram a entrada nas casas.<\/p>\n<p>A For\u00e7a-tarefa, que tem a parceria com o Corpo de Bombeiro Militar (CBM), \u00e9 in\u00e9dita no pa\u00eds e busca erradicar em Goi\u00e1s o mosquito transmissor da zika, dengue, febre amarela e chikungunya. A meta \u00e9 visitar 3 milh\u00f5es 120 mil domic\u00edlios em todo o Estado, at\u00e9 31 de janeiro, e repetir o trabalho nos meses de fevereiro, abril e junho.<\/p>\n<p>\u201cAs pessoas est\u00e3o entendendo que temos um grande desafio que \u00e9 eliminar o\u00a0<em>Aedes<\/em>\u00a0do territ\u00f3rio goiano. Tanto que essa primeira semana foi muito positiva, com a ades\u00e3o dos atores p\u00fablicos, dos profissionais que atuam diretamente no combate e da sociedade\u201d, observou o superintendente Executivo da SES, Halim Girade.<\/p>\n<p>No relat\u00f3rio foi identificado, como ponto positivo, equipes motivadas, com a participa\u00e7\u00e3o significativa de volunt\u00e1rios; boa prepara\u00e7\u00e3o para as mobiliza\u00e7\u00f5es, com reuni\u00e3o entre membros das regionais de sa\u00fade, munic\u00edpios e profissionais e a integra\u00e7\u00e3o entre os Agentes de Combate as Endemias (ACE) e Comunit\u00e1rios de Sa\u00fade (ACS). A participa\u00e7\u00e3o do Corpo de Bombeiros Militar tamb\u00e9m \u00e9 repons\u00e1vel pela log\u00edstica, apoio operacional e monitoramento das a\u00e7\u00f5es. O CBM, pela sua aceita\u00e7\u00e3o social, contribui para sensibilizar o morador.<\/p>\n<p>Foi citado ainda que o envolvimento dos prefeitos \u00e9 decisivo para o sucesso das atividades. \u201cQuando eles se mobilizam, disponibilizando alimenta\u00e7\u00e3o, roupas, maquin\u00e1rio e tamb\u00e9m fazem uma ampla divulga\u00e7\u00e3o com a comunidade, se percebe um maior \u00eaxito das a\u00e7\u00f5es\u201d, comenta Murilo do Carmo, coordenador estadual do controle de dengue.<\/p>\n<p><strong>Im\u00f3veis Fechados<\/strong><\/p>\n<p>Entre as dificuldades encontradas est\u00e3o o quantitativo elevado de im\u00f3veis fechados, resist\u00eancia dos ACS em alguns munic\u00edpios, n\u00famero insuficiente de agentes em algumas cidades, alto n\u00famero de idosos que vivem sem companhia e n\u00e3o fazem o trabalho de preven\u00e7\u00e3o e a grande quantidade de lixo nas casas e terrenos baldios, entre outros.<\/p>\n<\/div>\n<div class=\"socialshare cl\">\n<p><div class=\"compartilhar_email\"><\/div>\n<\/p>\n<p><div class=\"imprimir\"><\/div>\n<\/p>\n<p><span class=\"st_facebook_hcount\"><span class=\"stButton\"><span class=\"stMainServices st-facebook-counter\">\u00a0<\/span><span class=\"stArrow\"><span class=\"stButton_gradient stHBubble\"><span class=\"stBubble_hcount\">0<\/span><\/span><\/span><\/span><\/span><span class=\"st_twitter_hcount\"><span class=\"stButton\"><span class=\"stMainServices st-twitter-counter\">\u00a0<\/span><span class=\"stArrow\"><span class=\"stButton_gradient stHBubble\"><span class=\"stBubble_hcount\">0<\/span><\/span><\/span><\/span><\/span><\/div><\/p>\n","protected":false},"excerpt":{"rendered":"<p>Cerca de 90 mil resid\u00eancias foram vistoriadas, com a identifica\u00e7\u00e3o de\u00a02661 im\u00f3veis com\u00a0focos do mosquito\u00a0Aedes aegypti O balan\u00e7o da primeira semana das a\u00e7\u00f5es do movimento\u00a0Goi\u00e1s contra o Aedes\u00a0em 2016 foi positivo, de acordo com o relat\u00f3rio apresentado na manh\u00e3 desta segunda-feira, 11, por superintendentes e gestores da Secretaria de Estado da Sa\u00fade (SES). Nos dias [&hellip;]<\/p>\n","protected":false},"author":46,"featured_media":0,"comment_status":"closed","ping_status":"open","sticky":false,"template":"","format":"standard","meta":{"footnotes":""},"categories":[3],"tags":[],"class_list":["post-4616","post","type-post","status-publish","format-standard","hentry","category-noticias"],"rttpg_featured_image_url":null,"rttpg_author":{"display_name":"cleybetsls","author_link":"https:\/\/goias.gov.br\/saude\/author\/cleybetsls\/"},"rttpg_comment":0,"rttpg_category":"<a href=\"https:\/\/goias.gov.br\/saude\/categoria\/noticias\/\" rel=\"category tag\">Not\u00edcias<\/a>","rttpg_excerpt":"Cerca de 90 mil resid\u00eancias foram vistoriadas, com a identifica\u00e7\u00e3o de\u00a02661 im\u00f3veis com\u00a0focos do mosquito\u00a0Aedes aegypti O balan\u00e7o da primeira semana das a\u00e7\u00f5es do movimento\u00a0Goi\u00e1s contra o Aedes\u00a0em 2016 foi positivo, de acordo com o relat\u00f3rio apresentado na manh\u00e3 desta segunda-feira, 11, por superintendentes e gestores da Secretaria de Estado da Sa\u00fade (SES). Nos dias&hellip;","_links":{"self":[{"href":"https:\/\/goias.gov.br\/saude\/wp-json\/wp\/v2\/posts\/4616","targetHints":{"allow":["GET"]}}],"collection":[{"href":"https:\/\/goias.gov.br\/saude\/wp-json\/wp\/v2\/posts"}],"about":[{"href":"https:\/\/goias.gov.br\/saude\/wp-json\/wp\/v2\/types\/post"}],"author":[{"embeddable":true,"href":"https:\/\/goias.gov.br\/saude\/wp-json\/wp\/v2\/users\/46"}],"replies":[{"embeddable":true,"href":"https:\/\/goias.gov.br\/saude\/wp-json\/wp\/v2\/comments?post=4616"}],"version-history":[{"count":0,"href":"https:\/\/goias.gov.br\/saude\/wp-json\/wp\/v2\/posts\/4616\/revisions"}],"wp:attachment":[{"href":"https:\/\/goias.gov.br\/saude\/wp-json\/wp\/v2\/media?parent=4616"}],"wp:term":[{"taxonomy":"category","embeddable":true,"href":"https:\/\/goias.gov.br\/saude\/wp-json\/wp\/v2\/categories?post=4616"},{"taxonomy":"post_tag","embeddable":true,"href":"https:\/\/goias.gov.br\/saude\/wp-json\/wp\/v2\/tags?post=4616"}],"curies":[{"name":"wp","href":"https:\/\/api.w.org\/{rel}","templated":true}]}}