

{"id":4613,"date":"2016-01-11T15:41:44","date_gmt":"2016-01-11T17:41:44","guid":{"rendered":"https:\/\/siteshom.goias.gov.br\/saude\/ministerio-da-saude-lanca-edital-de-reposicao-para-profissionais-brasileiros\/"},"modified":"2016-01-11T15:41:44","modified_gmt":"2016-01-11T17:41:44","slug":"ministerio-da-saude-lanca-edital-de-reposicao-para-profissionais-brasileiros","status":"publish","type":"post","link":"https:\/\/goias.gov.br\/saude\/ministerio-da-saude-lanca-edital-de-reposicao-para-profissionais-brasileiros\/","title":{"rendered":"Minist\u00e9rio da Sa\u00fade lan\u00e7a edital de reposi\u00e7\u00e3o para profissionais brasileiros"},"content":{"rendered":"<p><h6><\/h6>\n<\/p>\n<div class=\"tx cl\">\n<p><em>Inscri\u00e7\u00f5es para os m\u00e9dicos come\u00e7am nesta ter\u00e7a-feira (12) e os candidatos poder\u00e3o escolher entre os benef\u00edcios do Mais M\u00e9dicos ou 10% nas provas de resid\u00eancia do pa\u00eds<\/em><\/p>\n<p>Os m\u00e9dicos brasileiros interessados em participar do Programa Mais M\u00e9dicos t\u00eam uma nova oportunidade. O Minist\u00e9rio da Sa\u00fade publicou nesta segunda-feira (11\/1) o novo edital para reposi\u00e7\u00e3o das vagas desocupadas desde o \u00faltimo processo de sele\u00e7\u00e3o, realizado em outubro, al\u00e9m dos postos que ser\u00e3o abertos pelos profissionais que poder\u00e3o deixar o Programa ap\u00f3s concluir o prazo de um ano de participa\u00e7\u00e3o &#8211; aqueles que optaram pela pontua\u00e7\u00e3o nas provas de resid\u00eancia. Os m\u00e9dicos podem se inscrever na sele\u00e7\u00e3o entre os dias 12 a 15 deste m\u00eas.<\/p>\n<p>\u201cEsse edital de reposi\u00e7\u00e3o tem uma especificidade comparado aos demais, pois est\u00e1 sendo conclu\u00eddo o tempo de atua\u00e7\u00e3o de v\u00e1rios m\u00e9dicos que optaram pela modalidade da bonifica\u00e7\u00e3o de 10% no ano passado. Como esses m\u00e9dicos tinham a inten\u00e7\u00e3o de passar um ano no Programa, e agora \u00e9 justamente o per\u00edodo de eles apresentarem essa bonifica\u00e7\u00e3o nos concursos de resid\u00eancia m\u00e9dica, essas vagas devem ficar ociosas e ser\u00e3o abertas para reposi\u00e7\u00e3o. Em fun\u00e7\u00e3o disso, possivelmente, n\u00f3s teremos uma quantidade maior de vagas neste edital do que nos tr\u00eas anteriores\u201d, explica o secret\u00e1rio de Gest\u00e3o do Trabalho e Educa\u00e7\u00e3o em Sa\u00fade, H\u00eaider Pinto.<\/p>\n<p>As informa\u00e7\u00f5es, o formul\u00e1rio de ades\u00e3o e o edital com os crit\u00e9rios de participa\u00e7\u00e3o podem ser acessados pelo endere\u00e7o https:\/\/maismedicos.gov.br\/. Caso todas as vagas n\u00e3o sejam preenchidas nas duas chamadas para os m\u00e9dicos com CRM Brasil, o edital ser\u00e1 aberto aos brasileiros que se formaram no exterior e, em seguida, aos profissionais estrangeiros.<\/p>\n<p>A lista com as cidades com vagas abertas pela desist\u00eancia de profissionais do Programa ser\u00e1 publicada no dia 25 de janeiro. Os candidatos inscritos poder\u00e3o escolher os munic\u00edpios entre 25 e 27 de janeiro. A previs\u00e3o \u00e9 que os profissionais selecionados na primeira chamada iniciem as atividades em fevereiro.<\/p>\n<p>No momento da sele\u00e7\u00e3o, os novos candidatos dever\u00e3o escolher entre o direito de concorrer a pontua\u00e7\u00e3o adicional de 10% nas provas de resid\u00eancia ou permanecer no munic\u00edpio por at\u00e9 tr\u00eas anos. Os profissionais disputam somente com aqueles que optarem pelas mesmas cidades e, quem n\u00e3o conseguir aloca\u00e7\u00e3o, ter\u00e1 acesso \u00e0s vagas remanescentes em outra oportunidade (em fevereiro).<\/p>\n<p>Os munic\u00edpios tamb\u00e9m devem aderir ao edital a partir desta ter\u00e7a-feira (12) e confirmar, at\u00e9 o dia 15 de janeiro, se est\u00e1 mantida a necessidade dessas vagas. A previs\u00e3o \u00e9 que este chamamento tenha a maior quantidade de vagas desde que foi implementado pelo Minist\u00e9rio da Sa\u00fade, em 2015, os editais trimestrais de reposi\u00e7\u00e3o do Programa.<\/p>\n<p>Para os profissionais que optaram pelas 10% nas provas de resid\u00eancia em janeiro de 2015 e est\u00e3o encerrando a participa\u00e7\u00e3o, o edital prev\u00ea a op\u00e7\u00e3o de continuar no Mais M\u00e9dicos por mais tr\u00eas anos, desde que continuem no mesmo munic\u00edpio em que j\u00e1 atuam. O per\u00edodo para que esses m\u00e9dicos confirmem a perman\u00eancia no Programa tamb\u00e9m ser\u00e1 de 12 a 15 de janeiro.<\/p>\n<p><strong>REPOSI\u00c7\u00c3O<\/strong>\u00a0\u2013 O Minist\u00e9rio da Sa\u00fade garante a reposi\u00e7\u00e3o constante de todas as desist\u00eancias, por meio de editais trimestrais para preenchimento dessas vagas. No primeiro edital de reposi\u00e7\u00e3o, lan\u00e7ado em julho de 2015, foram ofertadas 276 vagas, e no segundo, em outubro, 326. Todas as vagas foram ocupadas por m\u00e9dicos com CRM Brasil.<\/p>\n<p>No primeiro chamamento de 2015, os m\u00e9dicos brasileiros ou brasileiros graduados no exterior preencheram todas as 4.139 oportunidades oferecidas. Com a expans\u00e3o, o programa conta com 18.240 m\u00e9dicos em 4.058 munic\u00edpios e 34 Distritos Sanit\u00e1rios Especiais Ind\u00edgenas (DSEI), levando assist\u00eancia para cerca de 63 milh\u00f5es de pessoas.<\/p>\n<p><strong>SOBRE O PROGRAMA<\/strong>\u00a0\u2013 Criado em 2013, o Programa Mais M\u00e9dicos ampliou \u00e0 assist\u00eancia na Aten\u00e7\u00e3o B\u00e1sica fixando m\u00e9dicos nas regi\u00f5es com car\u00eancia de profissionais. Al\u00e9m do provimento emergencial de m\u00e9dicos, a iniciativa prev\u00ea a\u00e7\u00f5es voltadas \u00e0 infraestrutura e expans\u00e3o da forma\u00e7\u00e3o m\u00e9dica no pa\u00eds.<\/p>\n<p>No eixo de infraestrutura, o governo federal est\u00e1 investindo na expans\u00e3o da rede de sa\u00fade. S\u00e3o mais de R$ 5 bilh\u00f5es para o financiamento de constru\u00e7\u00f5es, amplia\u00e7\u00f5es e reformas de 26 mil Unidades B\u00e1sicas de Sa\u00fade (UBS).<\/p>\n<p>J\u00e1 as medidas relativas \u00e0 expans\u00e3o e reestrutura\u00e7\u00e3o da forma\u00e7\u00e3o m\u00e9dica no pa\u00eds, que comp\u00f5em o terceiro eixo do programa, preveem a cria\u00e7\u00e3o, at\u00e9 2017, de 11,5 mil novas vagas de gradua\u00e7\u00e3o em medicina e 12,4 mil vagas de resid\u00eancia m\u00e9dica para forma\u00e7\u00e3o de especialistas com o foco na valoriza\u00e7\u00e3o da Aten\u00e7\u00e3o B\u00e1sica e outras \u00e1reas priorit\u00e1rias para o SUS. Destas, j\u00e1 foram autorizadas 5.849 vagas de gradua\u00e7\u00e3o e 7.782 vagas de resid\u00eancia.<\/p>\n<p><strong>Fonte: Ag\u00eancia Sa\u00fade<\/strong><\/p>\n<\/div>\n","protected":false},"excerpt":{"rendered":"<p>Inscri\u00e7\u00f5es para os m\u00e9dicos come\u00e7am nesta ter\u00e7a-feira (12) e os candidatos poder\u00e3o escolher entre os benef\u00edcios do Mais M\u00e9dicos ou 10% nas provas de resid\u00eancia do pa\u00eds Os m\u00e9dicos brasileiros interessados em participar do Programa Mais M\u00e9dicos t\u00eam uma nova oportunidade. O Minist\u00e9rio da Sa\u00fade publicou nesta segunda-feira (11\/1) o novo edital para reposi\u00e7\u00e3o das [&hellip;]<\/p>\n","protected":false},"author":46,"featured_media":0,"comment_status":"closed","ping_status":"open","sticky":false,"template":"","format":"standard","meta":{"footnotes":""},"categories":[3],"tags":[],"class_list":["post-4613","post","type-post","status-publish","format-standard","hentry","category-noticias"],"rttpg_featured_image_url":null,"rttpg_author":{"display_name":"cleybetsls","author_link":"https:\/\/goias.gov.br\/saude\/author\/cleybetsls\/"},"rttpg_comment":0,"rttpg_category":"<a href=\"https:\/\/goias.gov.br\/saude\/categoria\/noticias\/\" rel=\"category tag\">Not\u00edcias<\/a>","rttpg_excerpt":"Inscri\u00e7\u00f5es para os m\u00e9dicos come\u00e7am nesta ter\u00e7a-feira (12) e os candidatos poder\u00e3o escolher entre os benef\u00edcios do Mais M\u00e9dicos ou 10% nas provas de resid\u00eancia do pa\u00eds Os m\u00e9dicos brasileiros interessados em participar do Programa Mais M\u00e9dicos t\u00eam uma nova oportunidade. O Minist\u00e9rio da Sa\u00fade publicou nesta segunda-feira (11\/1) o novo edital para reposi\u00e7\u00e3o das&hellip;","_links":{"self":[{"href":"https:\/\/goias.gov.br\/saude\/wp-json\/wp\/v2\/posts\/4613","targetHints":{"allow":["GET"]}}],"collection":[{"href":"https:\/\/goias.gov.br\/saude\/wp-json\/wp\/v2\/posts"}],"about":[{"href":"https:\/\/goias.gov.br\/saude\/wp-json\/wp\/v2\/types\/post"}],"author":[{"embeddable":true,"href":"https:\/\/goias.gov.br\/saude\/wp-json\/wp\/v2\/users\/46"}],"replies":[{"embeddable":true,"href":"https:\/\/goias.gov.br\/saude\/wp-json\/wp\/v2\/comments?post=4613"}],"version-history":[{"count":0,"href":"https:\/\/goias.gov.br\/saude\/wp-json\/wp\/v2\/posts\/4613\/revisions"}],"wp:attachment":[{"href":"https:\/\/goias.gov.br\/saude\/wp-json\/wp\/v2\/media?parent=4613"}],"wp:term":[{"taxonomy":"category","embeddable":true,"href":"https:\/\/goias.gov.br\/saude\/wp-json\/wp\/v2\/categories?post=4613"},{"taxonomy":"post_tag","embeddable":true,"href":"https:\/\/goias.gov.br\/saude\/wp-json\/wp\/v2\/tags?post=4613"}],"curies":[{"name":"wp","href":"https:\/\/api.w.org\/{rel}","templated":true}]}}