

{"id":459779,"date":"2025-08-07T10:00:00","date_gmt":"2025-08-07T13:00:00","guid":{"rendered":"https:\/\/goias.gov.br\/saude\/?p=459779"},"modified":"2025-08-07T10:48:06","modified_gmt":"2025-08-07T13:48:06","slug":"hef-realiza-10a-captacao-de-orgaos-e-transforma-solidariedade-em-esperanca","status":"publish","type":"post","link":"https:\/\/goias.gov.br\/saude\/hef-realiza-10a-captacao-de-orgaos-e-transforma-solidariedade-em-esperanca\/","title":{"rendered":"HEF realiza 10\u00aa capta\u00e7\u00e3o de \u00f3rg\u00e3os e transforma solidariedade em esperan\u00e7a"},"content":{"rendered":"\n<p class=\"has-text-align-center\"><strong>Procedimento ocorre uma semana ap\u00f3s nona capta\u00e7\u00e3o, refletindo preparo da equipe da unidade do Governo de Goi\u00e1s em Formosa e sensibiliza\u00e7\u00e3o da comunidade sobre import\u00e2ncia da doa\u00e7\u00e3o<\/strong><\/p>\n\n\n\n<!--more-->\n\n\n\n<figure class=\"wp-block-image size-large\"><img fetchpriority=\"high\" decoding=\"async\" width=\"1024\" height=\"681\" src=\"https:\/\/goias.gov.br\/saude\/wp-content\/uploads\/sites\/34\/2025\/08\/070825-hef-captacao-de-orgaos-1024x681.jpg\" alt=\"\" class=\"wp-image-459815\" srcset=\"https:\/\/goias.gov.br\/saude\/wp-content\/uploads\/sites\/34\/2025\/08\/070825-hef-captacao-de-orgaos-1024x681.jpg 1024w, https:\/\/goias.gov.br\/saude\/wp-content\/uploads\/sites\/34\/2025\/08\/070825-hef-captacao-de-orgaos-300x199.jpg 300w, https:\/\/goias.gov.br\/saude\/wp-content\/uploads\/sites\/34\/2025\/08\/070825-hef-captacao-de-orgaos-768x511.jpg 768w, https:\/\/goias.gov.br\/saude\/wp-content\/uploads\/sites\/34\/2025\/08\/070825-hef-captacao-de-orgaos-1536x1021.jpg 1536w, https:\/\/goias.gov.br\/saude\/wp-content\/uploads\/sites\/34\/2025\/08\/070825-hef-captacao-de-orgaos-2048x1362.jpg 2048w\" sizes=\"(max-width: 1024px) 100vw, 1024px\" \/><figcaption class=\"wp-element-caption\"><em>Equipe multiprofissional do HEF durante procedimento: \u00e9tica, empatia, respeito e esperan\u00e7a<\/em><\/figcaption><\/figure>\n\n\n\n<p>O Hospital Estadual de Formosa (HEF) realizou, na quarta-feira (6\/8), sua d\u00e9cima capta\u00e7\u00e3o de \u00f3rg\u00e3os. Esse \u00e9 o quarto procedimento do tipo realizado em 2025, e ocorreu apenas sete dias ap\u00f3s a nona capta\u00e7\u00e3o, evidenciando o preparo da unidade do Governo de Goi\u00e1s gerida pelo Instituto de Medicina, Estudos e Desenvolvimento (IMED) e a conscientiza\u00e7\u00e3o da popula\u00e7\u00e3o sobre a import\u00e2ncia desse ato de solidariedade.<br><br>A doa\u00e7\u00e3o foi autorizada pela fam\u00edlia de um paciente de 55 anos, ap\u00f3s a confirma\u00e7\u00e3o da morte encef\u00e1lica, conforme os crit\u00e9rios m\u00e9dicos e legais. Com a permiss\u00e3o, os rins foram captados e enviados \u00e0 Ger\u00eancia Estadual de Transplantes, de onde seguiram para S\u00e3o Paulo, beneficiando pacientes que aguardam na fila de espera por um transplante.<br><br>A capta\u00e7\u00e3o foi conduzida pela Comiss\u00e3o Intra-Hospitalar de Doa\u00e7\u00e3o de \u00d3rg\u00e3os e Tecidos para Transplante (Cihdott), respons\u00e1vel por acompanhar todo o processo, desde a confirma\u00e7\u00e3o da morte encef\u00e1lica at\u00e9 o apoio prestado \u00e0 fam\u00edlia. O trabalho da comiss\u00e3o \u00e9 pautado pela escuta ativa, pelo acolhimento e pelo respeito \u00e0 dor do momento, garantindo que todas as informa\u00e7\u00f5es sejam repassadas com sensibilidade e clareza.<br><br>O envolvimento de uma equipe multiprofissional, formada por m\u00e9dicos, enfermeiros, psic\u00f3logos, fisioterapeutas, assistentes sociais e demais profissionais, \u00e9 essencial para oferecer apoio emocional e seguran\u00e7a \u00e0 fam\u00edlia, transformando a dor da perda em um ato de solidariedade que pode salvar vidas.<br><br><strong>Compromisso <\/strong><br>Com dez capta\u00e7\u00f5es de m\u00faltiplos \u00f3rg\u00e3os realizados, tr\u00eas somente no m\u00eas de julho, o HEF reafirma sua atua\u00e7\u00e3o \u00e9tica, t\u00e9cnica e humanizada. Cada procedimento representa n\u00e3o apenas uma nova chance de vida para pacientes em situa\u00e7\u00e3o cr\u00edtica, mas tamb\u00e9m reflete o comprometimento da equipe e a confian\u00e7a da comunidade na institui\u00e7\u00e3o.<br><br>Para a diretora do hospital, Bruna Mundim, o ato de doar representa muito mais do que um procedimento m\u00e9dico, \u00e9 um gesto de humanidade que salva vidas. \u201cCada doa\u00e7\u00e3o \u00e9 um ato de profunda solidariedade, que pode transformar a dor em esperan\u00e7a para quem aguarda por um transplante&#8221;, definiu a m\u00e9dica. <\/p>\n\n\n\n<p>&#8220;No HEF, tratamos cada capta\u00e7\u00e3o com m\u00e1xima responsabilidade, acolhendo as fam\u00edlias com empatia e conduzindo todo o processo com respeito e sensibilidade. Esses n\u00fameros refletem o empenho di\u00e1rio da nossa equipe e a confian\u00e7a da popula\u00e7\u00e3o em nosso trabalho. Nosso maior compromisso \u00e9 com a vida e com o fortalecimento da cultura da doa\u00e7\u00e3o em nossa comunidade\u201d, destaca Bruna.<br><br><strong>Desejo de doar<\/strong><br>A autoriza\u00e7\u00e3o familiar \u00e9 requisito indispens\u00e1vel para que a doa\u00e7\u00e3o de \u00f3rg\u00e3os e tecidos possa ser realizada. Por isso, \u00e9 fundamental que cada pessoa manifeste seu desejo de ser doadora ainda em vida e compartilhe essa decis\u00e3o com seus familiares. Um gesto simples de empatia e responsabilidade que pode transformar muitas hist\u00f3rias e oferecer esperan\u00e7a a quem mais precisa.<\/p>\n\n\n\n<p>Braz Silva (texto e foto)\/Imed<\/p>\n","protected":false},"excerpt":{"rendered":"<p>Procedimento ocorre apenas uma semana ap\u00f3s a nona capta\u00e7\u00e3o, refletindo preparo da equipe e sensibiliza\u00e7\u00e3o da comunidade sobre a import\u00e2ncia da doa\u00e7\u00e3o<\/p>\n","protected":false},"author":165,"featured_media":459815,"comment_status":"closed","ping_status":"open","sticky":false,"template":"","format":"standard","meta":{"footnotes":""},"categories":[3],"tags":[228],"class_list":["post-459779","post","type-post","status-publish","format-standard","has-post-thumbnail","hentry","category-noticias","tag-doacao-de-orgaos"],"rttpg_featured_image_url":{"full":["https:\/\/goias.gov.br\/saude\/wp-content\/uploads\/sites\/34\/2025\/08\/070825-hef-captacao-de-orgaos.jpg",2560,1702,false],"landscape":["https:\/\/goias.gov.br\/saude\/wp-content\/uploads\/sites\/34\/2025\/08\/070825-hef-captacao-de-orgaos.jpg",2560,1702,false],"portraits":["https:\/\/goias.gov.br\/saude\/wp-content\/uploads\/sites\/34\/2025\/08\/070825-hef-captacao-de-orgaos.jpg",2560,1702,false],"thumbnail":["https:\/\/goias.gov.br\/saude\/wp-content\/uploads\/sites\/34\/2025\/08\/070825-hef-captacao-de-orgaos-150x150.jpg",150,150,true],"medium":["https:\/\/goias.gov.br\/saude\/wp-content\/uploads\/sites\/34\/2025\/08\/070825-hef-captacao-de-orgaos-300x199.jpg",300,199,true],"large":["https:\/\/goias.gov.br\/saude\/wp-content\/uploads\/sites\/34\/2025\/08\/070825-hef-captacao-de-orgaos-1024x681.jpg",1024,681,true],"1536x1536":["https:\/\/goias.gov.br\/saude\/wp-content\/uploads\/sites\/34\/2025\/08\/070825-hef-captacao-de-orgaos-1536x1021.jpg",1536,1021,true],"2048x2048":["https:\/\/goias.gov.br\/saude\/wp-content\/uploads\/sites\/34\/2025\/08\/070825-hef-captacao-de-orgaos-2048x1362.jpg",2048,1362,true]},"rttpg_author":{"display_name":"ricardocruz","author_link":"https:\/\/goias.gov.br\/saude\/author\/ricardocruz\/"},"rttpg_comment":0,"rttpg_category":"<a href=\"https:\/\/goias.gov.br\/saude\/categoria\/noticias\/\" rel=\"category tag\">Not\u00edcias<\/a>","rttpg_excerpt":"Procedimento ocorre apenas uma semana ap\u00f3s a nona capta\u00e7\u00e3o, refletindo preparo da equipe e sensibiliza\u00e7\u00e3o da comunidade sobre a import\u00e2ncia da doa\u00e7\u00e3o","_links":{"self":[{"href":"https:\/\/goias.gov.br\/saude\/wp-json\/wp\/v2\/posts\/459779","targetHints":{"allow":["GET"]}}],"collection":[{"href":"https:\/\/goias.gov.br\/saude\/wp-json\/wp\/v2\/posts"}],"about":[{"href":"https:\/\/goias.gov.br\/saude\/wp-json\/wp\/v2\/types\/post"}],"author":[{"embeddable":true,"href":"https:\/\/goias.gov.br\/saude\/wp-json\/wp\/v2\/users\/165"}],"replies":[{"embeddable":true,"href":"https:\/\/goias.gov.br\/saude\/wp-json\/wp\/v2\/comments?post=459779"}],"version-history":[{"count":2,"href":"https:\/\/goias.gov.br\/saude\/wp-json\/wp\/v2\/posts\/459779\/revisions"}],"predecessor-version":[{"id":459877,"href":"https:\/\/goias.gov.br\/saude\/wp-json\/wp\/v2\/posts\/459779\/revisions\/459877"}],"wp:featuredmedia":[{"embeddable":true,"href":"https:\/\/goias.gov.br\/saude\/wp-json\/wp\/v2\/media\/459815"}],"wp:attachment":[{"href":"https:\/\/goias.gov.br\/saude\/wp-json\/wp\/v2\/media?parent=459779"}],"wp:term":[{"taxonomy":"category","embeddable":true,"href":"https:\/\/goias.gov.br\/saude\/wp-json\/wp\/v2\/categories?post=459779"},{"taxonomy":"post_tag","embeddable":true,"href":"https:\/\/goias.gov.br\/saude\/wp-json\/wp\/v2\/tags?post=459779"}],"curies":[{"name":"wp","href":"https:\/\/api.w.org\/{rel}","templated":true}]}}